{"id":57621,"date":"2023-02-14T18:57:00","date_gmt":"2023-02-15T00:57:00","guid":{"rendered":"https:\/\/interaccionnoticias.com.mx\/?p=57621"},"modified":"2023-02-14T18:57:05","modified_gmt":"2023-02-15T00:57:05","slug":"van-14-dias-de-la-desaparicion-de-estudiante-de-derecho-de-la-uagro","status":"publish","type":"post","link":"https:\/\/www.interaccionnoticias.com.mx\/?p=57621","title":{"rendered":"Van 14 d\u00edas de la desaparici\u00f3n de estudiante de Derecho de la UAGro"},"content":{"rendered":"\n<p><strong><em>&#8212; Karen Melissa Pe\u00f1aloza, estudiante de la facultad de Derecho es buscada bajo el protocolo Alba<\/em><\/strong><\/p>\n\n\n\n<p><strong>Eduardo Yener Santos \/ Chilpancingo 14 de febrero de 2023<\/strong><\/p>\n\n\n\n<p>Karen Melissa Pe\u00f1aloza Mart\u00ednez, de 20 a\u00f1os de edad cumpli\u00f3 14 d\u00edas desaparecida en Chilpancingo, hasta el momento se desconoce su paradero.<\/p>\n\n\n\n<p>Estudiante de la unidad acad\u00e9mica de Derecho en la Universidad Aut\u00f3noma de Guerrero (UAGro), Karen Melissa fue reportada como desaparecida el d\u00eda 31 de enero despu\u00e9s de abordar un taxi, en el poblado de Petaquillas.<\/p>\n\n\n\n<p>Las autoridades del Estado emitieron el protocolo Alba en el cual solicitan a la poblaci\u00f3n aporte informaci\u00f3n de la joven a los n\u00fameros 800 832 7692 y al 911.<\/p>\n\n\n\n<p>Originaria del municipio de Cuajinicuilapa, Karen radica en esta ciudad capital, donde estudia la licenciatura en Derecho de la UAGro.<\/p>\n\n\n\n<p>En estos 14 d\u00edas, la Uagro no ha emito alguna postura sobre la joven estudiante, tampoco se ha pronunciado para que las autoridades agilicen los trabajos de investigaci\u00f3n por Karen Melissa.<br>Hasta el momento se desconoce si la universidad se ha solidarizado con la familia.<\/p>\n\n\n\n<p>En la ficha de b\u00fasqueda del protocolo Alba, se lee que Karen Melissa Pe\u00f1aloza Mart\u00ednez es de complexi\u00f3n robusta, tez morena clara, ojos caf\u00e9 obscuro y una estatura de 1.55. Como se\u00f1as particulares, se indica que Karen tiene dos tatuajes, uno a la altura de las costillas, entre el est\u00f3mago y lo senos, el otro en la pierna derecha.<br><\/p>\n\n\n\n<figure class=\"wp-block-gallery columns-1 is-cropped wp-block-gallery-1 is-layout-flex wp-block-gallery-is-layout-flex\"><ul class=\"blocks-gallery-grid\"><li class=\"blocks-gallery-item\"><figure><img decoding=\"async\" src=\"data:image\/gif;base64,R0lGODlhAQABAIAAAAAAAP\/\/\/ywAAAAAAQABAAACAUwAOw==\" fifu-lazy=\"1\" fifu-data-sizes=\"auto\" fifu-data-srcset=\"https:\/\/i1.wp.com\/interaccionnoticias.com.mx\/wp-content\/uploads\/2023\/02\/IMG-20230214-WA0028-810x1024.jpg?ssl=1&w=75&resize=75&ssl=1 75w, https:\/\/i1.wp.com\/interaccionnoticias.com.mx\/wp-content\/uploads\/2023\/02\/IMG-20230214-WA0028-810x1024.jpg?ssl=1&w=100&resize=100&ssl=1 100w, https:\/\/i1.wp.com\/interaccionnoticias.com.mx\/wp-content\/uploads\/2023\/02\/IMG-20230214-WA0028-810x1024.jpg?ssl=1&w=150&resize=150&ssl=1 150w, https:\/\/i1.wp.com\/interaccionnoticias.com.mx\/wp-content\/uploads\/2023\/02\/IMG-20230214-WA0028-810x1024.jpg?ssl=1&w=240&resize=240&ssl=1 240w, https:\/\/i1.wp.com\/interaccionnoticias.com.mx\/wp-content\/uploads\/2023\/02\/IMG-20230214-WA0028-810x1024.jpg?ssl=1&w=320&resize=320&ssl=1 320w, https:\/\/i1.wp.com\/interaccionnoticias.com.mx\/wp-content\/uploads\/2023\/02\/IMG-20230214-WA0028-810x1024.jpg?ssl=1&w=500&resize=500&ssl=1 500w, https:\/\/i1.wp.com\/interaccionnoticias.com.mx\/wp-content\/uploads\/2023\/02\/IMG-20230214-WA0028-810x1024.jpg?ssl=1&w=640&resize=640&ssl=1 640w, https:\/\/i1.wp.com\/interaccionnoticias.com.mx\/wp-content\/uploads\/2023\/02\/IMG-20230214-WA0028-810x1024.jpg?ssl=1&w=800&resize=800&ssl=1 800w, https:\/\/i1.wp.com\/interaccionnoticias.com.mx\/wp-content\/uploads\/2023\/02\/IMG-20230214-WA0028-810x1024.jpg?ssl=1&w=1024&resize=1024&ssl=1 1024w, https:\/\/i1.wp.com\/interaccionnoticias.com.mx\/wp-content\/uploads\/2023\/02\/IMG-20230214-WA0028-810x1024.jpg?ssl=1&w=1280&resize=1280&ssl=1 1280w, https:\/\/i1.wp.com\/interaccionnoticias.com.mx\/wp-content\/uploads\/2023\/02\/IMG-20230214-WA0028-810x1024.jpg?ssl=1&w=1600&resize=1600&ssl=1 1600w\" fifu-data-src=\"https:\/\/i1.wp.com\/interaccionnoticias.com.mx\/wp-content\/uploads\/2023\/02\/IMG-20230214-WA0028-810x1024.jpg?ssl=1\" alt=\"\" data-id=\"57622\" data-full-url=\"https:\/\/interaccionnoticias.com.mx\/wp-content\/uploads\/2023\/02\/IMG-20230214-WA0028.jpg\" data-link=\"https:\/\/interaccionnoticias.com.mx\/?attachment_id=57622\" class=\"wp-image-57622\"\/><\/figure><\/li><\/ul><\/figure>\n","protected":false},"excerpt":{"rendered":"<p>&#8212; Karen Melissa Pe\u00f1aloza, estudiante de la facultad de Derecho es buscada bajo el protocolo Alba Eduardo Yener Santos \/ Chilpancingo 14 de febrero de 2023 Karen Melissa Pe\u00f1aloza Mart\u00ednez,&hellip; <\/p>\n","protected":false},"author":31,"featured_media":57623,"comment_status":"open","ping_status":"open","sticky":false,"template":"","format":"standard","meta":{"fifu_image_url":"","fifu_image_alt":"","footnotes":""},"categories":[27],"tags":[],"class_list":["post-57621","post","type-post","status-publish","format-standard","has-post-thumbnail","hentry","category-seguridad-publica"],"_links":{"self":[{"href":"https:\/\/www.interaccionnoticias.com.mx\/index.php?rest_route=\/wp\/v2\/posts\/57621","targetHints":{"allow":["GET"]}}],"collection":[{"href":"https:\/\/www.interaccionnoticias.com.mx\/index.php?rest_route=\/wp\/v2\/posts"}],"about":[{"href":"https:\/\/www.interaccionnoticias.com.mx\/index.php?rest_route=\/wp\/v2\/types\/post"}],"author":[{"embeddable":true,"href":"https:\/\/www.interaccionnoticias.com.mx\/index.php?rest_route=\/wp\/v2\/users\/31"}],"replies":[{"embeddable":true,"href":"https:\/\/www.interaccionnoticias.com.mx\/index.php?rest_route=%2Fwp%2Fv2%2Fcomments&post=57621"}],"version-history":[{"count":1,"href":"https:\/\/www.interaccionnoticias.com.mx\/index.php?rest_route=\/wp\/v2\/posts\/57621\/revisions"}],"predecessor-version":[{"id":57624,"href":"https:\/\/www.interaccionnoticias.com.mx\/index.php?rest_route=\/wp\/v2\/posts\/57621\/revisions\/57624"}],"wp:featuredmedia":[{"embeddable":true,"href":"https:\/\/www.interaccionnoticias.com.mx\/index.php?rest_route=\/wp\/v2\/media\/57623"}],"wp:attachment":[{"href":"https:\/\/www.interaccionnoticias.com.mx\/index.php?rest_route=%2Fwp%2Fv2%2Fmedia&parent=57621"}],"wp:term":[{"taxonomy":"category","embeddable":true,"href":"https:\/\/www.interaccionnoticias.com.mx\/index.php?rest_route=%2Fwp%2Fv2%2Fcategories&post=57621"},{"taxonomy":"post_tag","embeddable":true,"href":"https:\/\/www.interaccionnoticias.com.mx\/index.php?rest_route=%2Fwp%2Fv2%2Ftags&post=57621"}],"curies":[{"name":"wp","href":"https:\/\/api.w.org\/{rel}","templated":true}]}}