{"id":57617,"date":"2023-02-14T18:44:02","date_gmt":"2023-02-15T00:44:02","guid":{"rendered":"https:\/\/interaccionnoticias.com.mx\/?p=57617"},"modified":"2023-02-14T18:44:06","modified_gmt":"2023-02-15T00:44:06","slug":"desde-hace-dos-dias-padres-de-familia-y-maestros-mantienen-cerrada-una-primaria-bilingue","status":"publish","type":"post","link":"https:\/\/www.interaccionnoticias.com.mx\/?p=57617","title":{"rendered":"Desde hace dos d\u00edas, padres de familia y maestros mantienen cerrada una primaria biling\u00fce"},"content":{"rendered":"\n<p><strong><em>&#8212; Exigen el env\u00edo de maestros y personal administrativo<\/em><\/strong><\/p>\n\n\n\n<p><strong>Eduardo Yener Santos \/ Chilpancingo 14 de febrero de 2023<\/strong><\/p>\n\n\n\n<p>Autoridades comunitarias de Buena Vista, municipio de San Luis Acatl\u00e1n, junto con padres de familia y maestros de la escuela primaria biling\u00fce Benito Ju\u00e1rez cumplieron dos d\u00edas de haber cerrado esa instituci\u00f3n en demanda de una reuni\u00f3n con autoridades educativas, piden el env\u00edo de maestros, personal administrativo y la construcci\u00f3n de aulas.<\/p>\n\n\n\n<p>La Asociaci\u00f3n de padres de familia de la escuela primaria biling\u00fce Benito Ju\u00e1rez, junto con autoridades comunitarias y docentes cerr\u00f3 la escuela este lunes y, enviaron a los medios de comunicaci\u00f3n el motivo de su protesta.<\/p>\n\n\n\n<p>Este martes han informado que los manifestantes continuaron su movimiento solo en guardia debido que la Secretar\u00eda General de Gobierno del estado les ha prometido una reuni\u00f3n para ma\u00f1ana mi\u00e9rcoles.<br>Los pobladores piden a la Secretar\u00eda de Educaci\u00f3n Guerrero (SEG) qie les asigne docentes para que ni\u00f1os de primero y tercer grado tengan clases, adem\u00e1s solicitan personal administrativo para atender asuntos de la escuela y de los alumnos, otra petici\u00f3n personal de intendencia, y piden tambi\u00e9n la construcci\u00f3n de aulas.<\/p>\n\n\n\n<p>La asociaci\u00f3n de padres de familia ha informado que en la escuela primaria biling\u00fce Benito Ju\u00e1rez con clave centro de trabajo 12DPB0224I se atienden a m\u00e1s de 100 ni\u00f1os de la etnia Na Savi de Buena Vista y de algunas poblaciones aleda\u00f1as<br>Esa instituci\u00f3n desde hace m\u00e1s de un a\u00f1o no han logrado reactivar las clases normales por falta de maestros, y la asociaci\u00f3n de padres de familia ha informado que la falta de clases ha provocado que varias familias den de baja a los ni\u00f1os y se los llevan a trabajar a los campos agr\u00edcolas de estados del norte del pa\u00eds.<\/p>\n\n\n\n<p>El movimiento de los padres de familia comenz\u00f3 este lunes con un paro laboral en la escuela, ante la respuesta del gobierno estatal informaron que esperaran la reuni\u00f3n de este mi\u00e9rcoles, de no realizarse advierten que bloquear carreteras de esa zona.<br><\/p>\n","protected":false},"excerpt":{"rendered":"<p>&#8212; Exigen el env\u00edo de maestros y personal administrativo Eduardo Yener Santos \/ Chilpancingo 14 de febrero de 2023 Autoridades comunitarias de Buena Vista, municipio de San Luis Acatl\u00e1n, junto&hellip; <\/p>\n","protected":false},"author":31,"featured_media":57618,"comment_status":"open","ping_status":"open","sticky":false,"template":"","format":"standard","meta":{"fifu_image_url":"","fifu_image_alt":"","footnotes":""},"categories":[6],"tags":[],"class_list":["post-57617","post","type-post","status-publish","format-standard","has-post-thumbnail","hentry","category-educacion"],"_links":{"self":[{"href":"https:\/\/www.interaccionnoticias.com.mx\/index.php?rest_route=\/wp\/v2\/posts\/57617","targetHints":{"allow":["GET"]}}],"collection":[{"href":"https:\/\/www.interaccionnoticias.com.mx\/index.php?rest_route=\/wp\/v2\/posts"}],"about":[{"href":"https:\/\/www.interaccionnoticias.com.mx\/index.php?rest_route=\/wp\/v2\/types\/post"}],"author":[{"embeddable":true,"href":"https:\/\/www.interaccionnoticias.com.mx\/index.php?rest_route=\/wp\/v2\/users\/31"}],"replies":[{"embeddable":true,"href":"https:\/\/www.interaccionnoticias.com.mx\/index.php?rest_route=%2Fwp%2Fv2%2Fcomments&post=57617"}],"version-history":[{"count":1,"href":"https:\/\/www.interaccionnoticias.com.mx\/index.php?rest_route=\/wp\/v2\/posts\/57617\/revisions"}],"predecessor-version":[{"id":57619,"href":"https:\/\/www.interaccionnoticias.com.mx\/index.php?rest_route=\/wp\/v2\/posts\/57617\/revisions\/57619"}],"wp:featuredmedia":[{"embeddable":true,"href":"https:\/\/www.interaccionnoticias.com.mx\/index.php?rest_route=\/wp\/v2\/media\/57618"}],"wp:attachment":[{"href":"https:\/\/www.interaccionnoticias.com.mx\/index.php?rest_route=%2Fwp%2Fv2%2Fmedia&parent=57617"}],"wp:term":[{"taxonomy":"category","embeddable":true,"href":"https:\/\/www.interaccionnoticias.com.mx\/index.php?rest_route=%2Fwp%2Fv2%2Fcategories&post=57617"},{"taxonomy":"post_tag","embeddable":true,"href":"https:\/\/www.interaccionnoticias.com.mx\/index.php?rest_route=%2Fwp%2Fv2%2Ftags&post=57617"}],"curies":[{"name":"wp","href":"https:\/\/api.w.org\/{rel}","templated":true}]}}