{"id":57602,"date":"2023-02-14T17:27:52","date_gmt":"2023-02-14T23:27:52","guid":{"rendered":"https:\/\/interaccionnoticias.com.mx\/?p=57602"},"modified":"2023-02-14T17:27:57","modified_gmt":"2023-02-14T23:27:57","slug":"bajas-ventas-en-el-mercado-baltazar-r-leyva-mancilla-pese-al-dia-del-amor-y-la-amistad","status":"publish","type":"post","link":"https:\/\/www.interaccionnoticias.com.mx\/?p=57602","title":{"rendered":"Bajas ventas en el Mercado Baltazar R. Leyva Mancilla, pese al D\u00eda del Amor y la Amistad"},"content":{"rendered":"\n<p><strong><em>Las ventas son similares a los dos a\u00f1os de pandemia<\/em><\/strong><\/p>\n\n\n\n<p><strong>Yasm\u00edn Garc\u00eda Chino<br>Oscar Guerrero<\/strong><\/p>\n\n\n\n<p><strong>Chilpancingo, Gro., a 14 de febrero 2023.- <\/strong>Comerciantes del Mercado Baltazar R. Leyva Mancilla han tenido bajas ventas por el d\u00eda del amor y la amistad, consideran que el incremento de los precios en la canasta b\u00e1sica influye, adem\u00e1s de no ser un d\u00eda de quincena en algunos sectores como la burocracia.<\/p>\n\n\n\n<p>Mar\u00eda Isabel Solache Rodr\u00edguez es comerciante, tiene su local marcado con el n\u00famero 6 con el nombre de \u201cFlorer\u00eda Kenia\u201d en la nave 2 del Mercado Baltazar R. Leyva Mancilla.<\/p>\n\n\n\n<p>Desde el lunes 13 no cerraron las puertas de su local para que la ciudadan\u00eda pudiera comprar alg\u00fan ramo de rosas, arreglos florales, peluches, globos o grandes rosas en esferas de cristal.<\/p>\n\n\n\n<p>Isabel Solache compara las bajas ventas con los a\u00f1os de pandemia, sin embargo tiene la esperanza de que durante la tarde del 14 y parte de la ma\u00f1ana del 15 de febrero, vendan al menos el 50% de su mercanc\u00eda, lo m\u00e1s vendido son las rosas rojas.<\/p>\n\n\n\n<p>Adem\u00e1s de la venta de flores por el d\u00eda del amor y la amistad, su local marcado con el n\u00famero 6 ofrece arreglos florales para toda ocasi\u00f3n, est\u00e1 abierto de lunes a domingo en un horario de 7 de la ma\u00f1ana a 8 de la noche.<\/p>\n\n\n\n<p>Isabel invito a la ciudadan\u00eda acudir al Mercado y apoyar al comercio local adquiriendo direferentes productos.<\/p>\n\n\n\n<div class=\"wp-block-jetpack-tiled-gallery aligncenter is-style-rectangular\"><div class=\"tiled-gallery__gallery\"><div class=\"tiled-gallery__row\"><div class=\"tiled-gallery__col\" style=\"flex-basis:66.78744%\"><figure class=\"tiled-gallery__item\"><img decoding=\"async\" alt=\"\" data-height=\"750\" data-id=\"57603\" data-link=\"https:\/\/interaccionnoticias.com.mx\/?attachment_id=57603\" data-url=\"https:\/\/interaccionnoticias.com.mx\/wp-content\/uploads\/2023\/02\/230213-Bajas-ventas-2-1024x683.jpg\" data-width=\"1125\" src=\"https:\/\/i0.wp.com\/www.interaccionnoticias.com.mx\/wp-content\/uploads\/2023\/02\/230213-Bajas-ventas-2-1024x683.jpg\" data-amp-layout=\"responsive\"\/><\/figure><\/div><div class=\"tiled-gallery__col\" style=\"flex-basis:33.21256%\"><figure class=\"tiled-gallery__item\"><img decoding=\"async\" alt=\"\" data-height=\"750\" data-id=\"57605\" data-link=\"https:\/\/interaccionnoticias.com.mx\/?attachment_id=57605\" data-url=\"https:\/\/interaccionnoticias.com.mx\/wp-content\/uploads\/2023\/02\/230213-Bajas-ventas-1-1024x683.jpg\" data-width=\"1125\" src=\"https:\/\/i0.wp.com\/www.interaccionnoticias.com.mx\/wp-content\/uploads\/2023\/02\/230213-Bajas-ventas-1-1024x683.jpg\" data-amp-layout=\"responsive\"\/><\/figure><figure class=\"tiled-gallery__item\"><img decoding=\"async\" alt=\"\" data-height=\"750\" data-id=\"57604\" data-link=\"https:\/\/interaccionnoticias.com.mx\/?attachment_id=57604\" data-url=\"https:\/\/interaccionnoticias.com.mx\/wp-content\/uploads\/2023\/02\/230213-Bajas-ventas-3-1024x683.jpg\" data-width=\"1125\" src=\"https:\/\/i0.wp.com\/www.interaccionnoticias.com.mx\/wp-content\/uploads\/2023\/02\/230213-Bajas-ventas-3-1024x683.jpg\" data-amp-layout=\"responsive\"\/><\/figure><\/div><\/div><\/div><\/div>\n","protected":false},"excerpt":{"rendered":"<p>Las ventas son similares a los dos a\u00f1os de pandemia Yasm\u00edn Garc\u00eda ChinoOscar Guerrero Chilpancingo, Gro., a 14 de febrero 2023.- Comerciantes del Mercado Baltazar R. Leyva Mancilla han tenido&hellip; <\/p>\n","protected":false},"author":4,"featured_media":57605,"comment_status":"open","ping_status":"open","sticky":false,"template":"","format":"standard","meta":{"fifu_image_url":"","fifu_image_alt":"","footnotes":""},"categories":[29],"tags":[],"class_list":["post-57602","post","type-post","status-publish","format-standard","has-post-thumbnail","hentry","category-sociedad"],"_links":{"self":[{"href":"https:\/\/www.interaccionnoticias.com.mx\/index.php?rest_route=\/wp\/v2\/posts\/57602","targetHints":{"allow":["GET"]}}],"collection":[{"href":"https:\/\/www.interaccionnoticias.com.mx\/index.php?rest_route=\/wp\/v2\/posts"}],"about":[{"href":"https:\/\/www.interaccionnoticias.com.mx\/index.php?rest_route=\/wp\/v2\/types\/post"}],"author":[{"embeddable":true,"href":"https:\/\/www.interaccionnoticias.com.mx\/index.php?rest_route=\/wp\/v2\/users\/4"}],"replies":[{"embeddable":true,"href":"https:\/\/www.interaccionnoticias.com.mx\/index.php?rest_route=%2Fwp%2Fv2%2Fcomments&post=57602"}],"version-history":[{"count":1,"href":"https:\/\/www.interaccionnoticias.com.mx\/index.php?rest_route=\/wp\/v2\/posts\/57602\/revisions"}],"predecessor-version":[{"id":57606,"href":"https:\/\/www.interaccionnoticias.com.mx\/index.php?rest_route=\/wp\/v2\/posts\/57602\/revisions\/57606"}],"wp:featuredmedia":[{"embeddable":true,"href":"https:\/\/www.interaccionnoticias.com.mx\/index.php?rest_route=\/wp\/v2\/media\/57605"}],"wp:attachment":[{"href":"https:\/\/www.interaccionnoticias.com.mx\/index.php?rest_route=%2Fwp%2Fv2%2Fmedia&parent=57602"}],"wp:term":[{"taxonomy":"category","embeddable":true,"href":"https:\/\/www.interaccionnoticias.com.mx\/index.php?rest_route=%2Fwp%2Fv2%2Fcategories&post=57602"},{"taxonomy":"post_tag","embeddable":true,"href":"https:\/\/www.interaccionnoticias.com.mx\/index.php?rest_route=%2Fwp%2Fv2%2Ftags&post=57602"}],"curies":[{"name":"wp","href":"https:\/\/api.w.org\/{rel}","templated":true}]}}