{"id":57584,"date":"2023-02-14T13:00:24","date_gmt":"2023-02-14T19:00:24","guid":{"rendered":"https:\/\/interaccionnoticias.com.mx\/?p=57584"},"modified":"2023-02-14T13:00:30","modified_gmt":"2023-02-14T19:00:30","slug":"confirman-la-detencion-de-lider-de-la-upoeg-en-el-ocotito","status":"publish","type":"post","link":"https:\/\/www.interaccionnoticias.com.mx\/?p=57584","title":{"rendered":"Confirman la detenci\u00f3n de l\u00edder de la UPOEG en El Ocotito"},"content":{"rendered":"\n<p><strong><em>&#8212; Lo capturan con armas y droga<\/em><\/strong><\/p>\n\n\n\n<p><strong>Eduardo Yener Santos \/ Chilpancingo 14 de febrero de 2023<\/strong><\/p>\n\n\n\n<p>Jos\u00e9 Deivy Barrientos Salazar, comandante y l\u00edder de la Polic\u00eda Ciudadana del poblado del Ocotito, municipio de Chilpancingo, afines a la Uni\u00f3n de Pueblos y Organizaciones del Estado de Guerrero (UPOEG) fue detenido en el estado de Puebla con armas y droga en su poder.<\/p>\n\n\n\n<p>Las autoridades de Puebla informaron que Barrientos Salazar es identificado como un objetivo prioritario para el gobierno federal.<\/p>\n\n\n\n<p>La Secretar\u00eda de Seguridad Publica del gobierno de Puebla, ha informado que por labores de investigaci\u00f3n, inteligencia y en coordinaci\u00f3n con autoridades del estado de Guerrero y la Secretar\u00eda de Marina, agentes de la Polic\u00eda Estatal detuvieron a Jos\u00e9 B., identificado como un objetivo prioritario para el gobierno federal.<\/p>\n\n\n\n<p>La dependencia inform\u00f3 que la detenci\u00f3n fue sobre la carretera federal Puebla-Tehuac\u00e1n, a bordo de un veh\u00edculo Mercedes Benz C350 y al detenido se le \u201cencontraron 62 bolsas de aparente cristal, un arma de fuego calibre .380 mil\u00edmetros abastecida con seis cartuchos \u00fatiles (sin los permisos correspondientes), as\u00ed como 5 mil 500 pesos en efectivo\u201d<\/p>\n\n\n\n<p>Tambi\u00e9n se inform\u00f3 que con un an\u00e1lisis de informaci\u00f3n, el detenido est\u00e1 relacionado con diversos hechos delictivos en el estado de Guerrero y ten\u00eda v\u00ednculos con el grupo criminal de \u201cLos Ardillos\u201d.<\/p>\n\n\n\n<p>Apenas este 23 de enero, Jos\u00e9 Deivy Barrientos encabez\u00f3 una marcha en el poblado del Ocotito, porque la autodefensa UPOEG cumpli\u00f3 nueve a\u00f1os de haberse fundado. En entrevista en esa ocasi\u00f3n, Deivy Barrientos inform\u00f3 que durante esos nueve a\u00f1os la UPOEG del Ocotito hab\u00eda enfrentado a grupos delictivos, disminuyeron la violencia y en dicho lugar no se vend\u00eda droga<\/p>\n\n\n\n<p>Jos\u00e9 Deivy Barrientos fue fundado de esa autodefensa de El Ocotito junto con junto a Salvador Alan\u00eds Trujillo en enero del 2014 y despu\u00e9s de diferencias y acusaciones entre ambos guardias civiles, desde el a\u00f1o 2015 Deivy Barrientos qued\u00f3 al frente de esa autodefensa<\/p>\n","protected":false},"excerpt":{"rendered":"<p>&#8212; Lo capturan con armas y droga Eduardo Yener Santos \/ Chilpancingo 14 de febrero de 2023 Jos\u00e9 Deivy Barrientos Salazar, comandante y l\u00edder de la Polic\u00eda Ciudadana del poblado&hellip; <\/p>\n","protected":false},"author":31,"featured_media":57585,"comment_status":"open","ping_status":"open","sticky":false,"template":"","format":"standard","meta":{"fifu_image_url":"","fifu_image_alt":"","footnotes":""},"categories":[27],"tags":[],"class_list":["post-57584","post","type-post","status-publish","format-standard","has-post-thumbnail","hentry","category-seguridad-publica"],"_links":{"self":[{"href":"https:\/\/www.interaccionnoticias.com.mx\/index.php?rest_route=\/wp\/v2\/posts\/57584","targetHints":{"allow":["GET"]}}],"collection":[{"href":"https:\/\/www.interaccionnoticias.com.mx\/index.php?rest_route=\/wp\/v2\/posts"}],"about":[{"href":"https:\/\/www.interaccionnoticias.com.mx\/index.php?rest_route=\/wp\/v2\/types\/post"}],"author":[{"embeddable":true,"href":"https:\/\/www.interaccionnoticias.com.mx\/index.php?rest_route=\/wp\/v2\/users\/31"}],"replies":[{"embeddable":true,"href":"https:\/\/www.interaccionnoticias.com.mx\/index.php?rest_route=%2Fwp%2Fv2%2Fcomments&post=57584"}],"version-history":[{"count":1,"href":"https:\/\/www.interaccionnoticias.com.mx\/index.php?rest_route=\/wp\/v2\/posts\/57584\/revisions"}],"predecessor-version":[{"id":57586,"href":"https:\/\/www.interaccionnoticias.com.mx\/index.php?rest_route=\/wp\/v2\/posts\/57584\/revisions\/57586"}],"wp:featuredmedia":[{"embeddable":true,"href":"https:\/\/www.interaccionnoticias.com.mx\/index.php?rest_route=\/wp\/v2\/media\/57585"}],"wp:attachment":[{"href":"https:\/\/www.interaccionnoticias.com.mx\/index.php?rest_route=%2Fwp%2Fv2%2Fmedia&parent=57584"}],"wp:term":[{"taxonomy":"category","embeddable":true,"href":"https:\/\/www.interaccionnoticias.com.mx\/index.php?rest_route=%2Fwp%2Fv2%2Fcategories&post=57584"},{"taxonomy":"post_tag","embeddable":true,"href":"https:\/\/www.interaccionnoticias.com.mx\/index.php?rest_route=%2Fwp%2Fv2%2Ftags&post=57584"}],"curies":[{"name":"wp","href":"https:\/\/api.w.org\/{rel}","templated":true}]}}