{"id":57552,"date":"2023-02-13T19:27:31","date_gmt":"2023-02-14T01:27:31","guid":{"rendered":"https:\/\/interaccionnoticias.com.mx\/?p=57552"},"modified":"2023-02-13T19:27:36","modified_gmt":"2023-02-14T01:27:36","slug":"declaran-ilegal-la-toma-del-congreso-local","status":"publish","type":"post","link":"https:\/\/www.interaccionnoticias.com.mx\/?p=57552","title":{"rendered":"Declaran ilegal la toma del Congreso local"},"content":{"rendered":"\n<p><strong><em>&#8212; No hay emplazamiento a huelga depositado ante el TCyA<br>&#8212; Tampoco se conoce la existencia de un pliego petitorio<\/em><\/strong><\/p>\n\n\n\n<p><strong>Rogelio Agust\u00edn<\/strong><\/p>\n\n\n\n<p>El Tribunal de Conciliaci\u00f3n y Arbitraje (TCyA) declar\u00f3 ilegal la toma de las instalaciones del Congreso local, ya que el Sinidicato Independiente \u201cSentimientos de la Naci\u00f3n\u201d no present\u00f3 ning\u00fan emplazamiento a huelga ni ha dado a conocer de manera puntual su pliego petitorio.<\/p>\n\n\n\n<p>La tarde del lunes 13 de febrero, un actuario del TCyA, junto con representantes del \u00e1rea financiera del Poder Legislativo se presentaron en la puerta principal del Congreso, donde permanece el campamento del sindicato independiente \u201cSentimientos de la Naci\u00f3n\u201d.<\/p>\n\n\n\n<p>Ante la dirigencia del Sindicato de referencia, los representantes del Tribunal de Conciliaci\u00f3n y del \u00e1rea financiera del Congreso dieron a conocer el acuerdo aprobado por el pleno del \u00f3rgano encargado de regular las relaciones entre los trabajadores y la patronal.<\/p>\n\n\n\n<p>\u201cT\u00e9ngase al actuario adscrito a este \u00f3rgano laboral, por tanto, dando fe, que en este Tribunal Laboral no se present\u00f3 ni existe promoci\u00f3n de emplazamiento a huelga por parte del Sindicato de Trabajadores y Trabajadoras del Congreso del Estado de Guerrero \u201cSentimientos de la Naci\u00f3n\u201d.<\/p>\n\n\n\n<p>Asimismo, se se\u00f1ala que en el libro de gobierno que lleva el TCyA que \u201cno se present\u00f3 escrito petitorio alguno dirigido al H. Congreso del Estado de Guerrero, anunciando el prop\u00f3sito de ir a huelga\u201d.<\/p>\n\n\n\n<p>M\u00e1s a\u00fan, se inform\u00f3 a los trabajadores inmersos en el movimiento, que en el libro de control del TCyA \u201cno existe escrito alguno de estallamiento a huelga\u201d.<\/p>\n\n\n\n<p>En consecuencia, el TCyA sostiene que no tiene en su libro de control ninguna solicitud que de por iniciado el procedimiento de huelga en contra del Congreso, adem\u00e1s de que se desconoce la existencia de un pliego petitorio que justifique dicho emplazamiento.<\/p>\n\n\n\n<p>El acuerdo le\u00eddo a los representantes del sindicato \u201cSentimientos de la Naci\u00f3n\u201d est\u00e1 firmado por Miriam Cort\u00e9s Cisneros, presidenta del TCyA en el Estado, Ethel Aracely Alem\u00e1n Aponte, representante del Gobierno del estado y el contador Esteban Hern\u00e1ndez Arellano, reprersentante de los trabajadores.<\/p>\n\n\n\n<p>Tras recibir la mnotificaci\u00f3n, el dirigente del sindicato independiente, Fern\u00e1ndo Mart\u00ednez aclar\u00f3 que las instaaciones del Congreso no est\u00e1n tomadas por sus compa\u00f1eros, pues los que cerraron con candados fueron los encargados de la seguridad del inmueble, lo que implica que se cerr\u00f3 por dentro.<\/p>\n\n\n\n<figure class=\"wp-block-gallery columns-1 is-cropped wp-block-gallery-1 is-layout-flex wp-block-gallery-is-layout-flex\"><ul class=\"blocks-gallery-grid\"><li class=\"blocks-gallery-item\"><figure><img decoding=\"async\" src=\"data:image\/gif;base64,R0lGODlhAQABAIAAAAAAAP\/\/\/ywAAAAAAQABAAACAUwAOw==\" fifu-lazy=\"1\" fifu-data-sizes=\"auto\" fifu-data-srcset=\"https:\/\/i3.wp.com\/interaccionnoticias.com.mx\/wp-content\/uploads\/2023\/02\/230213-ilegal-la-toma-1-683x1024.jpg?ssl=1&w=75&resize=75&ssl=1 75w, https:\/\/i3.wp.com\/interaccionnoticias.com.mx\/wp-content\/uploads\/2023\/02\/230213-ilegal-la-toma-1-683x1024.jpg?ssl=1&w=100&resize=100&ssl=1 100w, https:\/\/i3.wp.com\/interaccionnoticias.com.mx\/wp-content\/uploads\/2023\/02\/230213-ilegal-la-toma-1-683x1024.jpg?ssl=1&w=150&resize=150&ssl=1 150w, https:\/\/i3.wp.com\/interaccionnoticias.com.mx\/wp-content\/uploads\/2023\/02\/230213-ilegal-la-toma-1-683x1024.jpg?ssl=1&w=240&resize=240&ssl=1 240w, https:\/\/i3.wp.com\/interaccionnoticias.com.mx\/wp-content\/uploads\/2023\/02\/230213-ilegal-la-toma-1-683x1024.jpg?ssl=1&w=320&resize=320&ssl=1 320w, https:\/\/i3.wp.com\/interaccionnoticias.com.mx\/wp-content\/uploads\/2023\/02\/230213-ilegal-la-toma-1-683x1024.jpg?ssl=1&w=500&resize=500&ssl=1 500w, https:\/\/i3.wp.com\/interaccionnoticias.com.mx\/wp-content\/uploads\/2023\/02\/230213-ilegal-la-toma-1-683x1024.jpg?ssl=1&w=640&resize=640&ssl=1 640w, https:\/\/i3.wp.com\/interaccionnoticias.com.mx\/wp-content\/uploads\/2023\/02\/230213-ilegal-la-toma-1-683x1024.jpg?ssl=1&w=800&resize=800&ssl=1 800w, https:\/\/i3.wp.com\/interaccionnoticias.com.mx\/wp-content\/uploads\/2023\/02\/230213-ilegal-la-toma-1-683x1024.jpg?ssl=1&w=1024&resize=1024&ssl=1 1024w, https:\/\/i3.wp.com\/interaccionnoticias.com.mx\/wp-content\/uploads\/2023\/02\/230213-ilegal-la-toma-1-683x1024.jpg?ssl=1&w=1280&resize=1280&ssl=1 1280w, https:\/\/i3.wp.com\/interaccionnoticias.com.mx\/wp-content\/uploads\/2023\/02\/230213-ilegal-la-toma-1-683x1024.jpg?ssl=1&w=1600&resize=1600&ssl=1 1600w\" fifu-data-src=\"https:\/\/i3.wp.com\/interaccionnoticias.com.mx\/wp-content\/uploads\/2023\/02\/230213-ilegal-la-toma-1-683x1024.jpg?ssl=1\" alt=\"\" data-id=\"57553\" data-full-url=\"https:\/\/interaccionnoticias.com.mx\/wp-content\/uploads\/2023\/02\/230213-ilegal-la-toma-1.jpg\" data-link=\"https:\/\/interaccionnoticias.com.mx\/?attachment_id=57553\" class=\"wp-image-57553\"\/><\/figure><\/li><\/ul><\/figure>\n","protected":false},"excerpt":{"rendered":"<p>&#8212; No hay emplazamiento a huelga depositado ante el TCyA&#8212; Tampoco se conoce la existencia de un pliego petitorio Rogelio Agust\u00edn El Tribunal de Conciliaci\u00f3n y Arbitraje (TCyA) declar\u00f3 ilegal&hellip; <\/p>\n","protected":false},"author":21,"featured_media":57554,"comment_status":"open","ping_status":"open","sticky":false,"template":"","format":"standard","meta":{"fifu_image_url":"","fifu_image_alt":"","footnotes":""},"categories":[2],"tags":[],"class_list":["post-57552","post","type-post","status-publish","format-standard","has-post-thumbnail","hentry","category-congreso"],"_links":{"self":[{"href":"https:\/\/www.interaccionnoticias.com.mx\/index.php?rest_route=\/wp\/v2\/posts\/57552","targetHints":{"allow":["GET"]}}],"collection":[{"href":"https:\/\/www.interaccionnoticias.com.mx\/index.php?rest_route=\/wp\/v2\/posts"}],"about":[{"href":"https:\/\/www.interaccionnoticias.com.mx\/index.php?rest_route=\/wp\/v2\/types\/post"}],"author":[{"embeddable":true,"href":"https:\/\/www.interaccionnoticias.com.mx\/index.php?rest_route=\/wp\/v2\/users\/21"}],"replies":[{"embeddable":true,"href":"https:\/\/www.interaccionnoticias.com.mx\/index.php?rest_route=%2Fwp%2Fv2%2Fcomments&post=57552"}],"version-history":[{"count":1,"href":"https:\/\/www.interaccionnoticias.com.mx\/index.php?rest_route=\/wp\/v2\/posts\/57552\/revisions"}],"predecessor-version":[{"id":57555,"href":"https:\/\/www.interaccionnoticias.com.mx\/index.php?rest_route=\/wp\/v2\/posts\/57552\/revisions\/57555"}],"wp:featuredmedia":[{"embeddable":true,"href":"https:\/\/www.interaccionnoticias.com.mx\/index.php?rest_route=\/wp\/v2\/media\/57554"}],"wp:attachment":[{"href":"https:\/\/www.interaccionnoticias.com.mx\/index.php?rest_route=%2Fwp%2Fv2%2Fmedia&parent=57552"}],"wp:term":[{"taxonomy":"category","embeddable":true,"href":"https:\/\/www.interaccionnoticias.com.mx\/index.php?rest_route=%2Fwp%2Fv2%2Fcategories&post=57552"},{"taxonomy":"post_tag","embeddable":true,"href":"https:\/\/www.interaccionnoticias.com.mx\/index.php?rest_route=%2Fwp%2Fv2%2Ftags&post=57552"}],"curies":[{"name":"wp","href":"https:\/\/api.w.org\/{rel}","templated":true}]}}