{"id":57545,"date":"2023-02-13T19:02:28","date_gmt":"2023-02-14T01:02:28","guid":{"rendered":"https:\/\/interaccionnoticias.com.mx\/?p=57545"},"modified":"2023-02-13T19:02:34","modified_gmt":"2023-02-14T01:02:34","slug":"reincidente-en-portacion-de-arma","status":"publish","type":"post","link":"https:\/\/www.interaccionnoticias.com.mx\/?p=57545","title":{"rendered":"Reincidente en portaci\u00f3n de arma"},"content":{"rendered":"\n<p><strong><em>&#8212; Fue puesto a disposici\u00f3n de la FGR<\/em><\/strong><\/p>\n\n\n\n<p><strong>Javier Trujillo<\/strong><\/p>\n\n\n\n<p><strong>Acapulco, Gro. &#8211; <\/strong>Efectivos del Ej\u00e9rcito Mexicano, adscritos a la Operaci\u00f3n \u201cSanta Luc\u00eda\u201d, patrullaban a inmediaciones del mercado Central de Acapulco, y lograron ubicar a un hombre que portaba en la cintura fajada, un arma de fuego, iba en compa\u00f1\u00eda de dos mujeres.<\/p>\n\n\n\n<p>Se inform\u00f3 que el imputado identificado como Ren\u00e9 \u00abN\u00bb de 29 a\u00f1os de edad, es originario de Acapulco y reincidente por el delito de portaci\u00f3n de armas de fuego. Se precisa que el 9 de julio de 2022, fue detenido en la colonia 20 de noviembre y puesto a disposici\u00f3n por el mismo delito.<\/p>\n\n\n\n<p>Ayer, lunes, alrededor del mediod\u00eda personal del Ej\u00e9rcito Mexicano, de la Operaci\u00f3n \u201cSanta Luc\u00eda\u201d, desplegada en este destino tur\u00edstico, estaba realizando patrullamientos en las inmediaciones del Mercado Central del puerto.<\/p>\n\n\n\n<p>Tras lo anterior, personal de la Sedena, le marcaron el alto y le solicitaron una revisi\u00f3n, lo que provoc\u00f3 que las dos mujeres que acompa\u00f1aban a la persona se\u00f1alada, huyeran del lugar.<\/p>\n\n\n\n<p>As\u00ed, el personal militar, realiz\u00f3 una revisi\u00f3n a dicha persona en la que pudieron asegurarle una pistola de calibre 9 mil\u00edmetros, y procedieron a detenerlo en ese momento.<\/p>\n\n\n\n<p>Sin embargo, ante los hechos, comerciantes y locatarios de los mercados, comenzaron a congregarse en el lugar para evitar se llevaran detenido al imputado.<\/p>\n\n\n\n<p>Por tal motivo, al lugar arrib\u00f3 el Comandante del 56\/o. Batall\u00f3n de Infanter\u00eda, con la finalidad de establecer un dialogo con los manifestantes, en donde se encontraba presente la madre del detenido, a quien se le explic\u00f3 el delito cometido por el imputado, y que el proceso que lo llevar\u00eda durante la puesta a disposici\u00f3n.<\/p>\n\n\n\n<p>La madre del imputado, por su parte argumentaba que no quer\u00eda que se lo llevaran los militares porque ella sab\u00eda que lo golpear\u00edan.<\/p>\n\n\n\n<p>Ante estos dichos, mencionado comandante, le afirm\u00f3 que no le suceder\u00eda nada y le garantiz\u00f3 su seguridad, por lo que finalmente se permiti\u00f3 que se fuera trasladado por personal de la Fiscal\u00eda General del Estado, con el apoyo de personal de la Polic\u00eda Municipal y Polic\u00eda Estatal, y despu\u00e9s se lo llevaron trasladado acompa\u00f1ado de su madre y hermana, hasta la sede de la Fiscal\u00eda General de la Rep\u00fablica (FGR).<\/p>\n\n\n\n<p>Ah\u00ed se confirm\u00f3 que el detenido era reincidente por el mismo delito de portaci\u00f3n de arma de fuego.<\/p>\n\n\n\n<figure class=\"wp-block-gallery columns-1 is-cropped wp-block-gallery-1 is-layout-flex wp-block-gallery-is-layout-flex\"><ul class=\"blocks-gallery-grid\"><li class=\"blocks-gallery-item\"><figure><img decoding=\"async\" src=\"data:image\/gif;base64,R0lGODlhAQABAIAAAAAAAP\/\/\/ywAAAAAAQABAAACAUwAOw==\" fifu-lazy=\"1\" fifu-data-sizes=\"auto\" fifu-data-srcset=\"https:\/\/i2.wp.com\/interaccionnoticias.com.mx\/wp-content\/uploads\/2023\/02\/230213-Reincidente-Rene-683x1024.jpg?ssl=1&w=75&resize=75&ssl=1 75w, https:\/\/i2.wp.com\/interaccionnoticias.com.mx\/wp-content\/uploads\/2023\/02\/230213-Reincidente-Rene-683x1024.jpg?ssl=1&w=100&resize=100&ssl=1 100w, https:\/\/i2.wp.com\/interaccionnoticias.com.mx\/wp-content\/uploads\/2023\/02\/230213-Reincidente-Rene-683x1024.jpg?ssl=1&w=150&resize=150&ssl=1 150w, https:\/\/i2.wp.com\/interaccionnoticias.com.mx\/wp-content\/uploads\/2023\/02\/230213-Reincidente-Rene-683x1024.jpg?ssl=1&w=240&resize=240&ssl=1 240w, https:\/\/i2.wp.com\/interaccionnoticias.com.mx\/wp-content\/uploads\/2023\/02\/230213-Reincidente-Rene-683x1024.jpg?ssl=1&w=320&resize=320&ssl=1 320w, https:\/\/i2.wp.com\/interaccionnoticias.com.mx\/wp-content\/uploads\/2023\/02\/230213-Reincidente-Rene-683x1024.jpg?ssl=1&w=500&resize=500&ssl=1 500w, https:\/\/i2.wp.com\/interaccionnoticias.com.mx\/wp-content\/uploads\/2023\/02\/230213-Reincidente-Rene-683x1024.jpg?ssl=1&w=640&resize=640&ssl=1 640w, https:\/\/i2.wp.com\/interaccionnoticias.com.mx\/wp-content\/uploads\/2023\/02\/230213-Reincidente-Rene-683x1024.jpg?ssl=1&w=800&resize=800&ssl=1 800w, https:\/\/i2.wp.com\/interaccionnoticias.com.mx\/wp-content\/uploads\/2023\/02\/230213-Reincidente-Rene-683x1024.jpg?ssl=1&w=1024&resize=1024&ssl=1 1024w, https:\/\/i2.wp.com\/interaccionnoticias.com.mx\/wp-content\/uploads\/2023\/02\/230213-Reincidente-Rene-683x1024.jpg?ssl=1&w=1280&resize=1280&ssl=1 1280w, https:\/\/i2.wp.com\/interaccionnoticias.com.mx\/wp-content\/uploads\/2023\/02\/230213-Reincidente-Rene-683x1024.jpg?ssl=1&w=1600&resize=1600&ssl=1 1600w\" fifu-data-src=\"https:\/\/i2.wp.com\/interaccionnoticias.com.mx\/wp-content\/uploads\/2023\/02\/230213-Reincidente-Rene-683x1024.jpg?ssl=1\" alt=\"\" data-id=\"57546\" data-full-url=\"https:\/\/interaccionnoticias.com.mx\/wp-content\/uploads\/2023\/02\/230213-Reincidente-Rene.jpg\" data-link=\"https:\/\/interaccionnoticias.com.mx\/?attachment_id=57546\" class=\"wp-image-57546\"\/><\/figure><\/li><\/ul><\/figure>\n","protected":false},"excerpt":{"rendered":"<p>&#8212; Fue puesto a disposici\u00f3n de la FGR Javier Trujillo Acapulco, Gro. &#8211; Efectivos del Ej\u00e9rcito Mexicano, adscritos a la Operaci\u00f3n \u201cSanta Luc\u00eda\u201d, patrullaban a inmediaciones del mercado Central de&hellip; <\/p>\n","protected":false},"author":3,"featured_media":57547,"comment_status":"open","ping_status":"open","sticky":false,"template":"","format":"standard","meta":{"fifu_image_url":"","fifu_image_alt":"","footnotes":""},"categories":[27],"tags":[],"class_list":["post-57545","post","type-post","status-publish","format-standard","has-post-thumbnail","hentry","category-seguridad-publica"],"_links":{"self":[{"href":"https:\/\/www.interaccionnoticias.com.mx\/index.php?rest_route=\/wp\/v2\/posts\/57545","targetHints":{"allow":["GET"]}}],"collection":[{"href":"https:\/\/www.interaccionnoticias.com.mx\/index.php?rest_route=\/wp\/v2\/posts"}],"about":[{"href":"https:\/\/www.interaccionnoticias.com.mx\/index.php?rest_route=\/wp\/v2\/types\/post"}],"author":[{"embeddable":true,"href":"https:\/\/www.interaccionnoticias.com.mx\/index.php?rest_route=\/wp\/v2\/users\/3"}],"replies":[{"embeddable":true,"href":"https:\/\/www.interaccionnoticias.com.mx\/index.php?rest_route=%2Fwp%2Fv2%2Fcomments&post=57545"}],"version-history":[{"count":1,"href":"https:\/\/www.interaccionnoticias.com.mx\/index.php?rest_route=\/wp\/v2\/posts\/57545\/revisions"}],"predecessor-version":[{"id":57548,"href":"https:\/\/www.interaccionnoticias.com.mx\/index.php?rest_route=\/wp\/v2\/posts\/57545\/revisions\/57548"}],"wp:featuredmedia":[{"embeddable":true,"href":"https:\/\/www.interaccionnoticias.com.mx\/index.php?rest_route=\/wp\/v2\/media\/57547"}],"wp:attachment":[{"href":"https:\/\/www.interaccionnoticias.com.mx\/index.php?rest_route=%2Fwp%2Fv2%2Fmedia&parent=57545"}],"wp:term":[{"taxonomy":"category","embeddable":true,"href":"https:\/\/www.interaccionnoticias.com.mx\/index.php?rest_route=%2Fwp%2Fv2%2Fcategories&post=57545"},{"taxonomy":"post_tag","embeddable":true,"href":"https:\/\/www.interaccionnoticias.com.mx\/index.php?rest_route=%2Fwp%2Fv2%2Ftags&post=57545"}],"curies":[{"name":"wp","href":"https:\/\/api.w.org\/{rel}","templated":true}]}}