{"id":57531,"date":"2023-02-13T18:42:08","date_gmt":"2023-02-14T00:42:08","guid":{"rendered":"https:\/\/interaccionnoticias.com.mx\/?p=57531"},"modified":"2023-02-13T18:42:13","modified_gmt":"2023-02-14T00:42:13","slug":"colocan-en-tlapa-la-primera-piedra-del-crit-de-tlapa-de-comonfort","status":"publish","type":"post","link":"https:\/\/www.interaccionnoticias.com.mx\/?p=57531","title":{"rendered":"Colocan en Tlapa la primera piedra del Crit de Tlapa de Comonfort"},"content":{"rendered":"\n<p><strong><em>&#8212; Acuden la secretaria del Bienestar, Ariadna Montiel, el patrono del Telet\u00f3n, Emilio Asc\u00e1rraga, y la gobernadora Evelyn Salgado<br>&#8212; Se invertir\u00e1n 100 millones de pesos, se generar\u00e1n 300 empleos directos y mil 500 indirectos, y quedar\u00e1 concluido a mediados de noviembre pr\u00f3ximo<\/em><\/strong><\/p>\n\n\n\n<p><strong>Rosario Garc\u00eda Orozco<\/strong><\/p>\n\n\n\n<p><strong>Tlapa de Comonfort, Gro., 13 de febrero del 2023.-<\/strong> \u00abNo les vamos a fallar\u00bb, fue el compromiso de Emilio Asc\u00e1rraga Jean, patrono de la Fundaci\u00f3n Telet\u00f3n y presidente del Grupo Televisa, con los habitantes de La Monta\u00f1a, durante la colocaci\u00f3n de la primera piedra del Centro de Rehabilitaci\u00f3n Incluyente Infantil de esta regi\u00f3n, que tendr\u00e1 una inversi\u00f3n de 100 millones de pesos, atender\u00e1 a unos mil 800 ni\u00f1os y ni\u00f1as de manera inicial y 385 adultos.<\/p>\n\n\n\n<p>Reconoci\u00f3 que ha habido momentos en los que se han generado dudas y desconfianza por el trabajo realizado por el Telet\u00f3n, \u00abpero deben saber que no nos equivocamos, ya que la sucursal que m\u00e1s donativos tuvo en toda la Rep\u00fablica Mexicana fue la de Guerrero, ten\u00eda tiempo que no nos pasaba esto, y eso nos da mucho gusto. Y aqu\u00ed estaremos Dios mediante para la inauguraci\u00f3n\u00bb.<\/p>\n\n\n\n<p>Durante el evento, Ariadna Montiel Reyes, secretaria del Bienestar, reconoci\u00f3 el respaldo que la fundaci\u00f3n Telet\u00f3n, ha dado a esta estrategia e infraestructura para la rehabilitaci\u00f3n de las ni\u00f1as y ni\u00f1os con discapacidad, y a Fernando Landeros, presidente de la Fundaci\u00f3n Telet\u00f3n, as\u00ed como a Emilio Asc\u00e1rraga Jean, presidente del Patronato Telet\u00f3n, que ya atiende a 22 mil ni\u00f1os y ni\u00f1as de todo el pa\u00eds con terapias profesionales.<\/p>\n\n\n\n<p>\u00abEstamos muy satisfechos por el trabajo que realizan los servidores de la naci\u00f3n, al recorrer todos los caminos de los municipios de La Monta\u00f1a para incorporar a m\u00e1s personas a este programa para que cada vez m\u00e1s personas cuenten con esta atenci\u00f3n profesional.<\/p>\n\n\n\n<p>Record\u00f3 que fue el 14 de febrero del a\u00f1o pasado, cuando el presidente Andr\u00e9s Manuel L\u00f3pez Obrador y los representantes del patronato decidieron que fuera en Tlapa d\u00f3nde se construyera el nuevo Telet\u00f3n, y fue el 22 de junio cuando se llev\u00f3 a cabo la firma oficial del convenio para la participaci\u00f3n del Gobierno Federal, el Estatal, el Municipal y la sociedad a trav\u00e9s de la Fundaci\u00f3n Telet\u00f3n, con las aportaciones de miles de mexicanos que a\u00f1o con a\u00f1o colaboran para apoyar a ese sector vulnerable.<\/p>\n\n\n\n<p>La funcionar\u00eda federal confi\u00f3 en que a fin del presente a\u00f1o se pueda inaugurar el Telet\u00f3n de La Monta\u00f1a, para atender a todos los ni\u00f1os y ni\u00f1as con discapacidad que as\u00ed lo requieran\u00bb.<\/p>\n\n\n\n<p>Por su parte, la gobernadora Evelyn Salgado Pineda reconoci\u00f3 que el trabajo en unidad fue b\u00e1sico para ese logro, \u00ab\u00e9sta es una tarea en equipo, con la participaci\u00f3n de todos los niveles de gobierno, hoy m\u00e1s que nunca gracias al Telet\u00f3n. Hoy es una muestra de que el Telet\u00f3n s\u00ed cumple, que no falla\u00bb, e invit\u00f3 a los Guerrerenses. Y a los mexicanos en general a seguir donando a esa fundaci\u00f3n.<\/p>\n\n\n\n<p>-Tenemos una deuda hist\u00f3rica con los ind\u00edgenas de La Monta\u00f1a<\/p>\n\n\n\n<p>La mandataria estatal dijo que \u00abmuy pronto el modelo m\u00e9dico y de terapias estar\u00e1 en Tlapa, con espacios suficientes, atenci\u00f3n de especialistas para recibir a los ni\u00f1os y ni\u00f1as que lo requieran, de los 19 municipios de la regi\u00f3n.<\/p>\n\n\n\n<p>Del mismo modo agradeci\u00f3 al presidente L\u00f3pez Obrador \u00abpor su sensibilidad y que no se olvida de su gente de la Monta\u00f1a, d\u00f3nde se le quiere mucho\u00bb.<\/p>\n\n\n\n<p>Fernando Landeros, presidente de la Fundaci\u00f3n Telet\u00f3n, expres\u00f3 que en la campa\u00f1a de donaci\u00f3n de diciembre pasado, participaron m\u00e1s de 20 millones de donadores, que aportaron 100 millones de pesos, para que puedan invertirse en la construcci\u00f3n de este centro de rehabilitaci\u00f3n. \u00abNo les hemos fallado, ni les vamos a fallar\u00bb.<\/p>\n\n\n\n<p>Agradeci\u00f3 a la gobernadora su respaldo \u00abporque ahora Guerrero ser\u00e1 el segundo estado que contar\u00e1 con dos centros Telet\u00f3n, el primero fue construido en Acapulco. \u00abmuchas gracias gobernadora, qu\u00e9 honor que Guerrero vaya por su segundo Crit. En 25 a\u00f1os nunca hemos entregado un Crit despu\u00e9s de la fecha de compromiso, nunca en 25 a\u00f1os se ha cerrado ninguno de los 24 Crit construidos en M\u00e9xico\u00bb, y agreg\u00f3 que son 3 mil los colaboradores de Telet\u00f3n que todo el a\u00f1o est\u00e1n trabajando por M\u00e9xico.<\/p>\n\n\n\n<p>Diego Guti\u00e9rrez, responsable de la obra, inform\u00f3 que se van a generar por lo menos 300 empleos directos para la construcci\u00f3n y m\u00e1s de mil 500 empleos directos, la mayor parte ser\u00e1n trabajadores de esta zona, as\u00ed como los materiales que se van a requerir ser\u00e1n de la regi\u00f3n.<\/p>\n\n\n\n<p>Gilberto Solano Arreaga, presidente municipal de Tlapa, agradeci\u00f3 el trabajo que realiza la fundaci\u00f3n Telet\u00f3n para acercar a las personas con discapacidad, que m\u00e1s lo necesitan, \u00aba una atenci\u00f3n de calidad, y con calidez\u00bb.<\/p>\n\n\n\n<p>Antes de la colocaci\u00f3n de la primera piedra, representantes de tres diferentes grupos ind\u00edgenas, llevaron a cabo un ritual de purificaci\u00f3n, con la quema de copal, incienso y hojas arom\u00e1ticas, para pedir permiso a la Madre Tierra, para la construcci\u00f3n de las instalaciones del Centro de Rehabilitaci\u00f3n, y dieron gracias a las autoridades de los tres niveles de gobierno, as\u00ed como a los integrantes del patronato, y a la sociedad en general por la colaboraci\u00f3n para hacer posible esa obra.<\/p>\n\n\n\n<div class=\"wp-block-jetpack-slideshow aligncenter\" data-effect=\"slide\"><div class=\"wp-block-jetpack-slideshow_container swiper-container\"><ul class=\"wp-block-jetpack-slideshow_swiper-wrapper swiper-wrapper\"><li class=\"wp-block-jetpack-slideshow_slide swiper-slide\"><figure><img decoding=\"async\" src=\"data:image\/gif;base64,R0lGODlhAQABAIAAAAAAAP\/\/\/ywAAAAAAQABAAACAUwAOw==\" fifu-lazy=\"1\" fifu-data-sizes=\"auto\" fifu-data-srcset=\"https:\/\/i1.wp.com\/interaccionnoticias.com.mx\/wp-content\/uploads\/2023\/02\/230213-Crit-Tlapa-1-copia-1024x683.jpg?ssl=1&w=75&resize=75&ssl=1 75w, https:\/\/i1.wp.com\/interaccionnoticias.com.mx\/wp-content\/uploads\/2023\/02\/230213-Crit-Tlapa-1-copia-1024x683.jpg?ssl=1&w=100&resize=100&ssl=1 100w, https:\/\/i1.wp.com\/interaccionnoticias.com.mx\/wp-content\/uploads\/2023\/02\/230213-Crit-Tlapa-1-copia-1024x683.jpg?ssl=1&w=150&resize=150&ssl=1 150w, https:\/\/i1.wp.com\/interaccionnoticias.com.mx\/wp-content\/uploads\/2023\/02\/230213-Crit-Tlapa-1-copia-1024x683.jpg?ssl=1&w=240&resize=240&ssl=1 240w, https:\/\/i1.wp.com\/interaccionnoticias.com.mx\/wp-content\/uploads\/2023\/02\/230213-Crit-Tlapa-1-copia-1024x683.jpg?ssl=1&w=320&resize=320&ssl=1 320w, https:\/\/i1.wp.com\/interaccionnoticias.com.mx\/wp-content\/uploads\/2023\/02\/230213-Crit-Tlapa-1-copia-1024x683.jpg?ssl=1&w=500&resize=500&ssl=1 500w, https:\/\/i1.wp.com\/interaccionnoticias.com.mx\/wp-content\/uploads\/2023\/02\/230213-Crit-Tlapa-1-copia-1024x683.jpg?ssl=1&w=640&resize=640&ssl=1 640w, https:\/\/i1.wp.com\/interaccionnoticias.com.mx\/wp-content\/uploads\/2023\/02\/230213-Crit-Tlapa-1-copia-1024x683.jpg?ssl=1&w=800&resize=800&ssl=1 800w, https:\/\/i1.wp.com\/interaccionnoticias.com.mx\/wp-content\/uploads\/2023\/02\/230213-Crit-Tlapa-1-copia-1024x683.jpg?ssl=1&w=1024&resize=1024&ssl=1 1024w, https:\/\/i1.wp.com\/interaccionnoticias.com.mx\/wp-content\/uploads\/2023\/02\/230213-Crit-Tlapa-1-copia-1024x683.jpg?ssl=1&w=1280&resize=1280&ssl=1 1280w, https:\/\/i1.wp.com\/interaccionnoticias.com.mx\/wp-content\/uploads\/2023\/02\/230213-Crit-Tlapa-1-copia-1024x683.jpg?ssl=1&w=1600&resize=1600&ssl=1 1600w\" alt=\"\" class=\"wp-block-jetpack-slideshow_image wp-image-57532\" data-id=\"57532\" fifu-data-src=\"https:\/\/i1.wp.com\/interaccionnoticias.com.mx\/wp-content\/uploads\/2023\/02\/230213-Crit-Tlapa-1-copia-1024x683.jpg?ssl=1\"\/><\/figure><\/li><li class=\"wp-block-jetpack-slideshow_slide swiper-slide\"><figure><img decoding=\"async\" src=\"data:image\/gif;base64,R0lGODlhAQABAIAAAAAAAP\/\/\/ywAAAAAAQABAAACAUwAOw==\" fifu-lazy=\"1\" fifu-data-sizes=\"auto\" fifu-data-srcset=\"https:\/\/i3.wp.com\/interaccionnoticias.com.mx\/wp-content\/uploads\/2023\/02\/230213-Crit-Tlapa-2-copia-1024x683.jpg?ssl=1&w=75&resize=75&ssl=1 75w, https:\/\/i3.wp.com\/interaccionnoticias.com.mx\/wp-content\/uploads\/2023\/02\/230213-Crit-Tlapa-2-copia-1024x683.jpg?ssl=1&w=100&resize=100&ssl=1 100w, https:\/\/i3.wp.com\/interaccionnoticias.com.mx\/wp-content\/uploads\/2023\/02\/230213-Crit-Tlapa-2-copia-1024x683.jpg?ssl=1&w=150&resize=150&ssl=1 150w, https:\/\/i3.wp.com\/interaccionnoticias.com.mx\/wp-content\/uploads\/2023\/02\/230213-Crit-Tlapa-2-copia-1024x683.jpg?ssl=1&w=240&resize=240&ssl=1 240w, https:\/\/i3.wp.com\/interaccionnoticias.com.mx\/wp-content\/uploads\/2023\/02\/230213-Crit-Tlapa-2-copia-1024x683.jpg?ssl=1&w=320&resize=320&ssl=1 320w, https:\/\/i3.wp.com\/interaccionnoticias.com.mx\/wp-content\/uploads\/2023\/02\/230213-Crit-Tlapa-2-copia-1024x683.jpg?ssl=1&w=500&resize=500&ssl=1 500w, https:\/\/i3.wp.com\/interaccionnoticias.com.mx\/wp-content\/uploads\/2023\/02\/230213-Crit-Tlapa-2-copia-1024x683.jpg?ssl=1&w=640&resize=640&ssl=1 640w, https:\/\/i3.wp.com\/interaccionnoticias.com.mx\/wp-content\/uploads\/2023\/02\/230213-Crit-Tlapa-2-copia-1024x683.jpg?ssl=1&w=800&resize=800&ssl=1 800w, https:\/\/i3.wp.com\/interaccionnoticias.com.mx\/wp-content\/uploads\/2023\/02\/230213-Crit-Tlapa-2-copia-1024x683.jpg?ssl=1&w=1024&resize=1024&ssl=1 1024w, https:\/\/i3.wp.com\/interaccionnoticias.com.mx\/wp-content\/uploads\/2023\/02\/230213-Crit-Tlapa-2-copia-1024x683.jpg?ssl=1&w=1280&resize=1280&ssl=1 1280w, https:\/\/i3.wp.com\/interaccionnoticias.com.mx\/wp-content\/uploads\/2023\/02\/230213-Crit-Tlapa-2-copia-1024x683.jpg?ssl=1&w=1600&resize=1600&ssl=1 1600w\" alt=\"\" class=\"wp-block-jetpack-slideshow_image wp-image-57533\" data-id=\"57533\" fifu-data-src=\"https:\/\/i3.wp.com\/interaccionnoticias.com.mx\/wp-content\/uploads\/2023\/02\/230213-Crit-Tlapa-2-copia-1024x683.jpg?ssl=1\"\/><\/figure><\/li><li class=\"wp-block-jetpack-slideshow_slide swiper-slide\"><figure><img decoding=\"async\" src=\"data:image\/gif;base64,R0lGODlhAQABAIAAAAAAAP\/\/\/ywAAAAAAQABAAACAUwAOw==\" fifu-lazy=\"1\" fifu-data-sizes=\"auto\" fifu-data-srcset=\"https:\/\/i1.wp.com\/interaccionnoticias.com.mx\/wp-content\/uploads\/2023\/02\/230213-Crit-Tlapa-3-copia-1024x683.jpg?ssl=1&w=75&resize=75&ssl=1 75w, https:\/\/i1.wp.com\/interaccionnoticias.com.mx\/wp-content\/uploads\/2023\/02\/230213-Crit-Tlapa-3-copia-1024x683.jpg?ssl=1&w=100&resize=100&ssl=1 100w, https:\/\/i1.wp.com\/interaccionnoticias.com.mx\/wp-content\/uploads\/2023\/02\/230213-Crit-Tlapa-3-copia-1024x683.jpg?ssl=1&w=150&resize=150&ssl=1 150w, https:\/\/i1.wp.com\/interaccionnoticias.com.mx\/wp-content\/uploads\/2023\/02\/230213-Crit-Tlapa-3-copia-1024x683.jpg?ssl=1&w=240&resize=240&ssl=1 240w, https:\/\/i1.wp.com\/interaccionnoticias.com.mx\/wp-content\/uploads\/2023\/02\/230213-Crit-Tlapa-3-copia-1024x683.jpg?ssl=1&w=320&resize=320&ssl=1 320w, https:\/\/i1.wp.com\/interaccionnoticias.com.mx\/wp-content\/uploads\/2023\/02\/230213-Crit-Tlapa-3-copia-1024x683.jpg?ssl=1&w=500&resize=500&ssl=1 500w, https:\/\/i1.wp.com\/interaccionnoticias.com.mx\/wp-content\/uploads\/2023\/02\/230213-Crit-Tlapa-3-copia-1024x683.jpg?ssl=1&w=640&resize=640&ssl=1 640w, https:\/\/i1.wp.com\/interaccionnoticias.com.mx\/wp-content\/uploads\/2023\/02\/230213-Crit-Tlapa-3-copia-1024x683.jpg?ssl=1&w=800&resize=800&ssl=1 800w, https:\/\/i1.wp.com\/interaccionnoticias.com.mx\/wp-content\/uploads\/2023\/02\/230213-Crit-Tlapa-3-copia-1024x683.jpg?ssl=1&w=1024&resize=1024&ssl=1 1024w, https:\/\/i1.wp.com\/interaccionnoticias.com.mx\/wp-content\/uploads\/2023\/02\/230213-Crit-Tlapa-3-copia-1024x683.jpg?ssl=1&w=1280&resize=1280&ssl=1 1280w, https:\/\/i1.wp.com\/interaccionnoticias.com.mx\/wp-content\/uploads\/2023\/02\/230213-Crit-Tlapa-3-copia-1024x683.jpg?ssl=1&w=1600&resize=1600&ssl=1 1600w\" alt=\"\" class=\"wp-block-jetpack-slideshow_image wp-image-57534\" data-id=\"57534\" fifu-data-src=\"https:\/\/i1.wp.com\/interaccionnoticias.com.mx\/wp-content\/uploads\/2023\/02\/230213-Crit-Tlapa-3-copia-1024x683.jpg?ssl=1\"\/><\/figure><\/li><li class=\"wp-block-jetpack-slideshow_slide swiper-slide\"><figure><img decoding=\"async\" src=\"data:image\/gif;base64,R0lGODlhAQABAIAAAAAAAP\/\/\/ywAAAAAAQABAAACAUwAOw==\" fifu-lazy=\"1\" fifu-data-sizes=\"auto\" fifu-data-srcset=\"https:\/\/i2.wp.com\/interaccionnoticias.com.mx\/wp-content\/uploads\/2023\/02\/230213-Crit-Tlapa-4-copia-1024x683.jpg?ssl=1&w=75&resize=75&ssl=1 75w, https:\/\/i2.wp.com\/interaccionnoticias.com.mx\/wp-content\/uploads\/2023\/02\/230213-Crit-Tlapa-4-copia-1024x683.jpg?ssl=1&w=100&resize=100&ssl=1 100w, https:\/\/i2.wp.com\/interaccionnoticias.com.mx\/wp-content\/uploads\/2023\/02\/230213-Crit-Tlapa-4-copia-1024x683.jpg?ssl=1&w=150&resize=150&ssl=1 150w, https:\/\/i2.wp.com\/interaccionnoticias.com.mx\/wp-content\/uploads\/2023\/02\/230213-Crit-Tlapa-4-copia-1024x683.jpg?ssl=1&w=240&resize=240&ssl=1 240w, https:\/\/i2.wp.com\/interaccionnoticias.com.mx\/wp-content\/uploads\/2023\/02\/230213-Crit-Tlapa-4-copia-1024x683.jpg?ssl=1&w=320&resize=320&ssl=1 320w, https:\/\/i2.wp.com\/interaccionnoticias.com.mx\/wp-content\/uploads\/2023\/02\/230213-Crit-Tlapa-4-copia-1024x683.jpg?ssl=1&w=500&resize=500&ssl=1 500w, https:\/\/i2.wp.com\/interaccionnoticias.com.mx\/wp-content\/uploads\/2023\/02\/230213-Crit-Tlapa-4-copia-1024x683.jpg?ssl=1&w=640&resize=640&ssl=1 640w, https:\/\/i2.wp.com\/interaccionnoticias.com.mx\/wp-content\/uploads\/2023\/02\/230213-Crit-Tlapa-4-copia-1024x683.jpg?ssl=1&w=800&resize=800&ssl=1 800w, https:\/\/i2.wp.com\/interaccionnoticias.com.mx\/wp-content\/uploads\/2023\/02\/230213-Crit-Tlapa-4-copia-1024x683.jpg?ssl=1&w=1024&resize=1024&ssl=1 1024w, https:\/\/i2.wp.com\/interaccionnoticias.com.mx\/wp-content\/uploads\/2023\/02\/230213-Crit-Tlapa-4-copia-1024x683.jpg?ssl=1&w=1280&resize=1280&ssl=1 1280w, https:\/\/i2.wp.com\/interaccionnoticias.com.mx\/wp-content\/uploads\/2023\/02\/230213-Crit-Tlapa-4-copia-1024x683.jpg?ssl=1&w=1600&resize=1600&ssl=1 1600w\" alt=\"\" class=\"wp-block-jetpack-slideshow_image wp-image-57535\" data-id=\"57535\" fifu-data-src=\"https:\/\/i2.wp.com\/interaccionnoticias.com.mx\/wp-content\/uploads\/2023\/02\/230213-Crit-Tlapa-4-copia-1024x683.jpg?ssl=1\"\/><\/figure><\/li><\/ul><a class=\"wp-block-jetpack-slideshow_button-prev swiper-button-prev swiper-button-white\" role=\"button\"><\/a><a class=\"wp-block-jetpack-slideshow_button-next swiper-button-next swiper-button-white\" role=\"button\"><\/a><a aria-label=\"Pause Slideshow\" class=\"wp-block-jetpack-slideshow_button-pause\" role=\"button\"><\/a><div class=\"wp-block-jetpack-slideshow_pagination swiper-pagination swiper-pagination-white\"><\/div><\/div><\/div>\n","protected":false},"excerpt":{"rendered":"<p>&#8212; Acuden la secretaria del Bienestar, Ariadna Montiel, el patrono del Telet\u00f3n, Emilio Asc\u00e1rraga, y la gobernadora Evelyn Salgado&#8212; Se invertir\u00e1n 100 millones de pesos, se generar\u00e1n 300 empleos directos&hellip; <\/p>\n","protected":false},"author":14,"featured_media":57535,"comment_status":"open","ping_status":"open","sticky":false,"template":"","format":"standard","meta":{"fifu_image_url":"","fifu_image_alt":"","footnotes":""},"categories":[11],"tags":[],"class_list":["post-57531","post","type-post","status-publish","format-standard","has-post-thumbnail","hentry","category-guerrero"],"_links":{"self":[{"href":"https:\/\/www.interaccionnoticias.com.mx\/index.php?rest_route=\/wp\/v2\/posts\/57531","targetHints":{"allow":["GET"]}}],"collection":[{"href":"https:\/\/www.interaccionnoticias.com.mx\/index.php?rest_route=\/wp\/v2\/posts"}],"about":[{"href":"https:\/\/www.interaccionnoticias.com.mx\/index.php?rest_route=\/wp\/v2\/types\/post"}],"author":[{"embeddable":true,"href":"https:\/\/www.interaccionnoticias.com.mx\/index.php?rest_route=\/wp\/v2\/users\/14"}],"replies":[{"embeddable":true,"href":"https:\/\/www.interaccionnoticias.com.mx\/index.php?rest_route=%2Fwp%2Fv2%2Fcomments&post=57531"}],"version-history":[{"count":1,"href":"https:\/\/www.interaccionnoticias.com.mx\/index.php?rest_route=\/wp\/v2\/posts\/57531\/revisions"}],"predecessor-version":[{"id":57536,"href":"https:\/\/www.interaccionnoticias.com.mx\/index.php?rest_route=\/wp\/v2\/posts\/57531\/revisions\/57536"}],"wp:featuredmedia":[{"embeddable":true,"href":"https:\/\/www.interaccionnoticias.com.mx\/index.php?rest_route=\/wp\/v2\/media\/57535"}],"wp:attachment":[{"href":"https:\/\/www.interaccionnoticias.com.mx\/index.php?rest_route=%2Fwp%2Fv2%2Fmedia&parent=57531"}],"wp:term":[{"taxonomy":"category","embeddable":true,"href":"https:\/\/www.interaccionnoticias.com.mx\/index.php?rest_route=%2Fwp%2Fv2%2Fcategories&post=57531"},{"taxonomy":"post_tag","embeddable":true,"href":"https:\/\/www.interaccionnoticias.com.mx\/index.php?rest_route=%2Fwp%2Fv2%2Ftags&post=57531"}],"curies":[{"name":"wp","href":"https:\/\/api.w.org\/{rel}","templated":true}]}}