{"id":57527,"date":"2023-02-13T18:00:47","date_gmt":"2023-02-14T00:00:47","guid":{"rendered":"https:\/\/interaccionnoticias.com.mx\/?p=57527"},"modified":"2023-02-13T18:00:52","modified_gmt":"2023-02-14T00:00:52","slug":"comerciantes-retienen-a-militares-en-acapulco","status":"publish","type":"post","link":"https:\/\/www.interaccionnoticias.com.mx\/?p=57527","title":{"rendered":"Comerciantes retienen a militares en Acapulco"},"content":{"rendered":"\n<p><strong><em>&#8212; Exig\u00edan liberaci\u00f3n de un hombre detenido con un arma<br>&#8212; Los militares, estuvieron rodeados m\u00e1s de una hora<\/em><\/strong><\/p>\n\n\n\n<p><strong>Javier Trujillo<\/strong><\/p>\n\n\n\n<p>Acapulco, Gro. \u2013 M\u00e1s de un centenar de comerciantes de los mercados Constituyentes y Central, retuvieron a soldados del Ej\u00e9rcito Mexicano que hab\u00edan detenido a un hombre en posesi\u00f3n de un arma de grueso calibre.<\/p>\n\n\n\n<p>Tras la detenci\u00f3n, un grupo de comerciantes rodearon a los militares y exigieron liberar al trabajador, y comerciante de piezas de ferreter\u00eda, identificado como Ren\u00e9 \u201cN\u201d, quien ten\u00eda un arma calibre nueve mil\u00edmetros.<\/p>\n\n\n\n<p>Los comerciantes, bloquearon en su totalidad ambos sentidos de la circulaci\u00f3n en avenida. Constituyentes a la altura del Barrio de la F\u00e1brica y cerca del mercado Un Nuevo Horizonte para Guerrero.<br>Pasaba del mediod\u00eda, y el ambiente era tenso entre comerciantes, la mayor\u00eda mujeres y hombres, quienes salieron de sus negocios para impedir que los militares se llevaran a un hombre detenido.<\/p>\n\n\n\n<p>Los manifestantes, lanzaron piedras a los militares, y conformaron una valla humana con la cual impidieron la salida de los militares, a quienes en segundo encapsularon los comerciantes.<\/p>\n\n\n\n<p>La madre del detenido, acus\u00f3 que ella sab\u00eda todo lo que hac\u00edan los elementos castrenses pues estaba enterada de la informaci\u00f3n que diario da a conocer el presidente Andr\u00e9s Manuel L\u00f3pez Obrador.<\/p>\n\n\n\n<p>Incluso, dijo ante el mando castrenses, que su hijo era un joven trabajador en el mercado y exig\u00eda que lo liberara inmediatamente, pues hab\u00eda sido detenido de manera ilegal por parte de los militares a los que se\u00f1al\u00f3 de haberle sembrado el arma con la que hab\u00eda sido detenido.<\/p>\n\n\n\n<p>-\u00bfNo se lo puede llevar, reclam\u00f3 la madre del detenido? Frente al mando de los militares.<\/p>\n\n\n\n<p>-\u00bfPor qu\u00e9 no? Si tra\u00eda una pistola, no tiene permiso para portarla, cuestion\u00f3 el mando militar. Se le detuvo con un arma de fuego en posesi\u00f3n, y lo voy a poner a disposici\u00f3n del Ministerio P\u00fablico, revir\u00f3 el jefe militar.<\/p>\n\n\n\n<p>-Pero, el muchacho tra\u00eda en arma, porque \u00e9l defiende a los comerciantes, para que no nos vayan a asaltar, justific\u00f3 la madre del detenido, quien incluso.<\/p>\n\n\n\n<p>Instantes despu\u00e9s, arribaron efectivos de la Polic\u00eda de Investigaci\u00f3n Ministerial (PIM), y se llevaron al detenido con el arma en direcci\u00f3n al Ministerio P\u00fablico de la agencia central.<\/p>\n\n\n\n<p>El conflicto empez\u00f3 al filo de las 12:20 horas, cuando los comerciantes reteniendo a los solados por un detenido.<\/p>\n\n\n\n<p>Fue despu\u00e9s de casi una hora que liberaron a los militares, pues Ren\u00e9 \u201cN\u201d, hab\u00edan sido entregado a la FGE con todo y el arma.<br><\/p>\n","protected":false},"excerpt":{"rendered":"<p>&#8212; Exig\u00edan liberaci\u00f3n de un hombre detenido con un arma&#8212; Los militares, estuvieron rodeados m\u00e1s de una hora Javier Trujillo Acapulco, Gro. \u2013 M\u00e1s de un centenar de comerciantes de&hellip; <\/p>\n","protected":false},"author":3,"featured_media":57528,"comment_status":"open","ping_status":"open","sticky":false,"template":"","format":"standard","meta":{"fifu_image_url":"","fifu_image_alt":"","footnotes":""},"categories":[27],"tags":[],"class_list":["post-57527","post","type-post","status-publish","format-standard","has-post-thumbnail","hentry","category-seguridad-publica"],"_links":{"self":[{"href":"https:\/\/www.interaccionnoticias.com.mx\/index.php?rest_route=\/wp\/v2\/posts\/57527","targetHints":{"allow":["GET"]}}],"collection":[{"href":"https:\/\/www.interaccionnoticias.com.mx\/index.php?rest_route=\/wp\/v2\/posts"}],"about":[{"href":"https:\/\/www.interaccionnoticias.com.mx\/index.php?rest_route=\/wp\/v2\/types\/post"}],"author":[{"embeddable":true,"href":"https:\/\/www.interaccionnoticias.com.mx\/index.php?rest_route=\/wp\/v2\/users\/3"}],"replies":[{"embeddable":true,"href":"https:\/\/www.interaccionnoticias.com.mx\/index.php?rest_route=%2Fwp%2Fv2%2Fcomments&post=57527"}],"version-history":[{"count":1,"href":"https:\/\/www.interaccionnoticias.com.mx\/index.php?rest_route=\/wp\/v2\/posts\/57527\/revisions"}],"predecessor-version":[{"id":57529,"href":"https:\/\/www.interaccionnoticias.com.mx\/index.php?rest_route=\/wp\/v2\/posts\/57527\/revisions\/57529"}],"wp:featuredmedia":[{"embeddable":true,"href":"https:\/\/www.interaccionnoticias.com.mx\/index.php?rest_route=\/wp\/v2\/media\/57528"}],"wp:attachment":[{"href":"https:\/\/www.interaccionnoticias.com.mx\/index.php?rest_route=%2Fwp%2Fv2%2Fmedia&parent=57527"}],"wp:term":[{"taxonomy":"category","embeddable":true,"href":"https:\/\/www.interaccionnoticias.com.mx\/index.php?rest_route=%2Fwp%2Fv2%2Fcategories&post=57527"},{"taxonomy":"post_tag","embeddable":true,"href":"https:\/\/www.interaccionnoticias.com.mx\/index.php?rest_route=%2Fwp%2Fv2%2Ftags&post=57527"}],"curies":[{"name":"wp","href":"https:\/\/api.w.org\/{rel}","templated":true}]}}