{"id":57514,"date":"2023-02-13T14:00:18","date_gmt":"2023-02-13T20:00:18","guid":{"rendered":"https:\/\/interaccionnoticias.com.mx\/?p=57514"},"modified":"2023-02-13T14:00:23","modified_gmt":"2023-02-13T20:00:23","slug":"habitantes-de-ayutla-solicitan-al-tribunal-electoral-de-guerrero-teegro-regresar-al-sistema-de-partidos","status":"publish","type":"post","link":"https:\/\/www.interaccionnoticias.com.mx\/?p=57514","title":{"rendered":"Habitantes de Ayutla solicitan al Tribunal Electoral de Guerrero (TEEGro) regresar al sistema de partidos"},"content":{"rendered":"\n<p><strong><em>&#8212; Se\u00f1alan que el modelo de usos y costumbres solop ha generado problemas en los pueblos<br>&#8212; Acusan al actual Consejo Comunitario, encabezado por Isabel Morales de los Santos de ser ineficiente<\/em><\/strong><\/p>\n\n\n\n<p><strong>Yasm\u00edn Garc\u00eda Chino<\/strong><\/p>\n\n\n\n<p><strong>Chilpancingo, Gro., a 13 de febrero 2023.-<\/strong> Representates de al menos 120 comunidades de Ayutla de los Libres, acudieron al Tribunal Electoral del Estado de Guerrero (TEEGro) para solicitar regresen al sistema de partidos pol\u00edticos para elegir a sus gobernantes, ya que el r\u00e9gimen de usos y costumbres solo ha genetrado problemas.<\/p>\n\n\n\n<p>La comisi\u00f3n que este lunes lleg\u00f3 a la capital de Guerrero. est\u00e1 conformada por alrededor 300 representantes de las 120 comunidades y colonias que integran Ayutla de los Libres, quienes estuvieron encabezados por Rutilio Espindola.<\/p>\n\n\n\n<p>Ellos se\u00f1alaron que desde hace 6 a\u00f1os, Ayutla se rige por el sistema de usos y costumbres, pero el balance que hacen de dicho sistema es muy negativo.<\/p>\n\n\n\n<p>Miguel \u00c1ngel God\u00ednez Mej\u00eda, integrante de la dicha comisi\u00f3n que acudi\u00f3 al TEEGro, inform\u00f3 que est\u00e1n en contra del sistema de usos y costumbres, porque quienes llegan a encabezar el Consejo Comunitario no hacen nada por sus \u00f1ueblos en cuanto a obras p\u00fablicas, salud y educaci\u00f3n.<\/p>\n\n\n\n<p>Adem\u00e1s, acus\u00f3 que el sistema fue promovido por Bruno Pl\u00e1cido Valerio dirigente de la Uni\u00f3n de Pueblos y Organizaciones del Estado de Guerrero (UPOEG), en ese sentido se\u00f1al\u00f3 que el sistema est\u00e1 mal porque viola los derechos humanos y se ha caracterizado por la corrupci\u00f3n.<\/p>\n\n\n\n<p>Actualmente, el Consejo Comunitario es encabezado por Isabel Morales de los Santos y esta conformado por representantes de las diferentes comunidades.<\/p>\n\n\n\n<p>God\u00ednez Mej\u00eda acuso de ineficiente a Isabel Morales, ya que asegur\u00f3, no ha trabajado por Ayutla y la administraci\u00f3n municipal est\u00e1 paralizada: \u00abEstamos gobernados por mediocres que no tienen la capacidad de administrar al municipio\u00bb.<\/p>\n\n\n\n<p>La solicitud dirigida al Tribunal Electoral detalla que se lleven a cabo las consultas a la poblaci\u00f3n suspendidas hace dos a\u00f1os por la pandemia, en torno a la revisi\u00f3n del sistema para elegir a sus gobernantes.<\/p>\n\n\n\n<p>God\u00ednez Mej\u00eda a\u00f1adi\u00f3 que esperar\u00e1n la respuesta del Tribunal Electoral, pero mientras, comenzar\u00e1n a organizar a los 75 mil habitantes que integran al municipio de Ayutla, para demostrar que la inconformidad contra el sistema de usos y costumbres es casi generalizada.<\/p>\n\n\n\n<figure class=\"wp-block-gallery columns-2 is-cropped wp-block-gallery-1 is-layout-flex wp-block-gallery-is-layout-flex\"><ul class=\"blocks-gallery-grid\"><li class=\"blocks-gallery-item\"><figure><img decoding=\"async\" src=\"data:image\/gif;base64,R0lGODlhAQABAIAAAAAAAP\/\/\/ywAAAAAAQABAAACAUwAOw==\" fifu-lazy=\"1\" fifu-data-sizes=\"auto\" fifu-data-srcset=\"https:\/\/i1.wp.com\/interaccionnoticias.com.mx\/wp-content\/uploads\/2023\/02\/230213-Habitantes-de-Ayutla-2-1024x683.jpg?ssl=1&w=75&resize=75&ssl=1 75w, https:\/\/i1.wp.com\/interaccionnoticias.com.mx\/wp-content\/uploads\/2023\/02\/230213-Habitantes-de-Ayutla-2-1024x683.jpg?ssl=1&w=100&resize=100&ssl=1 100w, https:\/\/i1.wp.com\/interaccionnoticias.com.mx\/wp-content\/uploads\/2023\/02\/230213-Habitantes-de-Ayutla-2-1024x683.jpg?ssl=1&w=150&resize=150&ssl=1 150w, https:\/\/i1.wp.com\/interaccionnoticias.com.mx\/wp-content\/uploads\/2023\/02\/230213-Habitantes-de-Ayutla-2-1024x683.jpg?ssl=1&w=240&resize=240&ssl=1 240w, https:\/\/i1.wp.com\/interaccionnoticias.com.mx\/wp-content\/uploads\/2023\/02\/230213-Habitantes-de-Ayutla-2-1024x683.jpg?ssl=1&w=320&resize=320&ssl=1 320w, https:\/\/i1.wp.com\/interaccionnoticias.com.mx\/wp-content\/uploads\/2023\/02\/230213-Habitantes-de-Ayutla-2-1024x683.jpg?ssl=1&w=500&resize=500&ssl=1 500w, https:\/\/i1.wp.com\/interaccionnoticias.com.mx\/wp-content\/uploads\/2023\/02\/230213-Habitantes-de-Ayutla-2-1024x683.jpg?ssl=1&w=640&resize=640&ssl=1 640w, https:\/\/i1.wp.com\/interaccionnoticias.com.mx\/wp-content\/uploads\/2023\/02\/230213-Habitantes-de-Ayutla-2-1024x683.jpg?ssl=1&w=800&resize=800&ssl=1 800w, https:\/\/i1.wp.com\/interaccionnoticias.com.mx\/wp-content\/uploads\/2023\/02\/230213-Habitantes-de-Ayutla-2-1024x683.jpg?ssl=1&w=1024&resize=1024&ssl=1 1024w, https:\/\/i1.wp.com\/interaccionnoticias.com.mx\/wp-content\/uploads\/2023\/02\/230213-Habitantes-de-Ayutla-2-1024x683.jpg?ssl=1&w=1280&resize=1280&ssl=1 1280w, https:\/\/i1.wp.com\/interaccionnoticias.com.mx\/wp-content\/uploads\/2023\/02\/230213-Habitantes-de-Ayutla-2-1024x683.jpg?ssl=1&w=1600&resize=1600&ssl=1 1600w\" fifu-data-src=\"https:\/\/i1.wp.com\/interaccionnoticias.com.mx\/wp-content\/uploads\/2023\/02\/230213-Habitantes-de-Ayutla-2-1024x683.jpg?ssl=1\" alt=\"\" data-id=\"57517\" data-full-url=\"https:\/\/interaccionnoticias.com.mx\/wp-content\/uploads\/2023\/02\/230213-Habitantes-de-Ayutla-2.jpg\" data-link=\"https:\/\/interaccionnoticias.com.mx\/?attachment_id=57517\" class=\"wp-image-57517\"\/><\/figure><\/li><li class=\"blocks-gallery-item\"><figure><img decoding=\"async\" src=\"data:image\/gif;base64,R0lGODlhAQABAIAAAAAAAP\/\/\/ywAAAAAAQABAAACAUwAOw==\" fifu-lazy=\"1\" fifu-data-sizes=\"auto\" fifu-data-srcset=\"https:\/\/i2.wp.com\/interaccionnoticias.com.mx\/wp-content\/uploads\/2023\/02\/230213-Habitantes-de-Ayutla-1-1024x683.jpg?ssl=1&w=75&resize=75&ssl=1 75w, https:\/\/i2.wp.com\/interaccionnoticias.com.mx\/wp-content\/uploads\/2023\/02\/230213-Habitantes-de-Ayutla-1-1024x683.jpg?ssl=1&w=100&resize=100&ssl=1 100w, https:\/\/i2.wp.com\/interaccionnoticias.com.mx\/wp-content\/uploads\/2023\/02\/230213-Habitantes-de-Ayutla-1-1024x683.jpg?ssl=1&w=150&resize=150&ssl=1 150w, https:\/\/i2.wp.com\/interaccionnoticias.com.mx\/wp-content\/uploads\/2023\/02\/230213-Habitantes-de-Ayutla-1-1024x683.jpg?ssl=1&w=240&resize=240&ssl=1 240w, https:\/\/i2.wp.com\/interaccionnoticias.com.mx\/wp-content\/uploads\/2023\/02\/230213-Habitantes-de-Ayutla-1-1024x683.jpg?ssl=1&w=320&resize=320&ssl=1 320w, https:\/\/i2.wp.com\/interaccionnoticias.com.mx\/wp-content\/uploads\/2023\/02\/230213-Habitantes-de-Ayutla-1-1024x683.jpg?ssl=1&w=500&resize=500&ssl=1 500w, https:\/\/i2.wp.com\/interaccionnoticias.com.mx\/wp-content\/uploads\/2023\/02\/230213-Habitantes-de-Ayutla-1-1024x683.jpg?ssl=1&w=640&resize=640&ssl=1 640w, https:\/\/i2.wp.com\/interaccionnoticias.com.mx\/wp-content\/uploads\/2023\/02\/230213-Habitantes-de-Ayutla-1-1024x683.jpg?ssl=1&w=800&resize=800&ssl=1 800w, https:\/\/i2.wp.com\/interaccionnoticias.com.mx\/wp-content\/uploads\/2023\/02\/230213-Habitantes-de-Ayutla-1-1024x683.jpg?ssl=1&w=1024&resize=1024&ssl=1 1024w, https:\/\/i2.wp.com\/interaccionnoticias.com.mx\/wp-content\/uploads\/2023\/02\/230213-Habitantes-de-Ayutla-1-1024x683.jpg?ssl=1&w=1280&resize=1280&ssl=1 1280w, https:\/\/i2.wp.com\/interaccionnoticias.com.mx\/wp-content\/uploads\/2023\/02\/230213-Habitantes-de-Ayutla-1-1024x683.jpg?ssl=1&w=1600&resize=1600&ssl=1 1600w\" fifu-data-src=\"https:\/\/i2.wp.com\/interaccionnoticias.com.mx\/wp-content\/uploads\/2023\/02\/230213-Habitantes-de-Ayutla-1-1024x683.jpg?ssl=1\" alt=\"\" data-id=\"57518\" data-full-url=\"https:\/\/interaccionnoticias.com.mx\/wp-content\/uploads\/2023\/02\/230213-Habitantes-de-Ayutla-1.jpg\" data-link=\"https:\/\/interaccionnoticias.com.mx\/?attachment_id=57518\" class=\"wp-image-57518\"\/><\/figure><\/li><\/ul><\/figure>\n","protected":false},"excerpt":{"rendered":"<p>&#8212; Se\u00f1alan que el modelo de usos y costumbres solop ha generado problemas en los pueblos&#8212; Acusan al actual Consejo Comunitario, encabezado por Isabel Morales de los Santos de ser&hellip; <\/p>\n","protected":false},"author":4,"featured_media":57518,"comment_status":"open","ping_status":"open","sticky":false,"template":"","format":"standard","meta":{"fifu_image_url":"","fifu_image_alt":"","footnotes":""},"categories":[17],"tags":[],"class_list":["post-57514","post","type-post","status-publish","format-standard","has-post-thumbnail","hentry","category-organos-electorales"],"_links":{"self":[{"href":"https:\/\/www.interaccionnoticias.com.mx\/index.php?rest_route=\/wp\/v2\/posts\/57514","targetHints":{"allow":["GET"]}}],"collection":[{"href":"https:\/\/www.interaccionnoticias.com.mx\/index.php?rest_route=\/wp\/v2\/posts"}],"about":[{"href":"https:\/\/www.interaccionnoticias.com.mx\/index.php?rest_route=\/wp\/v2\/types\/post"}],"author":[{"embeddable":true,"href":"https:\/\/www.interaccionnoticias.com.mx\/index.php?rest_route=\/wp\/v2\/users\/4"}],"replies":[{"embeddable":true,"href":"https:\/\/www.interaccionnoticias.com.mx\/index.php?rest_route=%2Fwp%2Fv2%2Fcomments&post=57514"}],"version-history":[{"count":1,"href":"https:\/\/www.interaccionnoticias.com.mx\/index.php?rest_route=\/wp\/v2\/posts\/57514\/revisions"}],"predecessor-version":[{"id":57519,"href":"https:\/\/www.interaccionnoticias.com.mx\/index.php?rest_route=\/wp\/v2\/posts\/57514\/revisions\/57519"}],"wp:featuredmedia":[{"embeddable":true,"href":"https:\/\/www.interaccionnoticias.com.mx\/index.php?rest_route=\/wp\/v2\/media\/57518"}],"wp:attachment":[{"href":"https:\/\/www.interaccionnoticias.com.mx\/index.php?rest_route=%2Fwp%2Fv2%2Fmedia&parent=57514"}],"wp:term":[{"taxonomy":"category","embeddable":true,"href":"https:\/\/www.interaccionnoticias.com.mx\/index.php?rest_route=%2Fwp%2Fv2%2Fcategories&post=57514"},{"taxonomy":"post_tag","embeddable":true,"href":"https:\/\/www.interaccionnoticias.com.mx\/index.php?rest_route=%2Fwp%2Fv2%2Ftags&post=57514"}],"curies":[{"name":"wp","href":"https:\/\/api.w.org\/{rel}","templated":true}]}}