{"id":57511,"date":"2023-02-13T13:53:31","date_gmt":"2023-02-13T19:53:31","guid":{"rendered":"https:\/\/interaccionnoticias.com.mx\/?p=57511"},"modified":"2023-02-13T13:53:36","modified_gmt":"2023-02-13T19:53:36","slug":"continuan-protestas-de-profesores-de-la-enuf","status":"publish","type":"post","link":"https:\/\/www.interaccionnoticias.com.mx\/?p=57511","title":{"rendered":"Contin\u00faan protestas de profesores de la ENUF"},"content":{"rendered":"\n<p><strong><em>&#8212; Exigen en la legalidad de las promociones que realiza la SEG<\/em><\/strong><\/p>\n\n\n\n<p><strong>Jes\u00fas Dorantes<\/strong><\/p>\n\n\n\n<p><strong>Chilpancingo, Gro.- <\/strong>Profesores de la Escuela Normal Urbana Federal (ENUF) Rafael Ram\u00edrez cerraron las oficinas de la Subsecretar\u00eda de Educaci\u00f3n Media Superior y Superior, de la Secretar\u00eda de Educaci\u00f3n Guerrero (SEG) para exigir que avance el proceso de promoci\u00f3n de ocho de sus compa\u00f1eros.<\/p>\n\n\n\n<p>La jornada del lunes, un grupo aproximado de 20 profesores se movilizaron hasta el Fraccionamiento Bosques en la capital de Guerrero, justo d\u00f3nde se encuentran las oficinas del titular de la referida Subsecretar\u00eda, Antonio Marb\u00e1n Galv\u00e1n.<\/p>\n\n\n\n<p>Dentro de la protesta, la delegada sindical, Josefina Salinas destac\u00f3 que ya son cuatro semanas de que comenzaron a realizar movilizaciones, pero hasta el momento no consiguen obtener respuestas favorables.<\/p>\n\n\n\n<p>Record\u00f3 que la semana anterior tomaron las mismas oficinas sin tener alg\u00fan avance de su exigencia, solicitando que se agilice el proceso de promoci\u00f3n de sus compa\u00f1eros.<\/p>\n\n\n\n<p>A pesar de que sus compa\u00f1eros que intentan cambiar de l\u00ednea escalafonaria cuentan con el perfil, aseguran que se les nuega dicho derecho argumentando diferentes excusas, por lo que calificaron el tema como un asunto pol\u00edtico.<\/p>\n\n\n\n<p>Adviertieron que los espacios destinados para los docentes los intentan usar para personas que no cuentan con el perfil, pero que son a fines a funcionarios de la Secretar\u00eda de Educaci\u00f3n, lo que es completamente irregular.<\/p>\n","protected":false},"excerpt":{"rendered":"<p>&#8212; Exigen en la legalidad de las promociones que realiza la SEG Jes\u00fas Dorantes Chilpancingo, Gro.- Profesores de la Escuela Normal Urbana Federal (ENUF) Rafael Ram\u00edrez cerraron las oficinas de&hellip; <\/p>\n","protected":false},"author":8,"featured_media":57512,"comment_status":"open","ping_status":"open","sticky":false,"template":"","format":"standard","meta":{"fifu_image_url":"","fifu_image_alt":"","footnotes":""},"categories":[6],"tags":[],"class_list":["post-57511","post","type-post","status-publish","format-standard","has-post-thumbnail","hentry","category-educacion"],"_links":{"self":[{"href":"https:\/\/www.interaccionnoticias.com.mx\/index.php?rest_route=\/wp\/v2\/posts\/57511","targetHints":{"allow":["GET"]}}],"collection":[{"href":"https:\/\/www.interaccionnoticias.com.mx\/index.php?rest_route=\/wp\/v2\/posts"}],"about":[{"href":"https:\/\/www.interaccionnoticias.com.mx\/index.php?rest_route=\/wp\/v2\/types\/post"}],"author":[{"embeddable":true,"href":"https:\/\/www.interaccionnoticias.com.mx\/index.php?rest_route=\/wp\/v2\/users\/8"}],"replies":[{"embeddable":true,"href":"https:\/\/www.interaccionnoticias.com.mx\/index.php?rest_route=%2Fwp%2Fv2%2Fcomments&post=57511"}],"version-history":[{"count":1,"href":"https:\/\/www.interaccionnoticias.com.mx\/index.php?rest_route=\/wp\/v2\/posts\/57511\/revisions"}],"predecessor-version":[{"id":57513,"href":"https:\/\/www.interaccionnoticias.com.mx\/index.php?rest_route=\/wp\/v2\/posts\/57511\/revisions\/57513"}],"wp:featuredmedia":[{"embeddable":true,"href":"https:\/\/www.interaccionnoticias.com.mx\/index.php?rest_route=\/wp\/v2\/media\/57512"}],"wp:attachment":[{"href":"https:\/\/www.interaccionnoticias.com.mx\/index.php?rest_route=%2Fwp%2Fv2%2Fmedia&parent=57511"}],"wp:term":[{"taxonomy":"category","embeddable":true,"href":"https:\/\/www.interaccionnoticias.com.mx\/index.php?rest_route=%2Fwp%2Fv2%2Fcategories&post=57511"},{"taxonomy":"post_tag","embeddable":true,"href":"https:\/\/www.interaccionnoticias.com.mx\/index.php?rest_route=%2Fwp%2Fv2%2Ftags&post=57511"}],"curies":[{"name":"wp","href":"https:\/\/api.w.org\/{rel}","templated":true}]}}