{"id":57495,"date":"2023-02-13T13:39:55","date_gmt":"2023-02-13T19:39:55","guid":{"rendered":"https:\/\/interaccionnoticias.com.mx\/?p=57495"},"modified":"2023-02-13T13:40:00","modified_gmt":"2023-02-13T19:40:00","slug":"maestros-y-alumnos-de-de-secundaria-de-nueva-creacion-protestan-en-tlapa","status":"publish","type":"post","link":"https:\/\/www.interaccionnoticias.com.mx\/?p=57495","title":{"rendered":"Maestros y alumnos de de secundaria de nueva creaci\u00f3n protestan en Tlapa"},"content":{"rendered":"\n<p><strong><em>&#8212; Previo al evento de colocaci\u00f3n de la primera piedra del Telet\u00f3n<\/em><\/strong><\/p>\n\n\n\n<p><strong>Rosario Garc\u00eda Orozco<\/strong><\/p>\n\n\n\n<p><strong>Tlapa de Comonfort, Gro., 13 de febrero del 2023.- <\/strong>Maestros y estudiantes de una Escuela Secundaria de nueva creaci\u00f3n, protestaron previo al evento de colocaci\u00f3n de la primera piedra del Centro de Rehabilitaci\u00f3n e Inclusi\u00f3n Infantil (Crit), de la Monta\u00f1a de Guerrero, en Tlapa de Comonfort.<\/p>\n\n\n\n<p>La demanda de los manifestantes consiste en la donaci\u00f3n de un terreno para la construcci\u00f3n de su escuela y la asignaci\u00f3n de 15 plazas docentes y administrativas para que atiendan a los 204 estudiantes, que en su mayor\u00eda son ind\u00edgenas.<\/p>\n\n\n\n<p>Alberto R\u00edos Cano, coordinador general del Movimiento Social de La Monta\u00f1a, inform\u00f3 que la escuela secundaria, que hoy funciona como m\u00f3dulo en la Colonia L\u00e1zaro C\u00e1rdenas de Tlapa, se creo desde hace 4 a\u00f1os como una necesidad para atender a estudiantes que llegan de diferentes comunidades de distintos municipios de la regi\u00f3n, por lo que sostuvo que es importante que cuenten con un espacio propio para tomar sus clases, \u00abestamos atendiendo a los adolescentes en un plantel prestado, pero ya se necesita que cuenten con su propia escuela\u00bb.<\/p>\n\n\n\n<p>Agreg\u00f3 que el prop\u00f3sito de la protesta es hablar con la gobernadora Evelyn Salgado Pineda, \u00abporque el secretario Marcial Rodr\u00edguez Salda\u00f1a, y su personal no nos han resuelto nada a pesar de que ya les hicimos entrega de varios oficios para solicitar tanto el terreno, como las plazas administrativas y docentes, entre otras demandas\u00bb.<\/p>\n\n\n\n<p>Lament\u00f3 que los administrativos y docentes de esa escuela no cuenten con prestaciones y menos con la seguridad laboral de una plaza, porque solo est\u00e1n operando con contratos temporales, \u00abno tienen ninguna garant\u00eda laboral y eso no es justo, sobre todo porque ya han transcurrido 4 a\u00f1os en esa misma situaci\u00f3n\u00bb.<\/p>\n\n\n\n<p>Los inconformes arribaron al espacio en el que se va a construir el Centro de Rehabilitaci\u00f3n e Inclusi\u00f3n Infantil Telet\u00f3n de La Monta\u00f1a, que encabezar\u00e1 la secretaria del Bienestar, Ariadna Montiel Reyes, qui\u00e9n estar\u00e1 acompa\u00f1ada por el<\/p>\n\n\n\n<p>Presidente de la Fundaci\u00f3n Telet\u00f3n, Fernando Landeros, y la gobernadora de Guerrero, Evelyn Salgado Pineda.<\/p>\n\n\n\n<div class=\"wp-block-jetpack-slideshow aligncenter\" data-effect=\"slide\"><div class=\"wp-block-jetpack-slideshow_container swiper-container\"><ul class=\"wp-block-jetpack-slideshow_swiper-wrapper swiper-wrapper\"><li class=\"wp-block-jetpack-slideshow_slide swiper-slide\"><figure><img decoding=\"async\" src=\"data:image\/gif;base64,R0lGODlhAQABAIAAAAAAAP\/\/\/ywAAAAAAQABAAACAUwAOw==\" fifu-lazy=\"1\" fifu-data-sizes=\"auto\" fifu-data-srcset=\"https:\/\/i0.wp.com\/interaccionnoticias.com.mx\/wp-content\/uploads\/2023\/02\/230213-protestan-en-Tlapa-2-1024x683.jpg?ssl=1&w=75&resize=75&ssl=1 75w, https:\/\/i0.wp.com\/interaccionnoticias.com.mx\/wp-content\/uploads\/2023\/02\/230213-protestan-en-Tlapa-2-1024x683.jpg?ssl=1&w=100&resize=100&ssl=1 100w, https:\/\/i0.wp.com\/interaccionnoticias.com.mx\/wp-content\/uploads\/2023\/02\/230213-protestan-en-Tlapa-2-1024x683.jpg?ssl=1&w=150&resize=150&ssl=1 150w, https:\/\/i0.wp.com\/interaccionnoticias.com.mx\/wp-content\/uploads\/2023\/02\/230213-protestan-en-Tlapa-2-1024x683.jpg?ssl=1&w=240&resize=240&ssl=1 240w, https:\/\/i0.wp.com\/interaccionnoticias.com.mx\/wp-content\/uploads\/2023\/02\/230213-protestan-en-Tlapa-2-1024x683.jpg?ssl=1&w=320&resize=320&ssl=1 320w, https:\/\/i0.wp.com\/interaccionnoticias.com.mx\/wp-content\/uploads\/2023\/02\/230213-protestan-en-Tlapa-2-1024x683.jpg?ssl=1&w=500&resize=500&ssl=1 500w, https:\/\/i0.wp.com\/interaccionnoticias.com.mx\/wp-content\/uploads\/2023\/02\/230213-protestan-en-Tlapa-2-1024x683.jpg?ssl=1&w=640&resize=640&ssl=1 640w, https:\/\/i0.wp.com\/interaccionnoticias.com.mx\/wp-content\/uploads\/2023\/02\/230213-protestan-en-Tlapa-2-1024x683.jpg?ssl=1&w=800&resize=800&ssl=1 800w, https:\/\/i0.wp.com\/interaccionnoticias.com.mx\/wp-content\/uploads\/2023\/02\/230213-protestan-en-Tlapa-2-1024x683.jpg?ssl=1&w=1024&resize=1024&ssl=1 1024w, https:\/\/i0.wp.com\/interaccionnoticias.com.mx\/wp-content\/uploads\/2023\/02\/230213-protestan-en-Tlapa-2-1024x683.jpg?ssl=1&w=1280&resize=1280&ssl=1 1280w, https:\/\/i0.wp.com\/interaccionnoticias.com.mx\/wp-content\/uploads\/2023\/02\/230213-protestan-en-Tlapa-2-1024x683.jpg?ssl=1&w=1600&resize=1600&ssl=1 1600w\" alt=\"\" class=\"wp-block-jetpack-slideshow_image wp-image-57496\" data-id=\"57496\" fifu-data-src=\"https:\/\/i0.wp.com\/interaccionnoticias.com.mx\/wp-content\/uploads\/2023\/02\/230213-protestan-en-Tlapa-2-1024x683.jpg?ssl=1\"\/><\/figure><\/li><li class=\"wp-block-jetpack-slideshow_slide swiper-slide\"><figure><img decoding=\"async\" src=\"data:image\/gif;base64,R0lGODlhAQABAIAAAAAAAP\/\/\/ywAAAAAAQABAAACAUwAOw==\" fifu-lazy=\"1\" fifu-data-sizes=\"auto\" fifu-data-srcset=\"https:\/\/i1.wp.com\/interaccionnoticias.com.mx\/wp-content\/uploads\/2023\/02\/230213-protestan-en-Tlapa-2-copia-1024x683.jpg?ssl=1&w=75&resize=75&ssl=1 75w, https:\/\/i1.wp.com\/interaccionnoticias.com.mx\/wp-content\/uploads\/2023\/02\/230213-protestan-en-Tlapa-2-copia-1024x683.jpg?ssl=1&w=100&resize=100&ssl=1 100w, https:\/\/i1.wp.com\/interaccionnoticias.com.mx\/wp-content\/uploads\/2023\/02\/230213-protestan-en-Tlapa-2-copia-1024x683.jpg?ssl=1&w=150&resize=150&ssl=1 150w, https:\/\/i1.wp.com\/interaccionnoticias.com.mx\/wp-content\/uploads\/2023\/02\/230213-protestan-en-Tlapa-2-copia-1024x683.jpg?ssl=1&w=240&resize=240&ssl=1 240w, https:\/\/i1.wp.com\/interaccionnoticias.com.mx\/wp-content\/uploads\/2023\/02\/230213-protestan-en-Tlapa-2-copia-1024x683.jpg?ssl=1&w=320&resize=320&ssl=1 320w, https:\/\/i1.wp.com\/interaccionnoticias.com.mx\/wp-content\/uploads\/2023\/02\/230213-protestan-en-Tlapa-2-copia-1024x683.jpg?ssl=1&w=500&resize=500&ssl=1 500w, https:\/\/i1.wp.com\/interaccionnoticias.com.mx\/wp-content\/uploads\/2023\/02\/230213-protestan-en-Tlapa-2-copia-1024x683.jpg?ssl=1&w=640&resize=640&ssl=1 640w, https:\/\/i1.wp.com\/interaccionnoticias.com.mx\/wp-content\/uploads\/2023\/02\/230213-protestan-en-Tlapa-2-copia-1024x683.jpg?ssl=1&w=800&resize=800&ssl=1 800w, https:\/\/i1.wp.com\/interaccionnoticias.com.mx\/wp-content\/uploads\/2023\/02\/230213-protestan-en-Tlapa-2-copia-1024x683.jpg?ssl=1&w=1024&resize=1024&ssl=1 1024w, https:\/\/i1.wp.com\/interaccionnoticias.com.mx\/wp-content\/uploads\/2023\/02\/230213-protestan-en-Tlapa-2-copia-1024x683.jpg?ssl=1&w=1280&resize=1280&ssl=1 1280w, https:\/\/i1.wp.com\/interaccionnoticias.com.mx\/wp-content\/uploads\/2023\/02\/230213-protestan-en-Tlapa-2-copia-1024x683.jpg?ssl=1&w=1600&resize=1600&ssl=1 1600w\" alt=\"\" class=\"wp-block-jetpack-slideshow_image wp-image-57497\" data-id=\"57497\" fifu-data-src=\"https:\/\/i1.wp.com\/interaccionnoticias.com.mx\/wp-content\/uploads\/2023\/02\/230213-protestan-en-Tlapa-2-copia-1024x683.jpg?ssl=1\"\/><\/figure><\/li><li class=\"wp-block-jetpack-slideshow_slide swiper-slide\"><figure><img decoding=\"async\" src=\"data:image\/gif;base64,R0lGODlhAQABAIAAAAAAAP\/\/\/ywAAAAAAQABAAACAUwAOw==\" fifu-lazy=\"1\" fifu-data-sizes=\"auto\" fifu-data-srcset=\"https:\/\/i3.wp.com\/interaccionnoticias.com.mx\/wp-content\/uploads\/2023\/02\/230213-protestan-en-Tlapa-1-1024x683.jpg?ssl=1&w=75&resize=75&ssl=1 75w, https:\/\/i3.wp.com\/interaccionnoticias.com.mx\/wp-content\/uploads\/2023\/02\/230213-protestan-en-Tlapa-1-1024x683.jpg?ssl=1&w=100&resize=100&ssl=1 100w, https:\/\/i3.wp.com\/interaccionnoticias.com.mx\/wp-content\/uploads\/2023\/02\/230213-protestan-en-Tlapa-1-1024x683.jpg?ssl=1&w=150&resize=150&ssl=1 150w, https:\/\/i3.wp.com\/interaccionnoticias.com.mx\/wp-content\/uploads\/2023\/02\/230213-protestan-en-Tlapa-1-1024x683.jpg?ssl=1&w=240&resize=240&ssl=1 240w, https:\/\/i3.wp.com\/interaccionnoticias.com.mx\/wp-content\/uploads\/2023\/02\/230213-protestan-en-Tlapa-1-1024x683.jpg?ssl=1&w=320&resize=320&ssl=1 320w, https:\/\/i3.wp.com\/interaccionnoticias.com.mx\/wp-content\/uploads\/2023\/02\/230213-protestan-en-Tlapa-1-1024x683.jpg?ssl=1&w=500&resize=500&ssl=1 500w, https:\/\/i3.wp.com\/interaccionnoticias.com.mx\/wp-content\/uploads\/2023\/02\/230213-protestan-en-Tlapa-1-1024x683.jpg?ssl=1&w=640&resize=640&ssl=1 640w, https:\/\/i3.wp.com\/interaccionnoticias.com.mx\/wp-content\/uploads\/2023\/02\/230213-protestan-en-Tlapa-1-1024x683.jpg?ssl=1&w=800&resize=800&ssl=1 800w, https:\/\/i3.wp.com\/interaccionnoticias.com.mx\/wp-content\/uploads\/2023\/02\/230213-protestan-en-Tlapa-1-1024x683.jpg?ssl=1&w=1024&resize=1024&ssl=1 1024w, https:\/\/i3.wp.com\/interaccionnoticias.com.mx\/wp-content\/uploads\/2023\/02\/230213-protestan-en-Tlapa-1-1024x683.jpg?ssl=1&w=1280&resize=1280&ssl=1 1280w, https:\/\/i3.wp.com\/interaccionnoticias.com.mx\/wp-content\/uploads\/2023\/02\/230213-protestan-en-Tlapa-1-1024x683.jpg?ssl=1&w=1600&resize=1600&ssl=1 1600w\" alt=\"\" class=\"wp-block-jetpack-slideshow_image wp-image-57498\" data-id=\"57498\" fifu-data-src=\"https:\/\/i3.wp.com\/interaccionnoticias.com.mx\/wp-content\/uploads\/2023\/02\/230213-protestan-en-Tlapa-1-1024x683.jpg?ssl=1\"\/><\/figure><\/li><\/ul><a class=\"wp-block-jetpack-slideshow_button-prev swiper-button-prev swiper-button-white\" role=\"button\"><\/a><a class=\"wp-block-jetpack-slideshow_button-next swiper-button-next swiper-button-white\" role=\"button\"><\/a><a aria-label=\"Pause Slideshow\" class=\"wp-block-jetpack-slideshow_button-pause\" role=\"button\"><\/a><div class=\"wp-block-jetpack-slideshow_pagination swiper-pagination swiper-pagination-white\"><\/div><\/div><\/div>\n","protected":false},"excerpt":{"rendered":"<p>&#8212; Previo al evento de colocaci\u00f3n de la primera piedra del Telet\u00f3n Rosario Garc\u00eda Orozco Tlapa de Comonfort, Gro., 13 de febrero del 2023.- Maestros y estudiantes de una Escuela&hellip; <\/p>\n","protected":false},"author":14,"featured_media":57498,"comment_status":"open","ping_status":"open","sticky":false,"template":"","format":"standard","meta":{"fifu_image_url":"","fifu_image_alt":"","footnotes":""},"categories":[6],"tags":[],"class_list":["post-57495","post","type-post","status-publish","format-standard","has-post-thumbnail","hentry","category-educacion"],"_links":{"self":[{"href":"https:\/\/www.interaccionnoticias.com.mx\/index.php?rest_route=\/wp\/v2\/posts\/57495","targetHints":{"allow":["GET"]}}],"collection":[{"href":"https:\/\/www.interaccionnoticias.com.mx\/index.php?rest_route=\/wp\/v2\/posts"}],"about":[{"href":"https:\/\/www.interaccionnoticias.com.mx\/index.php?rest_route=\/wp\/v2\/types\/post"}],"author":[{"embeddable":true,"href":"https:\/\/www.interaccionnoticias.com.mx\/index.php?rest_route=\/wp\/v2\/users\/14"}],"replies":[{"embeddable":true,"href":"https:\/\/www.interaccionnoticias.com.mx\/index.php?rest_route=%2Fwp%2Fv2%2Fcomments&post=57495"}],"version-history":[{"count":1,"href":"https:\/\/www.interaccionnoticias.com.mx\/index.php?rest_route=\/wp\/v2\/posts\/57495\/revisions"}],"predecessor-version":[{"id":57499,"href":"https:\/\/www.interaccionnoticias.com.mx\/index.php?rest_route=\/wp\/v2\/posts\/57495\/revisions\/57499"}],"wp:featuredmedia":[{"embeddable":true,"href":"https:\/\/www.interaccionnoticias.com.mx\/index.php?rest_route=\/wp\/v2\/media\/57498"}],"wp:attachment":[{"href":"https:\/\/www.interaccionnoticias.com.mx\/index.php?rest_route=%2Fwp%2Fv2%2Fmedia&parent=57495"}],"wp:term":[{"taxonomy":"category","embeddable":true,"href":"https:\/\/www.interaccionnoticias.com.mx\/index.php?rest_route=%2Fwp%2Fv2%2Fcategories&post=57495"},{"taxonomy":"post_tag","embeddable":true,"href":"https:\/\/www.interaccionnoticias.com.mx\/index.php?rest_route=%2Fwp%2Fv2%2Ftags&post=57495"}],"curies":[{"name":"wp","href":"https:\/\/api.w.org\/{rel}","templated":true}]}}