{"id":57446,"date":"2023-02-11T20:31:50","date_gmt":"2023-02-12T02:31:50","guid":{"rendered":"https:\/\/interaccionnoticias.com.mx\/?p=57446"},"modified":"2023-02-11T20:31:55","modified_gmt":"2023-02-12T02:31:55","slug":"con-torniquete-en-el-cuello-y-encajuelados","status":"publish","type":"post","link":"https:\/\/www.interaccionnoticias.com.mx\/?p=57446","title":{"rendered":"Con torniquete en el cuello y encajuelados"},"content":{"rendered":"\n<p><strong><em>&#8212; En Ciudad Renacimiento abandonaron los cuerpos<br>&#8212; Contin\u00faan los hechos de violencia en Acapulco<\/em><\/strong><\/p>\n\n\n\n<p><strong>Javier Trujillo<\/strong><\/p>\n\n\n\n<p><strong>Acapulco, Gro. \u2013<\/strong> Con huellas de tortura, atado de manos, con torniquete y encajuelados, fueron encontrados los cuerpos de dos hombres, al interior de un veh\u00edculo con placas del Estado de M\u00e9xico, en Acapulco.<\/p>\n\n\n\n<p>Los hechos fueron reportados en la zona suburbana del puerto, donde se inform\u00f3 que se hab\u00eda reportado un veh\u00edculo con placas del Estado de M\u00e9xico, con placas MVX 74-60 que estaba abandonado.<\/p>\n\n\n\n<p>La unidad, marca Volkswagen tipo Vento, blanco, abandonado entre las calles de Cerrada La Palma y Emiliano Zapata, en la colonia Fidel Vel\u00e1zquez, de acuerdo con un reporte que se hizo al 911.<\/p>\n\n\n\n<p>Hasta el lugar, acudieron efectivos de seguridad p\u00fablica y de las fuerzas federales, para acordonar la escena del crimen, y confirmar que dentro de la unidad estaban los cuerpos de dos hombres.<\/p>\n\n\n\n<p>M\u00e1s tarde, personal de Servicios Periciales, arrib\u00f3 al lugar para realizar las diligencias y se orden\u00f3 el levantamiento cadav\u00e9rico y enviarlos al Servicio M\u00e9dico Forense (SEMEFO) y el veh\u00edculo fue asegurado.<\/p>\n\n\n\n<p>Cabe mencionar que un recuento de hechos de violencia suma 90 cr\u00edmenes en lo que va del presente a\u00f1o, entre estas ocho mujeres, en el mes de enero y febrero, solamente en este destino tur\u00edstico.<\/p>\n\n\n\n<p>Sin que hasta el momento la Fiscal\u00eda general del Estado, haya presentado alg\u00fan presunto responsable por los cr\u00edmenes dolosos que se han presentado en lo que va del 2023.<\/p>\n","protected":false},"excerpt":{"rendered":"<p>&#8212; En Ciudad Renacimiento abandonaron los cuerpos&#8212; Contin\u00faan los hechos de violencia en Acapulco Javier Trujillo Acapulco, Gro. \u2013 Con huellas de tortura, atado de manos, con torniquete y encajuelados,&hellip; <\/p>\n","protected":false},"author":3,"featured_media":57447,"comment_status":"open","ping_status":"open","sticky":false,"template":"","format":"standard","meta":{"fifu_image_url":"","fifu_image_alt":"","footnotes":""},"categories":[27],"tags":[],"class_list":["post-57446","post","type-post","status-publish","format-standard","has-post-thumbnail","hentry","category-seguridad-publica"],"_links":{"self":[{"href":"https:\/\/www.interaccionnoticias.com.mx\/index.php?rest_route=\/wp\/v2\/posts\/57446","targetHints":{"allow":["GET"]}}],"collection":[{"href":"https:\/\/www.interaccionnoticias.com.mx\/index.php?rest_route=\/wp\/v2\/posts"}],"about":[{"href":"https:\/\/www.interaccionnoticias.com.mx\/index.php?rest_route=\/wp\/v2\/types\/post"}],"author":[{"embeddable":true,"href":"https:\/\/www.interaccionnoticias.com.mx\/index.php?rest_route=\/wp\/v2\/users\/3"}],"replies":[{"embeddable":true,"href":"https:\/\/www.interaccionnoticias.com.mx\/index.php?rest_route=%2Fwp%2Fv2%2Fcomments&post=57446"}],"version-history":[{"count":1,"href":"https:\/\/www.interaccionnoticias.com.mx\/index.php?rest_route=\/wp\/v2\/posts\/57446\/revisions"}],"predecessor-version":[{"id":57448,"href":"https:\/\/www.interaccionnoticias.com.mx\/index.php?rest_route=\/wp\/v2\/posts\/57446\/revisions\/57448"}],"wp:featuredmedia":[{"embeddable":true,"href":"https:\/\/www.interaccionnoticias.com.mx\/index.php?rest_route=\/wp\/v2\/media\/57447"}],"wp:attachment":[{"href":"https:\/\/www.interaccionnoticias.com.mx\/index.php?rest_route=%2Fwp%2Fv2%2Fmedia&parent=57446"}],"wp:term":[{"taxonomy":"category","embeddable":true,"href":"https:\/\/www.interaccionnoticias.com.mx\/index.php?rest_route=%2Fwp%2Fv2%2Fcategories&post=57446"},{"taxonomy":"post_tag","embeddable":true,"href":"https:\/\/www.interaccionnoticias.com.mx\/index.php?rest_route=%2Fwp%2Fv2%2Ftags&post=57446"}],"curies":[{"name":"wp","href":"https:\/\/api.w.org\/{rel}","templated":true}]}}