{"id":57431,"date":"2023-02-10T19:09:39","date_gmt":"2023-02-11T01:09:39","guid":{"rendered":"https:\/\/interaccionnoticias.com.mx\/?p=57431"},"modified":"2023-02-10T19:09:43","modified_gmt":"2023-02-11T01:09:43","slug":"morena-guerrero-avala-el-incremento-al-peaje-en-la-autopista-del-sol","status":"publish","type":"post","link":"https:\/\/www.interaccionnoticias.com.mx\/?p=57431","title":{"rendered":"MORENA-Guerrero avala el incremento al peaje en la Autopista del Sol"},"content":{"rendered":"\n<p><strong><em>&#8212; Jacinto Gonz\u00e1lez asegura que el incremento \u201cno es descabellado\u201d<br>&#8212; Acusa al PRI, PRD y PAN de hacer \u201cpolitiquer\u00eda\u201d sobre el tema<\/em><\/strong><\/p>\n\n\n\n<p><strong>Eduardo Yener Santos \/ CHILPANCINGO, Gro., 10 de febrero de 2023<\/strong><\/p>\n\n\n\n<p>El presidente del Comit\u00e9 Ejecutivo Estatal (CEE) de MORENA, Jacinto Gonz\u00e1lez Varona aval\u00f3 el aumento del peaje en la autopista del Sol, al considerar que est\u00e1 justificado en la inflaci\u00f3n y al incremento del salario m\u00ednimo, luego llam\u00f3 al PRI, al PRD y al PAN a no hacer politiquer\u00eda sobre el tema.<\/p>\n\n\n\n<p>Gonz\u00e1lez Varona sostuvo que el incrementos anunciado por Caminos y Puentes Federales (CAPUFE) corresponde a lo planteado en el proyecto de naci\u00f3n del presidente Andr\u00e9s Manuel L\u00f3pez Obrador y en consecuencia, \u201cno es descabellado\u201d.<\/p>\n\n\n\n<p>Argument\u00f3 que antes de que se tomara la determinaci\u00f3n de incrementar, el Gobierno de la Rep\u00fablica aument\u00f3 el salario m\u00ednimo, para que los ciudadanos estuvieran preparados ante las medidas que se tendr\u00edan que adoptar.<\/p>\n\n\n\n<p>Reconoci\u00f3 que las medidas anunciadas afectar\u00e1n a los bolsillo de los guerrerenses, pero en todo caso, se\u00f1al\u00f3 que no se trata de un incremento ilegal ni realiz\u00f3 baj\u00f3 el esquema de los gobiernos anteriores, donde solo se velaba por inter\u00e9s de los grandes empresarios y de la propia administraci\u00f3n federal.<\/p>\n\n\n\n<p>Sobre la postura que ha emitido la alcaldesa de Acapulco, Abelina L\u00f3pez Rodr\u00edguez, en el sentido que las nuevas tarifas del peaje afectar\u00e1n al puerto, el presidente estatal de MORENA se dijo respetuoso de dicha postura, sin embargo, sugiri\u00f3 conocer a fondo el dictamen emitido por CAPUFE antes de emitir alg\u00fan comentario, ya que insisti\u00f3 en que no se afectar\u00e1 al puerto.<\/p>\n\n\n\n<p>Respecto a las posturas cr\u00edticas que han asumido las dirigencias del PRI, PRD y PAN, Gonz\u00e1lez Varona sostuvo que se trata de meras expresiones de \u201cpolitiquer\u00eda\u201d.<\/p>\n\n\n\n<p>Indic\u00f3: \u201cMe hubiera gustado que esas posturas las hubieran manejado cuando Carlos Salinas se la concesion\u00f3 por 50 a\u00f1os a un grupo de empresarios, ah\u00ed no dijeron nada y callaron, lo que se ha hecho hoy fue despu\u00e9s de incrementar el salario m\u00ednimo y en atenci\u00f3n a los indicadores que presenta la inflaci\u00f3n\u201d.<\/p>\n","protected":false},"excerpt":{"rendered":"<p>&#8212; Jacinto Gonz\u00e1lez asegura que el incremento \u201cno es descabellado\u201d&#8212; Acusa al PRI, PRD y PAN de hacer \u201cpolitiquer\u00eda\u201d sobre el tema Eduardo Yener Santos \/ CHILPANCINGO, Gro., 10 de&hellip; <\/p>\n","protected":false},"author":31,"featured_media":57432,"comment_status":"open","ping_status":"open","sticky":false,"template":"","format":"standard","meta":{"fifu_image_url":"","fifu_image_alt":"","footnotes":""},"categories":[21],"tags":[],"class_list":["post-57431","post","type-post","status-publish","format-standard","has-post-thumbnail","hentry","category-politica"],"_links":{"self":[{"href":"https:\/\/www.interaccionnoticias.com.mx\/index.php?rest_route=\/wp\/v2\/posts\/57431","targetHints":{"allow":["GET"]}}],"collection":[{"href":"https:\/\/www.interaccionnoticias.com.mx\/index.php?rest_route=\/wp\/v2\/posts"}],"about":[{"href":"https:\/\/www.interaccionnoticias.com.mx\/index.php?rest_route=\/wp\/v2\/types\/post"}],"author":[{"embeddable":true,"href":"https:\/\/www.interaccionnoticias.com.mx\/index.php?rest_route=\/wp\/v2\/users\/31"}],"replies":[{"embeddable":true,"href":"https:\/\/www.interaccionnoticias.com.mx\/index.php?rest_route=%2Fwp%2Fv2%2Fcomments&post=57431"}],"version-history":[{"count":1,"href":"https:\/\/www.interaccionnoticias.com.mx\/index.php?rest_route=\/wp\/v2\/posts\/57431\/revisions"}],"predecessor-version":[{"id":57433,"href":"https:\/\/www.interaccionnoticias.com.mx\/index.php?rest_route=\/wp\/v2\/posts\/57431\/revisions\/57433"}],"wp:featuredmedia":[{"embeddable":true,"href":"https:\/\/www.interaccionnoticias.com.mx\/index.php?rest_route=\/wp\/v2\/media\/57432"}],"wp:attachment":[{"href":"https:\/\/www.interaccionnoticias.com.mx\/index.php?rest_route=%2Fwp%2Fv2%2Fmedia&parent=57431"}],"wp:term":[{"taxonomy":"category","embeddable":true,"href":"https:\/\/www.interaccionnoticias.com.mx\/index.php?rest_route=%2Fwp%2Fv2%2Fcategories&post=57431"},{"taxonomy":"post_tag","embeddable":true,"href":"https:\/\/www.interaccionnoticias.com.mx\/index.php?rest_route=%2Fwp%2Fv2%2Ftags&post=57431"}],"curies":[{"name":"wp","href":"https:\/\/api.w.org\/{rel}","templated":true}]}}