{"id":57424,"date":"2023-02-10T18:51:44","date_gmt":"2023-02-11T00:51:44","guid":{"rendered":"https:\/\/interaccionnoticias.com.mx\/?p=57424"},"modified":"2023-02-10T18:51:48","modified_gmt":"2023-02-11T00:51:48","slug":"prd-guerrero-anuncia-amparo-contra-el-incremento-de-peaje-en-la-autopista-del-sol","status":"publish","type":"post","link":"https:\/\/www.interaccionnoticias.com.mx\/?p=57424","title":{"rendered":"PRD-Guerrero anuncia amparo contra el incremento de peaje en la Autopista del Sol"},"content":{"rendered":"\n<p><strong><em>&#8212; Reprocha el da\u00f1o que se ocasiona al turismo estatal<br>&#8212; Anuncian movilizaciones y volanteo en las casetas de cobro<\/em><\/strong><\/p>\n\n\n\n<p><strong>Yasm\u00edn Garc\u00eda Chino<\/strong><\/p>\n\n\n\n<p>Chilpancingo, Gro., a 10 de fe<strong>brero 2023.- <\/strong>El Comit\u00e9 Directivo Estatal (CDE) del PRD anunci\u00f3 que promover\u00e1 un amparo en contra del aumento a las tarifas de peaje en la Autopista del Sol.<\/p>\n\n\n\n<p>En una conferencia de prensa ofrecida al pie del monumento a Jos\u00e9 Mar\u00eda Morelos y Pav\u00f3n, la dirigencia estatal del partido del sol azteca amag\u00f3 tambi\u00e9n a movilizarse con el respaldo de organizaciones de transportistas y empresarios.<\/p>\n\n\n\n<p>La decisi\u00f3n se dio a conocer, luego de que la Secretar\u00eda Comunicaciones y Transportes (SCT) informara el increment\u00f3 de 7.82% al peaje, el cual se a aplicar\u00e1 a partir del pr\u00f3ximo 1 de marzo.<\/p>\n\n\n\n<p>Alberto Catal\u00e1n Bastida, Presidente del CEE, se\u00f1al\u00f3 que el aumento al peaje lesiona a la econom\u00eda de la entidad, que ignorarlo no ayuda a recomponer la econom\u00eda ni la actividad tur\u00edstica.<\/p>\n\n\n\n<p>A\u00f1adi\u00f3 que la ola de violencia que se vive en el puerto de Acapulco ha ocasionado situaciones como el retiro de la Convenci\u00f3n Nacional Bancaria, lo que sin duda, implica una severa afectaci\u00f3n para el puerto.<\/p>\n\n\n\n<p>Por esa raz\u00f3n lanz\u00f3 la convocatoria a los legisladores locales y federales, organizaciones sociales y empresarios para establecer un frente com\u00fan, con la intenci\u00f3n de manifestar de manera p\u00fablica el rechazo al incremento.<\/p>\n\n\n\n<p>En torno al aumento del pasaje en el transporte p\u00fablico en el estado, asegur\u00f3 que se da porque el gobierno se ve obligado, ya que cada vez la gasolina es m\u00e1s cara y los recursos econ\u00f3micos son destinados para los programas sociales del gobierno federal, que en nada abonan a generar desarrollo.<\/p>\n\n\n\n<p>Dijo que en los pr\u00f3ximos d\u00edas estar\u00e1n iniciando campa\u00f1as de concientizacion, conferencias de prensa y volanteo en las casetas de peaje de la Autopista del Sol, para hacer frente a dicho incremento.<\/p>\n\n\n\n<div class=\"wp-block-jetpack-slideshow aligncenter\" data-effect=\"slide\"><div class=\"wp-block-jetpack-slideshow_container swiper-container\"><ul class=\"wp-block-jetpack-slideshow_swiper-wrapper swiper-wrapper\"><li class=\"wp-block-jetpack-slideshow_slide swiper-slide\"><figure><img decoding=\"async\" src=\"data:image\/gif;base64,R0lGODlhAQABAIAAAAAAAP\/\/\/ywAAAAAAQABAAACAUwAOw==\" fifu-lazy=\"1\" fifu-data-sizes=\"auto\" fifu-data-srcset=\"https:\/\/i0.wp.com\/interaccionnoticias.com.mx\/wp-content\/uploads\/2023\/02\/230210-PRD-Guerrero-2-1024x683.jpg?ssl=1&w=75&resize=75&ssl=1 75w, https:\/\/i0.wp.com\/interaccionnoticias.com.mx\/wp-content\/uploads\/2023\/02\/230210-PRD-Guerrero-2-1024x683.jpg?ssl=1&w=100&resize=100&ssl=1 100w, https:\/\/i0.wp.com\/interaccionnoticias.com.mx\/wp-content\/uploads\/2023\/02\/230210-PRD-Guerrero-2-1024x683.jpg?ssl=1&w=150&resize=150&ssl=1 150w, https:\/\/i0.wp.com\/interaccionnoticias.com.mx\/wp-content\/uploads\/2023\/02\/230210-PRD-Guerrero-2-1024x683.jpg?ssl=1&w=240&resize=240&ssl=1 240w, https:\/\/i0.wp.com\/interaccionnoticias.com.mx\/wp-content\/uploads\/2023\/02\/230210-PRD-Guerrero-2-1024x683.jpg?ssl=1&w=320&resize=320&ssl=1 320w, https:\/\/i0.wp.com\/interaccionnoticias.com.mx\/wp-content\/uploads\/2023\/02\/230210-PRD-Guerrero-2-1024x683.jpg?ssl=1&w=500&resize=500&ssl=1 500w, https:\/\/i0.wp.com\/interaccionnoticias.com.mx\/wp-content\/uploads\/2023\/02\/230210-PRD-Guerrero-2-1024x683.jpg?ssl=1&w=640&resize=640&ssl=1 640w, https:\/\/i0.wp.com\/interaccionnoticias.com.mx\/wp-content\/uploads\/2023\/02\/230210-PRD-Guerrero-2-1024x683.jpg?ssl=1&w=800&resize=800&ssl=1 800w, https:\/\/i0.wp.com\/interaccionnoticias.com.mx\/wp-content\/uploads\/2023\/02\/230210-PRD-Guerrero-2-1024x683.jpg?ssl=1&w=1024&resize=1024&ssl=1 1024w, https:\/\/i0.wp.com\/interaccionnoticias.com.mx\/wp-content\/uploads\/2023\/02\/230210-PRD-Guerrero-2-1024x683.jpg?ssl=1&w=1280&resize=1280&ssl=1 1280w, https:\/\/i0.wp.com\/interaccionnoticias.com.mx\/wp-content\/uploads\/2023\/02\/230210-PRD-Guerrero-2-1024x683.jpg?ssl=1&w=1600&resize=1600&ssl=1 1600w\" alt=\"\" class=\"wp-block-jetpack-slideshow_image wp-image-57425\" data-id=\"57425\" fifu-data-src=\"https:\/\/i0.wp.com\/interaccionnoticias.com.mx\/wp-content\/uploads\/2023\/02\/230210-PRD-Guerrero-2-1024x683.jpg?ssl=1\"\/><\/figure><\/li><li class=\"wp-block-jetpack-slideshow_slide swiper-slide\"><figure><img decoding=\"async\" src=\"data:image\/gif;base64,R0lGODlhAQABAIAAAAAAAP\/\/\/ywAAAAAAQABAAACAUwAOw==\" fifu-lazy=\"1\" fifu-data-sizes=\"auto\" fifu-data-srcset=\"https:\/\/i3.wp.com\/interaccionnoticias.com.mx\/wp-content\/uploads\/2023\/02\/230210-PRD-Guerrero-1-1024x683.jpg?ssl=1&w=75&resize=75&ssl=1 75w, https:\/\/i3.wp.com\/interaccionnoticias.com.mx\/wp-content\/uploads\/2023\/02\/230210-PRD-Guerrero-1-1024x683.jpg?ssl=1&w=100&resize=100&ssl=1 100w, https:\/\/i3.wp.com\/interaccionnoticias.com.mx\/wp-content\/uploads\/2023\/02\/230210-PRD-Guerrero-1-1024x683.jpg?ssl=1&w=150&resize=150&ssl=1 150w, https:\/\/i3.wp.com\/interaccionnoticias.com.mx\/wp-content\/uploads\/2023\/02\/230210-PRD-Guerrero-1-1024x683.jpg?ssl=1&w=240&resize=240&ssl=1 240w, https:\/\/i3.wp.com\/interaccionnoticias.com.mx\/wp-content\/uploads\/2023\/02\/230210-PRD-Guerrero-1-1024x683.jpg?ssl=1&w=320&resize=320&ssl=1 320w, https:\/\/i3.wp.com\/interaccionnoticias.com.mx\/wp-content\/uploads\/2023\/02\/230210-PRD-Guerrero-1-1024x683.jpg?ssl=1&w=500&resize=500&ssl=1 500w, https:\/\/i3.wp.com\/interaccionnoticias.com.mx\/wp-content\/uploads\/2023\/02\/230210-PRD-Guerrero-1-1024x683.jpg?ssl=1&w=640&resize=640&ssl=1 640w, https:\/\/i3.wp.com\/interaccionnoticias.com.mx\/wp-content\/uploads\/2023\/02\/230210-PRD-Guerrero-1-1024x683.jpg?ssl=1&w=800&resize=800&ssl=1 800w, https:\/\/i3.wp.com\/interaccionnoticias.com.mx\/wp-content\/uploads\/2023\/02\/230210-PRD-Guerrero-1-1024x683.jpg?ssl=1&w=1024&resize=1024&ssl=1 1024w, https:\/\/i3.wp.com\/interaccionnoticias.com.mx\/wp-content\/uploads\/2023\/02\/230210-PRD-Guerrero-1-1024x683.jpg?ssl=1&w=1280&resize=1280&ssl=1 1280w, https:\/\/i3.wp.com\/interaccionnoticias.com.mx\/wp-content\/uploads\/2023\/02\/230210-PRD-Guerrero-1-1024x683.jpg?ssl=1&w=1600&resize=1600&ssl=1 1600w\" alt=\"\" class=\"wp-block-jetpack-slideshow_image wp-image-57426\" data-id=\"57426\" fifu-data-src=\"https:\/\/i3.wp.com\/interaccionnoticias.com.mx\/wp-content\/uploads\/2023\/02\/230210-PRD-Guerrero-1-1024x683.jpg?ssl=1\"\/><\/figure><\/li><\/ul><a class=\"wp-block-jetpack-slideshow_button-prev swiper-button-prev swiper-button-white\" role=\"button\"><\/a><a class=\"wp-block-jetpack-slideshow_button-next swiper-button-next swiper-button-white\" role=\"button\"><\/a><a aria-label=\"Pause Slideshow\" class=\"wp-block-jetpack-slideshow_button-pause\" role=\"button\"><\/a><div class=\"wp-block-jetpack-slideshow_pagination swiper-pagination swiper-pagination-white\"><\/div><\/div><\/div>\n","protected":false},"excerpt":{"rendered":"<p>&#8212; Reprocha el da\u00f1o que se ocasiona al turismo estatal&#8212; Anuncian movilizaciones y volanteo en las casetas de cobro Yasm\u00edn Garc\u00eda Chino Chilpancingo, Gro., a 10 de febrero 2023.- El&hellip; <\/p>\n","protected":false},"author":4,"featured_media":57426,"comment_status":"open","ping_status":"open","sticky":false,"template":"","format":"standard","meta":{"fifu_image_url":"","fifu_image_alt":"","footnotes":""},"categories":[21],"tags":[],"class_list":["post-57424","post","type-post","status-publish","format-standard","has-post-thumbnail","hentry","category-politica"],"_links":{"self":[{"href":"https:\/\/www.interaccionnoticias.com.mx\/index.php?rest_route=\/wp\/v2\/posts\/57424","targetHints":{"allow":["GET"]}}],"collection":[{"href":"https:\/\/www.interaccionnoticias.com.mx\/index.php?rest_route=\/wp\/v2\/posts"}],"about":[{"href":"https:\/\/www.interaccionnoticias.com.mx\/index.php?rest_route=\/wp\/v2\/types\/post"}],"author":[{"embeddable":true,"href":"https:\/\/www.interaccionnoticias.com.mx\/index.php?rest_route=\/wp\/v2\/users\/4"}],"replies":[{"embeddable":true,"href":"https:\/\/www.interaccionnoticias.com.mx\/index.php?rest_route=%2Fwp%2Fv2%2Fcomments&post=57424"}],"version-history":[{"count":1,"href":"https:\/\/www.interaccionnoticias.com.mx\/index.php?rest_route=\/wp\/v2\/posts\/57424\/revisions"}],"predecessor-version":[{"id":57427,"href":"https:\/\/www.interaccionnoticias.com.mx\/index.php?rest_route=\/wp\/v2\/posts\/57424\/revisions\/57427"}],"wp:featuredmedia":[{"embeddable":true,"href":"https:\/\/www.interaccionnoticias.com.mx\/index.php?rest_route=\/wp\/v2\/media\/57426"}],"wp:attachment":[{"href":"https:\/\/www.interaccionnoticias.com.mx\/index.php?rest_route=%2Fwp%2Fv2%2Fmedia&parent=57424"}],"wp:term":[{"taxonomy":"category","embeddable":true,"href":"https:\/\/www.interaccionnoticias.com.mx\/index.php?rest_route=%2Fwp%2Fv2%2Fcategories&post=57424"},{"taxonomy":"post_tag","embeddable":true,"href":"https:\/\/www.interaccionnoticias.com.mx\/index.php?rest_route=%2Fwp%2Fv2%2Ftags&post=57424"}],"curies":[{"name":"wp","href":"https:\/\/api.w.org\/{rel}","templated":true}]}}