{"id":5741,"date":"2017-06-26T11:29:55","date_gmt":"2017-06-26T16:29:55","guid":{"rendered":"http:\/\/www.inter-accion.com.mx\/?p=5741"},"modified":"2017-06-26T11:29:55","modified_gmt":"2017-06-26T16:29:55","slug":"en-marcha-la-comparecencia-del-fiscal-de-guerrero-ante-el-congreso","status":"publish","type":"post","link":"https:\/\/www.interaccionnoticias.com.mx\/?p=5741","title":{"rendered":"En marcha, la comparecencia del fiscal de Guerrero ante el Congreso"},"content":{"rendered":"<p><strong>La no&nbsp;detenci\u00f3n de \u00abEl Tequileros\u00bb, entre los temas a tratar<\/strong><br \/>\n26-Junio-2017.&nbsp; A las 10:34 de la ma\u00f1ana inici\u00f3 &nbsp;la comparecencia del Fiscal General del Estado, Xavier Olea Pel\u00e1ez, ante la Comisi\u00f3n de Justicia que encabeza el priista, H\u00e9ctor Vicario Castrej\u00f3n.<br \/>\nOlea Pel\u00e1ez ingres\u00f3 a la sala legislativa Jos\u00e9 Francisco Ru\u00edz Massieu a las 10:41 de la ma\u00f1ana, en donde se llevar\u00e1 a cabo dicha comparecencia.<br \/>\nEL Fiscal Xavier Olea tendr\u00e1 20 minutos para exponer un informe &nbsp;sobre las pol\u00edticas p\u00fablicas, acciones y estrategias que ha implementado al frente de la dependencia que encabeza, y los resultados que ha obtenido desde que lleg\u00f3 al cargo.<br \/>\nEl informe&nbsp; que los diputados pidieron &nbsp;a Olea Pel\u00e1ez tendr\u00e1 que especificar el n\u00famero de personal operativo, su distribuci\u00f3n, funciones y salario, adem\u00e1s de cu\u00e1nto personal est\u00e1 certificado. La capacidad y operatividad de los servicios periciales, las estad\u00edsticas mensuales, a partir de la fecha de su nombramiento, con el delito y el estado que guarda la carpeta de investigaci\u00f3n o averiguaci\u00f3n previa, seg\u00fan sea el caso.<br \/>\nTambi\u00e9n las \u00f3rdenes de aprehensi\u00f3n solicitadas y concedidas, y la correlaci\u00f3n de \u00f3rdenes de aprehensi\u00f3n ejecutadas con las averiguaciones previas o carpetas de investigaci\u00f3n iniciadas a partir de que inici\u00f3 su funci\u00f3n, y la &nbsp;estad\u00edstica mensual, a partir de la fecha de su nombramiento, con el delito y el estado que guardan las investigaciones relacionadas con asesinatos y agresiones en contra de periodistas, diputados, ex diputados, presidentes municipales, ex presidentes municipales y l\u00edderes o dirigentes pol\u00edticos.<br \/>\nAs\u00ed mismo, la situaci\u00f3n que guarda el caso del diputado con licencia, Sa\u00fal Beltr\u00e1n Orozco, a quien el Fiscal acus\u00f3 de ser l\u00edder del grupo delincuencial \u201cLos tequileros\u201d, las medidas cautelares brindadas a las v\u00edctimas del delito: cuantas personas la tienen, por qu\u00e9 delito, la situaci\u00f3n que guarda la medida, y la erogaci\u00f3n presupuestaria de cada una.<br \/>\nAs\u00ed como las diligencias practicadas a ra\u00edz de la implementaci\u00f3n de la alerta de g\u00e9nero en el estado, espec\u00edficamente lo relativo al banco de datos respecto a mujeres agredidas, y qu\u00e9 pol\u00edticas p\u00fablicas se han implementado y con qu\u00e9 eficacia, para que haya confianza en la Fiscal\u00eda General del Estado.<br \/>\nPara la comparecencia est\u00e1 contemplada la presencia de &nbsp;17 diputados, quienes realizar\u00e1n cinco rondas de preguntas.&nbsp;<\/p>\n","protected":false},"excerpt":{"rendered":"<p>La no&nbsp;detenci\u00f3n de \u00abEl Tequileros\u00bb, entre los temas a tratar 26-Junio-2017.&nbsp; A las 10:34 de la ma\u00f1ana inici\u00f3 &nbsp;la comparecencia del Fiscal General del Estado, Xavier Olea Pel\u00e1ez, ante la&hellip; <\/p>\n","protected":false},"author":1,"featured_media":0,"comment_status":"closed","ping_status":"closed","sticky":false,"template":"","format":"standard","meta":{"fifu_image_url":"","fifu_image_alt":"","footnotes":""},"categories":[2,8],"tags":[],"class_list":["post-5741","post","type-post","status-publish","format-standard","hentry","category-congreso","category-featured"],"_links":{"self":[{"href":"https:\/\/www.interaccionnoticias.com.mx\/index.php?rest_route=\/wp\/v2\/posts\/5741","targetHints":{"allow":["GET"]}}],"collection":[{"href":"https:\/\/www.interaccionnoticias.com.mx\/index.php?rest_route=\/wp\/v2\/posts"}],"about":[{"href":"https:\/\/www.interaccionnoticias.com.mx\/index.php?rest_route=\/wp\/v2\/types\/post"}],"author":[{"embeddable":true,"href":"https:\/\/www.interaccionnoticias.com.mx\/index.php?rest_route=\/wp\/v2\/users\/1"}],"replies":[{"embeddable":true,"href":"https:\/\/www.interaccionnoticias.com.mx\/index.php?rest_route=%2Fwp%2Fv2%2Fcomments&post=5741"}],"version-history":[{"count":0,"href":"https:\/\/www.interaccionnoticias.com.mx\/index.php?rest_route=\/wp\/v2\/posts\/5741\/revisions"}],"wp:attachment":[{"href":"https:\/\/www.interaccionnoticias.com.mx\/index.php?rest_route=%2Fwp%2Fv2%2Fmedia&parent=5741"}],"wp:term":[{"taxonomy":"category","embeddable":true,"href":"https:\/\/www.interaccionnoticias.com.mx\/index.php?rest_route=%2Fwp%2Fv2%2Fcategories&post=5741"},{"taxonomy":"post_tag","embeddable":true,"href":"https:\/\/www.interaccionnoticias.com.mx\/index.php?rest_route=%2Fwp%2Fv2%2Ftags&post=5741"}],"curies":[{"name":"wp","href":"https:\/\/api.w.org\/{rel}","templated":true}]}}