{"id":57409,"date":"2023-02-10T18:34:28","date_gmt":"2023-02-11T00:34:28","guid":{"rendered":"https:\/\/interaccionnoticias.com.mx\/?p=57409"},"modified":"2023-02-10T18:34:29","modified_gmt":"2023-02-11T00:34:29","slug":"reconoce-abelina-lopez-a-la-fuerza-aerea-mexicana-en-su-dia","status":"publish","type":"post","link":"https:\/\/www.interaccionnoticias.com.mx\/?p=57409","title":{"rendered":"Reconoce Abelina L\u00f3pez a la Fuerza A\u00e9rea Mexicana en su D\u00eda"},"content":{"rendered":"\n<p><strong><em>&#8212; Destaca la alcaldesa, el trabajo y labor que realizan por el bien de las y los mexicanos<\/em><\/strong><\/p>\n\n\n\n<p><strong>Acapulco, Gro., 10 febrero de 2023.- <\/strong>Durante la ceremonia conmemorativa al 108 aniversario de la Fuerza A\u00e9rea Mexicana, la presidenta municipal, Abelina L\u00f3pez Rodr\u00edguez, reconoci\u00f3 el compromiso, principios, ideales y lealtad que tienen las fuerzas militares con la sociedad y la patria.<\/p>\n\n\n\n<p>La alcaldesa, junto a la gobernadora, Evelyn Salgado Pineda, asisti\u00f3 como invitada especial al evento realizado en las instalaciones de la 27 Zona Militar en Pie de la Cuesta, presidido por el comandante de la Base A\u00e9rea Militar n\u00famero 7, Rub\u00e9n S\u00e1nchez Peralta.<\/p>\n\n\n\n<p>Abelina L\u00f3pez, resalt\u00f3 el trabajo y la labor que realizan las fuerzas armadas por el bien de las y los mexicanos y reiter\u00f3 que su gobierno continuar\u00e1 trabajando de manera conjunta con ellas. Adem\u00e1s de felicitar y reconocer a la Fuerza A\u00e9rea Mexicana por un a\u00f1o m\u00e1s de su existencia y servicio al pa\u00eds.<\/p>\n\n\n\n<p>Por su parte, el comandante de la Base A\u00e9rea Militar n\u00famero 7, Rub\u00e9n S\u00e1nchez Peralta, dijo que las fuerzas a\u00e9reas contribuyen al fortalecimiento de la seguridad p\u00fablica en el pa\u00eds, as\u00ed como en los proyectos y programas prioritarios del Gobierno de la Rep\u00fablica enfocados al progreso de la patria.<\/p>\n\n\n\n<p>Reiter\u00f3 la convicci\u00f3n de seguir trabajando por M\u00e9xico con lealtad, compromiso y vocaci\u00f3n de servicio, dentro del marco legal y con irrestricto apego a los derechos humanos.<\/p>\n\n\n\n<p>\u201cNuestra inspiraci\u00f3n es saber que cada operaci\u00f3n a\u00e9rea, cada actividad que realizamos, contribuyen en la seguridad de la sociedad y al progreso de M\u00e9xico\u201d.<\/p>\n\n\n\n<p>Durante la ceremonia c\u00edvica, el comandante de la IX Regi\u00f3n Militar, Ricardo Flores Gonz\u00e1lez, entreg\u00f3 al comandante de la Base A\u00e9rea Militar n\u00famero 7, la condecoraci\u00f3n de legi\u00f3n de honor por su hero\u00edsmo, capacidad profesional y servicio a la patria. Posteriormente, elementos de las fuerzas militares, hicieron entrega de un obsequio a los invitados especiales.<\/p>\n\n\n\n<p>A la ceremonia asisti\u00f3 el comandante de la IX Regi\u00f3n Militar, Ricardo Flores Gonz\u00e1lez; el jefe de Estado Mayor de la d\u00e9cimo segunda Regi\u00f3n Naval, Jorge Medina Antonio; el comandante de la Vig\u00e9simo s\u00e9ptima Zona Militar, Roberto P\u00e9rez Ceja y el comandante de la vig\u00e9simo quinta Zona Militar, Enrique Mart\u00ednez L\u00f3pez.<\/p>\n\n\n\n<div class=\"wp-block-jetpack-slideshow aligncenter\" data-effect=\"slide\"><div class=\"wp-block-jetpack-slideshow_container swiper-container\"><ul class=\"wp-block-jetpack-slideshow_swiper-wrapper swiper-wrapper\"><li class=\"wp-block-jetpack-slideshow_slide swiper-slide\"><figure><img decoding=\"async\" src=\"data:image\/gif;base64,R0lGODlhAQABAIAAAAAAAP\/\/\/ywAAAAAAQABAAACAUwAOw==\" fifu-lazy=\"1\" fifu-data-sizes=\"auto\" fifu-data-srcset=\"https:\/\/i2.wp.com\/interaccionnoticias.com.mx\/wp-content\/uploads\/2023\/02\/230210-Abelina-Lopez-2-1024x683.jpg?ssl=1&w=75&resize=75&ssl=1 75w, https:\/\/i2.wp.com\/interaccionnoticias.com.mx\/wp-content\/uploads\/2023\/02\/230210-Abelina-Lopez-2-1024x683.jpg?ssl=1&w=100&resize=100&ssl=1 100w, https:\/\/i2.wp.com\/interaccionnoticias.com.mx\/wp-content\/uploads\/2023\/02\/230210-Abelina-Lopez-2-1024x683.jpg?ssl=1&w=150&resize=150&ssl=1 150w, https:\/\/i2.wp.com\/interaccionnoticias.com.mx\/wp-content\/uploads\/2023\/02\/230210-Abelina-Lopez-2-1024x683.jpg?ssl=1&w=240&resize=240&ssl=1 240w, https:\/\/i2.wp.com\/interaccionnoticias.com.mx\/wp-content\/uploads\/2023\/02\/230210-Abelina-Lopez-2-1024x683.jpg?ssl=1&w=320&resize=320&ssl=1 320w, https:\/\/i2.wp.com\/interaccionnoticias.com.mx\/wp-content\/uploads\/2023\/02\/230210-Abelina-Lopez-2-1024x683.jpg?ssl=1&w=500&resize=500&ssl=1 500w, https:\/\/i2.wp.com\/interaccionnoticias.com.mx\/wp-content\/uploads\/2023\/02\/230210-Abelina-Lopez-2-1024x683.jpg?ssl=1&w=640&resize=640&ssl=1 640w, https:\/\/i2.wp.com\/interaccionnoticias.com.mx\/wp-content\/uploads\/2023\/02\/230210-Abelina-Lopez-2-1024x683.jpg?ssl=1&w=800&resize=800&ssl=1 800w, https:\/\/i2.wp.com\/interaccionnoticias.com.mx\/wp-content\/uploads\/2023\/02\/230210-Abelina-Lopez-2-1024x683.jpg?ssl=1&w=1024&resize=1024&ssl=1 1024w, https:\/\/i2.wp.com\/interaccionnoticias.com.mx\/wp-content\/uploads\/2023\/02\/230210-Abelina-Lopez-2-1024x683.jpg?ssl=1&w=1280&resize=1280&ssl=1 1280w, https:\/\/i2.wp.com\/interaccionnoticias.com.mx\/wp-content\/uploads\/2023\/02\/230210-Abelina-Lopez-2-1024x683.jpg?ssl=1&w=1600&resize=1600&ssl=1 1600w\" alt=\"\" class=\"wp-block-jetpack-slideshow_image wp-image-57410\" data-id=\"57410\" fifu-data-src=\"https:\/\/i2.wp.com\/interaccionnoticias.com.mx\/wp-content\/uploads\/2023\/02\/230210-Abelina-Lopez-2-1024x683.jpg?ssl=1\"\/><\/figure><\/li><li class=\"wp-block-jetpack-slideshow_slide swiper-slide\"><figure><img decoding=\"async\" src=\"data:image\/gif;base64,R0lGODlhAQABAIAAAAAAAP\/\/\/ywAAAAAAQABAAACAUwAOw==\" fifu-lazy=\"1\" fifu-data-sizes=\"auto\" fifu-data-srcset=\"https:\/\/i0.wp.com\/interaccionnoticias.com.mx\/wp-content\/uploads\/2023\/02\/230210-Abelina-Lopez-3-1024x683.jpg?ssl=1&w=75&resize=75&ssl=1 75w, https:\/\/i0.wp.com\/interaccionnoticias.com.mx\/wp-content\/uploads\/2023\/02\/230210-Abelina-Lopez-3-1024x683.jpg?ssl=1&w=100&resize=100&ssl=1 100w, https:\/\/i0.wp.com\/interaccionnoticias.com.mx\/wp-content\/uploads\/2023\/02\/230210-Abelina-Lopez-3-1024x683.jpg?ssl=1&w=150&resize=150&ssl=1 150w, https:\/\/i0.wp.com\/interaccionnoticias.com.mx\/wp-content\/uploads\/2023\/02\/230210-Abelina-Lopez-3-1024x683.jpg?ssl=1&w=240&resize=240&ssl=1 240w, https:\/\/i0.wp.com\/interaccionnoticias.com.mx\/wp-content\/uploads\/2023\/02\/230210-Abelina-Lopez-3-1024x683.jpg?ssl=1&w=320&resize=320&ssl=1 320w, https:\/\/i0.wp.com\/interaccionnoticias.com.mx\/wp-content\/uploads\/2023\/02\/230210-Abelina-Lopez-3-1024x683.jpg?ssl=1&w=500&resize=500&ssl=1 500w, https:\/\/i0.wp.com\/interaccionnoticias.com.mx\/wp-content\/uploads\/2023\/02\/230210-Abelina-Lopez-3-1024x683.jpg?ssl=1&w=640&resize=640&ssl=1 640w, https:\/\/i0.wp.com\/interaccionnoticias.com.mx\/wp-content\/uploads\/2023\/02\/230210-Abelina-Lopez-3-1024x683.jpg?ssl=1&w=800&resize=800&ssl=1 800w, https:\/\/i0.wp.com\/interaccionnoticias.com.mx\/wp-content\/uploads\/2023\/02\/230210-Abelina-Lopez-3-1024x683.jpg?ssl=1&w=1024&resize=1024&ssl=1 1024w, https:\/\/i0.wp.com\/interaccionnoticias.com.mx\/wp-content\/uploads\/2023\/02\/230210-Abelina-Lopez-3-1024x683.jpg?ssl=1&w=1280&resize=1280&ssl=1 1280w, https:\/\/i0.wp.com\/interaccionnoticias.com.mx\/wp-content\/uploads\/2023\/02\/230210-Abelina-Lopez-3-1024x683.jpg?ssl=1&w=1600&resize=1600&ssl=1 1600w\" alt=\"\" class=\"wp-block-jetpack-slideshow_image wp-image-57411\" data-id=\"57411\" fifu-data-src=\"https:\/\/i0.wp.com\/interaccionnoticias.com.mx\/wp-content\/uploads\/2023\/02\/230210-Abelina-Lopez-3-1024x683.jpg?ssl=1\"\/><\/figure><\/li><li class=\"wp-block-jetpack-slideshow_slide swiper-slide\"><figure><img decoding=\"async\" src=\"data:image\/gif;base64,R0lGODlhAQABAIAAAAAAAP\/\/\/ywAAAAAAQABAAACAUwAOw==\" fifu-lazy=\"1\" fifu-data-sizes=\"auto\" fifu-data-srcset=\"https:\/\/i1.wp.com\/interaccionnoticias.com.mx\/wp-content\/uploads\/2023\/02\/230210-Abelina-Lopez-1-1024x683.jpg?ssl=1&w=75&resize=75&ssl=1 75w, https:\/\/i1.wp.com\/interaccionnoticias.com.mx\/wp-content\/uploads\/2023\/02\/230210-Abelina-Lopez-1-1024x683.jpg?ssl=1&w=100&resize=100&ssl=1 100w, https:\/\/i1.wp.com\/interaccionnoticias.com.mx\/wp-content\/uploads\/2023\/02\/230210-Abelina-Lopez-1-1024x683.jpg?ssl=1&w=150&resize=150&ssl=1 150w, https:\/\/i1.wp.com\/interaccionnoticias.com.mx\/wp-content\/uploads\/2023\/02\/230210-Abelina-Lopez-1-1024x683.jpg?ssl=1&w=240&resize=240&ssl=1 240w, https:\/\/i1.wp.com\/interaccionnoticias.com.mx\/wp-content\/uploads\/2023\/02\/230210-Abelina-Lopez-1-1024x683.jpg?ssl=1&w=320&resize=320&ssl=1 320w, https:\/\/i1.wp.com\/interaccionnoticias.com.mx\/wp-content\/uploads\/2023\/02\/230210-Abelina-Lopez-1-1024x683.jpg?ssl=1&w=500&resize=500&ssl=1 500w, https:\/\/i1.wp.com\/interaccionnoticias.com.mx\/wp-content\/uploads\/2023\/02\/230210-Abelina-Lopez-1-1024x683.jpg?ssl=1&w=640&resize=640&ssl=1 640w, https:\/\/i1.wp.com\/interaccionnoticias.com.mx\/wp-content\/uploads\/2023\/02\/230210-Abelina-Lopez-1-1024x683.jpg?ssl=1&w=800&resize=800&ssl=1 800w, https:\/\/i1.wp.com\/interaccionnoticias.com.mx\/wp-content\/uploads\/2023\/02\/230210-Abelina-Lopez-1-1024x683.jpg?ssl=1&w=1024&resize=1024&ssl=1 1024w, https:\/\/i1.wp.com\/interaccionnoticias.com.mx\/wp-content\/uploads\/2023\/02\/230210-Abelina-Lopez-1-1024x683.jpg?ssl=1&w=1280&resize=1280&ssl=1 1280w, https:\/\/i1.wp.com\/interaccionnoticias.com.mx\/wp-content\/uploads\/2023\/02\/230210-Abelina-Lopez-1-1024x683.jpg?ssl=1&w=1600&resize=1600&ssl=1 1600w\" alt=\"\" class=\"wp-block-jetpack-slideshow_image wp-image-57412\" data-id=\"57412\" fifu-data-src=\"https:\/\/i1.wp.com\/interaccionnoticias.com.mx\/wp-content\/uploads\/2023\/02\/230210-Abelina-Lopez-1-1024x683.jpg?ssl=1\"\/><\/figure><\/li><\/ul><a class=\"wp-block-jetpack-slideshow_button-prev swiper-button-prev swiper-button-white\" role=\"button\"><\/a><a class=\"wp-block-jetpack-slideshow_button-next swiper-button-next swiper-button-white\" role=\"button\"><\/a><a aria-label=\"Pause Slideshow\" class=\"wp-block-jetpack-slideshow_button-pause\" role=\"button\"><\/a><div class=\"wp-block-jetpack-slideshow_pagination swiper-pagination swiper-pagination-white\"><\/div><\/div><\/div>\n","protected":false},"excerpt":{"rendered":"<p>&#8212; Destaca la alcaldesa, el trabajo y labor que realizan por el bien de las y los mexicanos Acapulco, Gro., 10 febrero de 2023.- Durante la ceremonia conmemorativa al 108&hellip; <\/p>\n","protected":false},"author":19,"featured_media":57412,"comment_status":"open","ping_status":"open","sticky":false,"template":"","format":"standard","meta":{"fifu_image_url":"","fifu_image_alt":"","footnotes":""},"categories":[242],"tags":[],"class_list":["post-57409","post","type-post","status-publish","format-standard","has-post-thumbnail","hentry","category-acapulco"],"_links":{"self":[{"href":"https:\/\/www.interaccionnoticias.com.mx\/index.php?rest_route=\/wp\/v2\/posts\/57409","targetHints":{"allow":["GET"]}}],"collection":[{"href":"https:\/\/www.interaccionnoticias.com.mx\/index.php?rest_route=\/wp\/v2\/posts"}],"about":[{"href":"https:\/\/www.interaccionnoticias.com.mx\/index.php?rest_route=\/wp\/v2\/types\/post"}],"author":[{"embeddable":true,"href":"https:\/\/www.interaccionnoticias.com.mx\/index.php?rest_route=\/wp\/v2\/users\/19"}],"replies":[{"embeddable":true,"href":"https:\/\/www.interaccionnoticias.com.mx\/index.php?rest_route=%2Fwp%2Fv2%2Fcomments&post=57409"}],"version-history":[{"count":1,"href":"https:\/\/www.interaccionnoticias.com.mx\/index.php?rest_route=\/wp\/v2\/posts\/57409\/revisions"}],"predecessor-version":[{"id":57413,"href":"https:\/\/www.interaccionnoticias.com.mx\/index.php?rest_route=\/wp\/v2\/posts\/57409\/revisions\/57413"}],"wp:featuredmedia":[{"embeddable":true,"href":"https:\/\/www.interaccionnoticias.com.mx\/index.php?rest_route=\/wp\/v2\/media\/57412"}],"wp:attachment":[{"href":"https:\/\/www.interaccionnoticias.com.mx\/index.php?rest_route=%2Fwp%2Fv2%2Fmedia&parent=57409"}],"wp:term":[{"taxonomy":"category","embeddable":true,"href":"https:\/\/www.interaccionnoticias.com.mx\/index.php?rest_route=%2Fwp%2Fv2%2Fcategories&post=57409"},{"taxonomy":"post_tag","embeddable":true,"href":"https:\/\/www.interaccionnoticias.com.mx\/index.php?rest_route=%2Fwp%2Fv2%2Ftags&post=57409"}],"curies":[{"name":"wp","href":"https:\/\/api.w.org\/{rel}","templated":true}]}}