{"id":57375,"date":"2023-02-09T19:23:54","date_gmt":"2023-02-10T01:23:54","guid":{"rendered":"https:\/\/interaccionnoticias.com.mx\/?p=57375"},"modified":"2023-02-09T19:23:58","modified_gmt":"2023-02-10T01:23:58","slug":"nino-que-sufrio-un-acto-de-discriminacion-en-ayutla-de-los-libres-regreso-a-clases","status":"publish","type":"post","link":"https:\/\/www.interaccionnoticias.com.mx\/?p=57375","title":{"rendered":"Ni\u00f1o que sufri\u00f3 un acto de discriminaci\u00f3n en Ayutla de los Libres regres\u00f3 a clases"},"content":{"rendered":"\n<p><strong><em>&#8212; Madre interpone queja ante Derechos Humanos, porque se le neg\u00f3 permanecer a su hijo en clase<\/em><\/strong><\/p>\n\n\n\n<p><strong>Jes\u00fas Dorantes<\/strong><\/p>\n\n\n\n<p><strong>Chilpancingo, Gro.- <\/strong>Un menor de 11 a\u00f1os de edad del sexto grado de primaria, que sufri\u00f3 un acto de discriminaci\u00f3n en la escuela Francisco I. Madero del municipio de Ayutla de los Libres, regres\u00f3 a clases tras interponerse una queja ante la Comisi\u00f3n de Derechos Humanos del Estado de Guerrero (CDHEG).<\/p>\n\n\n\n<p>La madre del estudiante de sexto grado, Mariana D\u00edaz confirm\u00f3 que fue desplazada por la violencia desde Coyuca de Catal\u00e1n hasta Ayutla de los Libres, d\u00f3nde en pasados d\u00edas, su hijo fue v\u00edctima de discriminaci\u00f3n al interior de la escuela primaria.<\/p>\n\n\n\n<p>La violaci\u00f3n de su derecho a recibir educaci\u00f3n, fue realizada por el profesor Tedy Salazar Vargas, al que la madre del menor denunci\u00f3 por haberlo expulsado de clases para que se \u201cfuera a vender chicles\u201d, debido a su conducta.<\/p>\n\n\n\n<p>Consultada sobre el tema la presidenta de la Comisi\u00f3n de Derechos Humanos del Estado de Guerrero (CDHEG) Cecilia Narciso Gayt\u00e1n, confirm\u00f3 que Marina D\u00edaz interpuso una queja ante la Comisi\u00f3n, la cual fue atendida por la delgada de la regi\u00f3n Costa Chica, Gretell Villa.<\/p>\n\n\n\n<p>Y se confirm\u00f3 que hoy el menor regreso a clases normales ya que no se le puede impedir ni violentar su derecho a recibir educaci\u00f3n, adem\u00e1s de que la investigaci\u00f3n del caso seguir\u00e1 en curso.<\/p>\n\n\n\n<p>La CDHEG verificar\u00e1 si han existido conductas similares del profesor con otros alumnos al interior del plantel.<\/p>\n\n\n\n<p>Durante el 2023 se han registrado siete casos de situaciones al interior de los centros educativos, pero en su mayor\u00eda son de car\u00e1cter laboral, siendo el caso de Ayutla de los Libre el primero de discriminaci\u00f3n.<\/p>\n","protected":false},"excerpt":{"rendered":"<p>&#8212; Madre interpone queja ante Derechos Humanos, porque se le neg\u00f3 permanecer a su hijo en clase Jes\u00fas Dorantes Chilpancingo, Gro.- Un menor de 11 a\u00f1os de edad del sexto&hellip; <\/p>\n","protected":false},"author":8,"featured_media":57376,"comment_status":"open","ping_status":"open","sticky":false,"template":"","format":"standard","meta":{"fifu_image_url":"","fifu_image_alt":"","footnotes":""},"categories":[6],"tags":[],"class_list":["post-57375","post","type-post","status-publish","format-standard","has-post-thumbnail","hentry","category-educacion"],"_links":{"self":[{"href":"https:\/\/www.interaccionnoticias.com.mx\/index.php?rest_route=\/wp\/v2\/posts\/57375","targetHints":{"allow":["GET"]}}],"collection":[{"href":"https:\/\/www.interaccionnoticias.com.mx\/index.php?rest_route=\/wp\/v2\/posts"}],"about":[{"href":"https:\/\/www.interaccionnoticias.com.mx\/index.php?rest_route=\/wp\/v2\/types\/post"}],"author":[{"embeddable":true,"href":"https:\/\/www.interaccionnoticias.com.mx\/index.php?rest_route=\/wp\/v2\/users\/8"}],"replies":[{"embeddable":true,"href":"https:\/\/www.interaccionnoticias.com.mx\/index.php?rest_route=%2Fwp%2Fv2%2Fcomments&post=57375"}],"version-history":[{"count":1,"href":"https:\/\/www.interaccionnoticias.com.mx\/index.php?rest_route=\/wp\/v2\/posts\/57375\/revisions"}],"predecessor-version":[{"id":57377,"href":"https:\/\/www.interaccionnoticias.com.mx\/index.php?rest_route=\/wp\/v2\/posts\/57375\/revisions\/57377"}],"wp:featuredmedia":[{"embeddable":true,"href":"https:\/\/www.interaccionnoticias.com.mx\/index.php?rest_route=\/wp\/v2\/media\/57376"}],"wp:attachment":[{"href":"https:\/\/www.interaccionnoticias.com.mx\/index.php?rest_route=%2Fwp%2Fv2%2Fmedia&parent=57375"}],"wp:term":[{"taxonomy":"category","embeddable":true,"href":"https:\/\/www.interaccionnoticias.com.mx\/index.php?rest_route=%2Fwp%2Fv2%2Fcategories&post=57375"},{"taxonomy":"post_tag","embeddable":true,"href":"https:\/\/www.interaccionnoticias.com.mx\/index.php?rest_route=%2Fwp%2Fv2%2Ftags&post=57375"}],"curies":[{"name":"wp","href":"https:\/\/api.w.org\/{rel}","templated":true}]}}