{"id":57365,"date":"2023-02-09T19:14:53","date_gmt":"2023-02-10T01:14:53","guid":{"rendered":"https:\/\/interaccionnoticias.com.mx\/?p=57365"},"modified":"2023-02-09T19:15:18","modified_gmt":"2023-02-10T01:15:18","slug":"exhorta-el-gobierno-de-guerrero-a-que-transportistas-cobren-solo-lo-autorizado-como-incremento","status":"publish","type":"post","link":"https:\/\/www.interaccionnoticias.com.mx\/?p=57365","title":{"rendered":"Exhorta el Gobierno de Guerrero a que transportistas cobren solo lo autorizado como incremento"},"content":{"rendered":"\n<p><em><strong>&#8212; A los usurios piden mantenerse alertas<\/strong><\/em><\/p>\n\n\n\n<p><strong>Eduardo Yener Santos \/Chilpancingo<br>9 de febrero de 2023<\/strong><\/p>\n\n\n\n<p>El gobierno de Guerrero, a trav\u00e9s de la Comisi\u00f3n T\u00e9cnica de Transporte y Vialidad (CUTyV) exhort\u00f3 a los transportistas de la entidad a respetar las tarifas oficialmente aprobadas, es decir no cobrar de m\u00e1s, y, llam\u00f3 los ciudadanos a consultar la correspondiente a sus poblaciones, para que eviten pagar precios no autorizados.<\/p>\n\n\n\n<p>Este jueves 9 de febrero, un d\u00eda despu\u00e9s de que el Periodico Oficial diera a conocer las nuevas tarifas del transporte p\u00fablico en Guerrero, la CUTyV emiti\u00f3 un comunicado donde el titular, Arturo Salinas Sandoval exhort\u00f3 a los transportistas a respetar las nuevas tarifas oficiales, haciendo el llamado a que los choferes y permisionarios cumplan con los acuerdos de mejorar el estado de sus unidades, para brindar mejor servicio y atenci\u00f3n a las ciudadanos<\/p>\n\n\n\n<p>Tambi\u00e9n se hace un llamado a los ciudadanos a consultar las tarifas oficiales que corresponden a sus poblaciones, para que eviten pagar de m\u00e1s.<\/p>\n\n\n\n<p>Se explica que el acuerdo de las nuevas tarifas fue publicado en el peri\u00f3dico oficial del Gobierno de Guerrero y los detalles de cada incremento en los municipios donde existe el servicio p\u00fablico, se pueden consultada en la direcci\u00f3n http:\/\/periodicooficial.guerrero.gob.mx\/?cat=8104.<\/p>\n\n\n\n<p>En el pronunciamiento se exhort\u00f3 a los transportistas a cumplir con los acuerdos, no s\u00f3lo de mejorar sus unidades sino de regularizarse y cumplir los Reglamentos del Transporte y Tr\u00e1nsito, as\u00ed como otros m\u00e1s a los que se comprometieron para transformar el servicio p\u00fablico en favor de la poblaci\u00f3n<\/p>\n\n\n\n<p>El exhorto para los transportistas se da en el contexto de Chilpancingo, porque en el mes de noviembre los concrsionarios aplicaron por su cuenta el incremento del pasaje de 7 a 10 por pasajero.<\/p>\n\n\n\n<p>Ante esa medida, hubo resistencia de los usuarios y se reportaron quejas a Tr\u00e1nsito del Estado y la Comisi\u00f3n T\u00e9cnica de Transporte y Vialidad, dependencias que actuaron contra los transportistas a finales de noviembre aplicando multas.<\/p>\n\n\n\n<p>Algunos repleantearon el incremento a 9 pesos pero nuevamente hubo resistencia por parte de los usuarios y se generaron varios desencuentros.<\/p>\n\n\n\n<p>La tarifa que fue aprobada para Chilpancingo es de 8 pesos para la ruta de las combis y 40 pesos para taxis, sin embargo en los hechos se ha impuesto un precio de 50 pesos como tarifa m\u00ednima.<\/p>\n","protected":false},"excerpt":{"rendered":"<p>&#8212; A los usurios piden mantenerse alertas Eduardo Yener Santos \/Chilpancingo9 de febrero de 2023 El gobierno de Guerrero, a trav\u00e9s de la Comisi\u00f3n T\u00e9cnica de Transporte y Vialidad (CUTyV)&hellip; <\/p>\n","protected":false},"author":31,"featured_media":57313,"comment_status":"open","ping_status":"open","sticky":false,"template":"","format":"standard","meta":{"fifu_image_url":"","fifu_image_alt":"","footnotes":""},"categories":[13,11],"tags":[],"class_list":["post-57365","post","type-post","status-publish","format-standard","has-post-thumbnail","hentry","category-capital","category-guerrero"],"_links":{"self":[{"href":"https:\/\/www.interaccionnoticias.com.mx\/index.php?rest_route=\/wp\/v2\/posts\/57365","targetHints":{"allow":["GET"]}}],"collection":[{"href":"https:\/\/www.interaccionnoticias.com.mx\/index.php?rest_route=\/wp\/v2\/posts"}],"about":[{"href":"https:\/\/www.interaccionnoticias.com.mx\/index.php?rest_route=\/wp\/v2\/types\/post"}],"author":[{"embeddable":true,"href":"https:\/\/www.interaccionnoticias.com.mx\/index.php?rest_route=\/wp\/v2\/users\/31"}],"replies":[{"embeddable":true,"href":"https:\/\/www.interaccionnoticias.com.mx\/index.php?rest_route=%2Fwp%2Fv2%2Fcomments&post=57365"}],"version-history":[{"count":2,"href":"https:\/\/www.interaccionnoticias.com.mx\/index.php?rest_route=\/wp\/v2\/posts\/57365\/revisions"}],"predecessor-version":[{"id":57367,"href":"https:\/\/www.interaccionnoticias.com.mx\/index.php?rest_route=\/wp\/v2\/posts\/57365\/revisions\/57367"}],"wp:featuredmedia":[{"embeddable":true,"href":"https:\/\/www.interaccionnoticias.com.mx\/index.php?rest_route=\/wp\/v2\/media\/57313"}],"wp:attachment":[{"href":"https:\/\/www.interaccionnoticias.com.mx\/index.php?rest_route=%2Fwp%2Fv2%2Fmedia&parent=57365"}],"wp:term":[{"taxonomy":"category","embeddable":true,"href":"https:\/\/www.interaccionnoticias.com.mx\/index.php?rest_route=%2Fwp%2Fv2%2Fcategories&post=57365"},{"taxonomy":"post_tag","embeddable":true,"href":"https:\/\/www.interaccionnoticias.com.mx\/index.php?rest_route=%2Fwp%2Fv2%2Ftags&post=57365"}],"curies":[{"name":"wp","href":"https:\/\/api.w.org\/{rel}","templated":true}]}}