{"id":57353,"date":"2023-02-09T13:41:15","date_gmt":"2023-02-09T19:41:15","guid":{"rendered":"https:\/\/interaccionnoticias.com.mx\/?p=57353"},"modified":"2023-02-09T13:41:20","modified_gmt":"2023-02-09T19:41:20","slug":"reconoce-evelyn-salgado-a-la-mesa-de-seguridad-apoyo-y-compromiso-con-la-paz-y-seguridad-de-guerrero","status":"publish","type":"post","link":"https:\/\/www.interaccionnoticias.com.mx\/?p=57353","title":{"rendered":"Reconoce Evelyn Salgado a la Mesa de Seguridad apoyo y compromiso con la Paz y seguridad de Guerrero"},"content":{"rendered":"\n<p><em><strong>&#8212; Fortalecer la gobernabilidad y la estabilidad social, prioridad de la Mesa de Coordinaci\u00f3n para la Construcci\u00f3n de la Paz<br>&#8212; Da seguimiento gobernadora a los acuerdos de paz con pueblos de la Sierra de Tecpan y Petatl\u00e1n en Costa Grande<\/strong><\/em><\/p>\n\n\n\n<p><strong>Chilpancingo Gro., 09 de febrero del 2023. &#8211;<\/strong> La gobernadora Evelyn Salgado Pineda, encabez\u00f3 los trabajos de la Mesa de Coordinaci\u00f3n para la Construcci\u00f3n de la Paz, donde reconoci\u00f3 el apoyo de las instituciones de seguridad y de las fuerzas armadas para garantizar la gobernabilidad y la estabilidad social, a trav\u00e9s de acuerdos y acciones para lograr reducir los \u00edndices delictivos y mejorar las condiciones de bienestar en el estado.<\/p>\n\n\n\n<p>En la sesi\u00f3n, la mandataria estatal dio seguimiento a los consensos logrados con pobladores de diversas localidades de la Sierra de Tecpan y Petatl\u00e1n en la Costa Grande, donde se acord\u00f3 restablecer la actividad educativa, adem\u00e1s de reforzar la seguridad en la zona a trav\u00e9s de una Base de Operaciones Mixtas para atender las comunidades de Santa Rosa de Lima, El Parotal, Mameycito, Corrales, Durazno, Arroyo Verde y El Porvenir y lugares circunvecinos.<\/p>\n\n\n\n<p>La gobernadora Evelyn Salgado Pineda, y la Mesa de Coordinaci\u00f3n para la Construcci\u00f3n de la Paz, refrendaron su compromiso con la seguridad de la poblaci\u00f3n bajo una estrategia de apertura de di\u00e1logo y de proximidad social para prevenir los delitos que afecten la paz y tranquilidad de las y los guerrerenses.<\/p>\n\n\n\n<p><\/p>\n","protected":false},"excerpt":{"rendered":"<p>&#8212; Fortalecer la gobernabilidad y la estabilidad social, prioridad de la Mesa de Coordinaci\u00f3n para la Construcci\u00f3n de la Paz&#8212; Da seguimiento gobernadora a los acuerdos de paz con pueblos&hellip; <\/p>\n","protected":false},"author":19,"featured_media":57354,"comment_status":"open","ping_status":"open","sticky":false,"template":"","format":"standard","meta":{"fifu_image_url":"","fifu_image_alt":"","footnotes":""},"categories":[11],"tags":[],"class_list":["post-57353","post","type-post","status-publish","format-standard","has-post-thumbnail","hentry","category-guerrero"],"_links":{"self":[{"href":"https:\/\/www.interaccionnoticias.com.mx\/index.php?rest_route=\/wp\/v2\/posts\/57353","targetHints":{"allow":["GET"]}}],"collection":[{"href":"https:\/\/www.interaccionnoticias.com.mx\/index.php?rest_route=\/wp\/v2\/posts"}],"about":[{"href":"https:\/\/www.interaccionnoticias.com.mx\/index.php?rest_route=\/wp\/v2\/types\/post"}],"author":[{"embeddable":true,"href":"https:\/\/www.interaccionnoticias.com.mx\/index.php?rest_route=\/wp\/v2\/users\/19"}],"replies":[{"embeddable":true,"href":"https:\/\/www.interaccionnoticias.com.mx\/index.php?rest_route=%2Fwp%2Fv2%2Fcomments&post=57353"}],"version-history":[{"count":1,"href":"https:\/\/www.interaccionnoticias.com.mx\/index.php?rest_route=\/wp\/v2\/posts\/57353\/revisions"}],"predecessor-version":[{"id":57355,"href":"https:\/\/www.interaccionnoticias.com.mx\/index.php?rest_route=\/wp\/v2\/posts\/57353\/revisions\/57355"}],"wp:featuredmedia":[{"embeddable":true,"href":"https:\/\/www.interaccionnoticias.com.mx\/index.php?rest_route=\/wp\/v2\/media\/57354"}],"wp:attachment":[{"href":"https:\/\/www.interaccionnoticias.com.mx\/index.php?rest_route=%2Fwp%2Fv2%2Fmedia&parent=57353"}],"wp:term":[{"taxonomy":"category","embeddable":true,"href":"https:\/\/www.interaccionnoticias.com.mx\/index.php?rest_route=%2Fwp%2Fv2%2Fcategories&post=57353"},{"taxonomy":"post_tag","embeddable":true,"href":"https:\/\/www.interaccionnoticias.com.mx\/index.php?rest_route=%2Fwp%2Fv2%2Ftags&post=57353"}],"curies":[{"name":"wp","href":"https:\/\/api.w.org\/{rel}","templated":true}]}}