{"id":57350,"date":"2023-02-09T13:38:05","date_gmt":"2023-02-09T19:38:05","guid":{"rendered":"https:\/\/interaccionnoticias.com.mx\/?p=57350"},"modified":"2023-02-09T13:38:10","modified_gmt":"2023-02-09T19:38:10","slug":"trasladan-a-32-internos-del-cereso-de-iguala","status":"publish","type":"post","link":"https:\/\/www.interaccionnoticias.com.mx\/?p=57350","title":{"rendered":"Trasladan a 32 internos del CERESO de Iguala"},"content":{"rendered":"\n<p><strong><em>&#8212; Son considerados de alta peligrosidad<br>&#8212; Operativo de GN con fuerzas federales<\/em><\/strong><\/p>\n\n\n\n<p><strong>Javier Trujillo<\/strong><\/p>\n\n\n\n<p><strong>Acapulco, Gro.-<\/strong> La madrugada de ayer, 32 reos considerados de alta peligrosidad, del penal de Iguala, fueron trasladados a varios Cerefesos del pa\u00eds, con la finalidad de \u00abdespresurizar\u00bb, dicha c\u00e1rcel estatal.<\/p>\n\n\n\n<p>De los 28 internos que estaban en el penal de Iguala, se encuentran l\u00edderes criminales de la Guerreros Unidos, La Bandera y de Tacos, y de la Familia Michoacana, entre ellos Juan Vargas Macedo alias \u00abLa Mole\u00bb, integrante de un grupo criminal.<\/p>\n\n\n\n<p>Se trat\u00f3 de 28 hombres a los que identifican como Personas Privadas de su Libertad (PPL), procesados, sentenciados, as\u00ed como 4 mujeres, lo que suman un total de 32 internos del penal de Iguala.<\/p>\n\n\n\n<p>El operativo, se llev\u00f3 a cabo con efectivos de Fuerzas federales, y hasta esa localidad lleg\u00f3 una aeronave de la Guardia Nacional, con el apoyo operativo de soldados del Ej\u00e9rcito Mexicano y la Polic\u00eda Estatal.<\/p>\n\n\n\n<p>Ser\u00eda el cuarto traslado en los \u00faltimos dos a\u00f1os y se estima que de los internos procesados y sentenciados de Acapulco, Iguala y Chilpancingo han sido transferidos a penales federales unos 300 reos, tan solo en los \u00faltimos dos a\u00f1os en la entidad.<\/p>\n\n\n\n<p>Se presume que tambi\u00e9n se llevaron a otro grupo del CERESO de Chilpancingo. Las autoridades de la Secretaria de Seguridad P\u00fablica, no han emitido ning\u00fan reporte al respecto.<\/p>\n","protected":false},"excerpt":{"rendered":"<p>&#8212; Son considerados de alta peligrosidad&#8212; Operativo de GN con fuerzas federales Javier Trujillo Acapulco, Gro.- La madrugada de ayer, 32 reos considerados de alta peligrosidad, del penal de Iguala,&hellip; <\/p>\n","protected":false},"author":3,"featured_media":57351,"comment_status":"open","ping_status":"open","sticky":false,"template":"","format":"standard","meta":{"fifu_image_url":"","fifu_image_alt":"","footnotes":""},"categories":[27],"tags":[],"class_list":["post-57350","post","type-post","status-publish","format-standard","has-post-thumbnail","hentry","category-seguridad-publica"],"_links":{"self":[{"href":"https:\/\/www.interaccionnoticias.com.mx\/index.php?rest_route=\/wp\/v2\/posts\/57350","targetHints":{"allow":["GET"]}}],"collection":[{"href":"https:\/\/www.interaccionnoticias.com.mx\/index.php?rest_route=\/wp\/v2\/posts"}],"about":[{"href":"https:\/\/www.interaccionnoticias.com.mx\/index.php?rest_route=\/wp\/v2\/types\/post"}],"author":[{"embeddable":true,"href":"https:\/\/www.interaccionnoticias.com.mx\/index.php?rest_route=\/wp\/v2\/users\/3"}],"replies":[{"embeddable":true,"href":"https:\/\/www.interaccionnoticias.com.mx\/index.php?rest_route=%2Fwp%2Fv2%2Fcomments&post=57350"}],"version-history":[{"count":1,"href":"https:\/\/www.interaccionnoticias.com.mx\/index.php?rest_route=\/wp\/v2\/posts\/57350\/revisions"}],"predecessor-version":[{"id":57352,"href":"https:\/\/www.interaccionnoticias.com.mx\/index.php?rest_route=\/wp\/v2\/posts\/57350\/revisions\/57352"}],"wp:featuredmedia":[{"embeddable":true,"href":"https:\/\/www.interaccionnoticias.com.mx\/index.php?rest_route=\/wp\/v2\/media\/57351"}],"wp:attachment":[{"href":"https:\/\/www.interaccionnoticias.com.mx\/index.php?rest_route=%2Fwp%2Fv2%2Fmedia&parent=57350"}],"wp:term":[{"taxonomy":"category","embeddable":true,"href":"https:\/\/www.interaccionnoticias.com.mx\/index.php?rest_route=%2Fwp%2Fv2%2Fcategories&post=57350"},{"taxonomy":"post_tag","embeddable":true,"href":"https:\/\/www.interaccionnoticias.com.mx\/index.php?rest_route=%2Fwp%2Fv2%2Ftags&post=57350"}],"curies":[{"name":"wp","href":"https:\/\/api.w.org\/{rel}","templated":true}]}}