{"id":57330,"date":"2023-02-09T12:17:05","date_gmt":"2023-02-09T18:17:05","guid":{"rendered":"https:\/\/interaccionnoticias.com.mx\/?p=57330"},"modified":"2023-02-09T12:17:10","modified_gmt":"2023-02-09T18:17:10","slug":"localizan-a-menor-reportada-como-desaparecida-durante-cuatro-dias","status":"publish","type":"post","link":"https:\/\/www.interaccionnoticias.com.mx\/?p=57330","title":{"rendered":"Localizan a menor reportada como desaparecida durante cuatro d\u00edas"},"content":{"rendered":"\n<p><strong><em>&#8212; Hay otra joven desaparecida en la Monta\u00f1a, desde el 15 de enero<\/em><\/strong><\/p>\n\n\n\n<p><strong>Eduardo Yener Santos\/ Chilpancingo<br>9 de febrero de 2022<\/strong><\/p>\n\n\n\n<p>La joven Estrella Ramos Rojas de 17 a\u00f1os fue localizada con vida la jornada del mi\u00e9rcoles 8 de febrero, tras permanecer cuatro d\u00edas desaparecida, de acuerdo con la Alerta Violenta<\/p>\n\n\n\n<p>Ramos Rojas desapareci\u00f3 el domingo 5 de febrero en la capital del estado, pero fue fue localizada con vida durante la tarde del mi\u00e9rcoles, por lo que de inmediato fue contactada con sus familiares.<\/p>\n\n\n\n<p>A trav\u00e9s de redes sociales, la Fiscal\u00eda General del Estado (FGE) y la Secretar\u00eda de Seguridad Publica (SSP), informaron que \u201cEstrella Ramos Rojas, ya fue localizada y que se encontraba sana.<\/p>\n\n\n\n<p>Actualmente, la joven Yazm\u00edn Hern\u00e1ndez Peral de 15 a\u00f1os de edad sigue desaparecida, a partir de un reporte emitido el 15 de enero del presente a\u00f1o.<\/p>\n\n\n\n<p>En esa fecha fue vista por \u00faltima vez en el poblado de Tecoyame de Guadalupe, municipio de Tlalixtaquilla, en la Monta\u00f1a de Guerrero<\/p>\n\n\n\n<p>Autoridades del gobierno estatal y la Fiscal\u00eda General mantienen vigente la Alerta Violeta por Yazm\u00edn Hern\u00e1ndez, en la ficha de b\u00fasqueda se especifica que Yazm\u00edn es de complexi\u00f3n delgada, tez morena clara, cabello lacio casta\u00f1o claro y ojos caf\u00e9 obscuros.<\/p>\n","protected":false},"excerpt":{"rendered":"<p>&#8212; Hay otra joven desaparecida en la Monta\u00f1a, desde el 15 de enero Eduardo Yener Santos\/ Chilpancingo9 de febrero de 2022 La joven Estrella Ramos Rojas de 17 a\u00f1os fue&hellip; <\/p>\n","protected":false},"author":31,"featured_media":57331,"comment_status":"open","ping_status":"open","sticky":false,"template":"","format":"standard","meta":{"fifu_image_url":"","fifu_image_alt":"","footnotes":""},"categories":[27],"tags":[],"class_list":["post-57330","post","type-post","status-publish","format-standard","has-post-thumbnail","hentry","category-seguridad-publica"],"_links":{"self":[{"href":"https:\/\/www.interaccionnoticias.com.mx\/index.php?rest_route=\/wp\/v2\/posts\/57330","targetHints":{"allow":["GET"]}}],"collection":[{"href":"https:\/\/www.interaccionnoticias.com.mx\/index.php?rest_route=\/wp\/v2\/posts"}],"about":[{"href":"https:\/\/www.interaccionnoticias.com.mx\/index.php?rest_route=\/wp\/v2\/types\/post"}],"author":[{"embeddable":true,"href":"https:\/\/www.interaccionnoticias.com.mx\/index.php?rest_route=\/wp\/v2\/users\/31"}],"replies":[{"embeddable":true,"href":"https:\/\/www.interaccionnoticias.com.mx\/index.php?rest_route=%2Fwp%2Fv2%2Fcomments&post=57330"}],"version-history":[{"count":1,"href":"https:\/\/www.interaccionnoticias.com.mx\/index.php?rest_route=\/wp\/v2\/posts\/57330\/revisions"}],"predecessor-version":[{"id":57332,"href":"https:\/\/www.interaccionnoticias.com.mx\/index.php?rest_route=\/wp\/v2\/posts\/57330\/revisions\/57332"}],"wp:featuredmedia":[{"embeddable":true,"href":"https:\/\/www.interaccionnoticias.com.mx\/index.php?rest_route=\/wp\/v2\/media\/57331"}],"wp:attachment":[{"href":"https:\/\/www.interaccionnoticias.com.mx\/index.php?rest_route=%2Fwp%2Fv2%2Fmedia&parent=57330"}],"wp:term":[{"taxonomy":"category","embeddable":true,"href":"https:\/\/www.interaccionnoticias.com.mx\/index.php?rest_route=%2Fwp%2Fv2%2Fcategories&post=57330"},{"taxonomy":"post_tag","embeddable":true,"href":"https:\/\/www.interaccionnoticias.com.mx\/index.php?rest_route=%2Fwp%2Fv2%2Ftags&post=57330"}],"curies":[{"name":"wp","href":"https:\/\/api.w.org\/{rel}","templated":true}]}}