{"id":5733,"date":"2017-06-25T21:46:24","date_gmt":"2017-06-26T02:46:24","guid":{"rendered":"http:\/\/www.inter-accion.com.mx\/?p=5733"},"modified":"2017-06-25T21:46:24","modified_gmt":"2017-06-26T02:46:24","slug":"8-vivendas-inundadas-y-seis-arboles-caidos-entre-las-afectaciones-provocadas-por-dora","status":"publish","type":"post","link":"https:\/\/www.interaccionnoticias.com.mx\/?p=5733","title":{"rendered":"8 vivendas inundadas y seis \u00e1rboles ca\u00eddos, entre las afectaciones provocadas por Dora"},"content":{"rendered":"<p><strong>Solo da\u00f1os menores, pero las lluvias van a seguir<\/strong><br \/>\nEl secretario de Protecci\u00f3n Civil del Gobierno estatal, Marcos C\u00e9sar Mayares inform\u00f3 que las lluvias del fin de semana dejaron un saldo de 8 viviendas inundadas, 8 \u00e1rboles ca\u00eddos y un techo colapsado, aunque solicit\u00f3 a la poblaci\u00f3n y autoridades municipales mantenerse alertas, porque las precipitaciones generadas por la tormenta tropical \u201cDora\u201d van a continuar.<br \/>\nEn una conferencia convocada por el gobernador H\u00e9ctor Astudillo Flores, el titular de PC indic\u00f3 que hasta el momento solo se han generado da\u00f1os menores, aunque por la persistencia de la tormenta tropical Dora, es necesario mantenerse alertas ante cualquier posible contingencia. &nbsp;<br \/>\nLa ma\u00f1ana del domingo, C\u00e9sar Mayares indic\u00f3 que todav\u00eda se ten\u00edan precipitaciones ligeras en Acapulco y parte de Costa Grande.<br \/>\nRefiri\u00f3 que durante el fin de semana se activaron los protocolos del sistema de alertamiento temprano de ciclones, puesto que ya hab\u00eda consecuencias en algunos municipios.<br \/>\nExplico que hasta la tarde del domingo se ten\u00eda un registro de ocho viviendas inundadas, 5 de ellas en Chilpancingo, 2 en Tixtla y una en Ayutla de los Libres.<br \/>\nTambi\u00e9n se report\u00f3 la ca\u00edda de 6 \u00e1rboles por el reblandecimiento de suelo; 4 en Acapulco, 1 en Chilpancingo y 1 m\u00e1s &nbsp;en Ayutla de los Libres.<br \/>\nEn Olinal\u00e1, municipio ubicado en la Monta\u00f1a de Guerrero se registr\u00f3 un techo colapsado, aunque ah\u00ed se anot\u00f3 que est\u00e1 pendiente un estudio sobre la resistencia de los materiales de construcci\u00f3n.<br \/>\nEl funcionario explic\u00f3 que se est\u00e1 entrando a los meses complicados de la temporada de lluvias, que son julio, agosto y parte de septiembre.<br \/>\nPor eso, ya se tienen listos 599 refugios temporales y se mantiene la comunicaci\u00f3n con los 81 gobiernos municipales, para accionar en cuanto se requiera.<br \/>\n&nbsp;&nbsp;<\/p>\n","protected":false},"excerpt":{"rendered":"<p>Solo da\u00f1os menores, pero las lluvias van a seguir El secretario de Protecci\u00f3n Civil del Gobierno estatal, Marcos C\u00e9sar Mayares inform\u00f3 que las lluvias del fin de semana dejaron un&hellip; <\/p>\n","protected":false},"author":1,"featured_media":0,"comment_status":"closed","ping_status":"closed","sticky":false,"template":"","format":"standard","meta":{"fifu_image_url":"","fifu_image_alt":"","footnotes":""},"categories":[8,11],"tags":[],"class_list":["post-5733","post","type-post","status-publish","format-standard","hentry","category-featured","category-guerrero"],"_links":{"self":[{"href":"https:\/\/www.interaccionnoticias.com.mx\/index.php?rest_route=\/wp\/v2\/posts\/5733","targetHints":{"allow":["GET"]}}],"collection":[{"href":"https:\/\/www.interaccionnoticias.com.mx\/index.php?rest_route=\/wp\/v2\/posts"}],"about":[{"href":"https:\/\/www.interaccionnoticias.com.mx\/index.php?rest_route=\/wp\/v2\/types\/post"}],"author":[{"embeddable":true,"href":"https:\/\/www.interaccionnoticias.com.mx\/index.php?rest_route=\/wp\/v2\/users\/1"}],"replies":[{"embeddable":true,"href":"https:\/\/www.interaccionnoticias.com.mx\/index.php?rest_route=%2Fwp%2Fv2%2Fcomments&post=5733"}],"version-history":[{"count":0,"href":"https:\/\/www.interaccionnoticias.com.mx\/index.php?rest_route=\/wp\/v2\/posts\/5733\/revisions"}],"wp:attachment":[{"href":"https:\/\/www.interaccionnoticias.com.mx\/index.php?rest_route=%2Fwp%2Fv2%2Fmedia&parent=5733"}],"wp:term":[{"taxonomy":"category","embeddable":true,"href":"https:\/\/www.interaccionnoticias.com.mx\/index.php?rest_route=%2Fwp%2Fv2%2Fcategories&post=5733"},{"taxonomy":"post_tag","embeddable":true,"href":"https:\/\/www.interaccionnoticias.com.mx\/index.php?rest_route=%2Fwp%2Fv2%2Ftags&post=5733"}],"curies":[{"name":"wp","href":"https:\/\/api.w.org\/{rel}","templated":true}]}}