{"id":57316,"date":"2023-02-08T20:39:11","date_gmt":"2023-02-09T02:39:11","guid":{"rendered":"https:\/\/interaccionnoticias.com.mx\/?p=57316"},"modified":"2023-02-08T20:39:15","modified_gmt":"2023-02-09T02:39:15","slug":"hay-transparencia-en-el-proceso-de-transferencia-de-trabajadores-de-salud-guerrero-al-imss-bienestar","status":"publish","type":"post","link":"https:\/\/www.interaccionnoticias.com.mx\/?p=57316","title":{"rendered":"Hay transparencia en el proceso de transferencia de trabajadores de Salud Guerrero al IMSS Bienestar"},"content":{"rendered":"\n<p><strong><em>&#8212; Gobierno de Guerrero solicitar\u00e1 al Instituto hacer p\u00fablico los criterios de selecci\u00f3n de los trabajadores<\/em><\/strong><\/p>\n\n\n\n<p><strong>Chilpancingo, Gro., 8 de febrero de 2023.- <\/strong>El secretario general de Gobierno, Ludwig Marcial Reynoso Nu\u00f1ez encabez\u00f3 una mesa de trabajo junto al Subsecretario de Administraci\u00f3n y Finanzas de la Secretar\u00eda de Salud, Humberto Fernando Soto L\u00f3pez y una comisi\u00f3n de trabajadores eventuales, quienes solicitaron el di\u00e1logo para dar a conocer las inconformidades por la falta de claridad en el proceso de transferencia del personal al IMSS Bienestar.<\/p>\n\n\n\n<p>Durante la reuni\u00f3n celebrada al interior de Recinto de las Oficinas del Poder Ejecutivo, Reynoso N\u00fa\u00f1ez reafirm\u00f3 el compromiso de la gobernadora Evelyn Salgado Pineda con la justicia laboral del personal del sector salud, por su incansable labor durante la pandemia por Covid 19 y durante las jornadas de vacunaci\u00f3n contra esta enfermedad.<\/p>\n\n\n\n<p>En ese sentido, las autoridades estatales establecieron el compromiso de solicitar ante el IMSS Bienestar la informaci\u00f3n de las etapas, procesos de selecci\u00f3n y evaluaci\u00f3n para los trabajadores, adem\u00e1s de ofrecer una atenci\u00f3n m\u00e1s personalizada en los casos de algunos trabajadores que as\u00ed lo requieran.<\/p>\n\n\n\n<p>Asimismo, se refrend\u00f3 el compromiso de las autoridades estatales para atender de manera permanente la problem\u00e1tica que se presente en el proceso de basificaci\u00f3n del trabajador.<\/p>\n\n\n\n<p>As\u00ed como, intervenir ante el Instituto a efecto de llevar a cabo una reuni\u00f3n de trabajo con el personal considerado como C\u00f3digo 08 del IMSS.<\/p>\n\n\n\n<figure class=\"wp-block-gallery columns-2 is-cropped wp-block-gallery-1 is-layout-flex wp-block-gallery-is-layout-flex\"><ul class=\"blocks-gallery-grid\"><li class=\"blocks-gallery-item\"><figure><img decoding=\"async\" src=\"data:image\/gif;base64,R0lGODlhAQABAIAAAAAAAP\/\/\/ywAAAAAAQABAAACAUwAOw==\" fifu-lazy=\"1\" fifu-data-sizes=\"auto\" fifu-data-srcset=\"https:\/\/i2.wp.com\/interaccionnoticias.com.mx\/wp-content\/uploads\/2023\/02\/230208-IMSS-Bienestar-1-1024x682.jpg?ssl=1&w=75&resize=75&ssl=1 75w, https:\/\/i2.wp.com\/interaccionnoticias.com.mx\/wp-content\/uploads\/2023\/02\/230208-IMSS-Bienestar-1-1024x682.jpg?ssl=1&w=100&resize=100&ssl=1 100w, https:\/\/i2.wp.com\/interaccionnoticias.com.mx\/wp-content\/uploads\/2023\/02\/230208-IMSS-Bienestar-1-1024x682.jpg?ssl=1&w=150&resize=150&ssl=1 150w, https:\/\/i2.wp.com\/interaccionnoticias.com.mx\/wp-content\/uploads\/2023\/02\/230208-IMSS-Bienestar-1-1024x682.jpg?ssl=1&w=240&resize=240&ssl=1 240w, https:\/\/i2.wp.com\/interaccionnoticias.com.mx\/wp-content\/uploads\/2023\/02\/230208-IMSS-Bienestar-1-1024x682.jpg?ssl=1&w=320&resize=320&ssl=1 320w, https:\/\/i2.wp.com\/interaccionnoticias.com.mx\/wp-content\/uploads\/2023\/02\/230208-IMSS-Bienestar-1-1024x682.jpg?ssl=1&w=500&resize=500&ssl=1 500w, https:\/\/i2.wp.com\/interaccionnoticias.com.mx\/wp-content\/uploads\/2023\/02\/230208-IMSS-Bienestar-1-1024x682.jpg?ssl=1&w=640&resize=640&ssl=1 640w, https:\/\/i2.wp.com\/interaccionnoticias.com.mx\/wp-content\/uploads\/2023\/02\/230208-IMSS-Bienestar-1-1024x682.jpg?ssl=1&w=800&resize=800&ssl=1 800w, https:\/\/i2.wp.com\/interaccionnoticias.com.mx\/wp-content\/uploads\/2023\/02\/230208-IMSS-Bienestar-1-1024x682.jpg?ssl=1&w=1024&resize=1024&ssl=1 1024w, https:\/\/i2.wp.com\/interaccionnoticias.com.mx\/wp-content\/uploads\/2023\/02\/230208-IMSS-Bienestar-1-1024x682.jpg?ssl=1&w=1280&resize=1280&ssl=1 1280w, https:\/\/i2.wp.com\/interaccionnoticias.com.mx\/wp-content\/uploads\/2023\/02\/230208-IMSS-Bienestar-1-1024x682.jpg?ssl=1&w=1600&resize=1600&ssl=1 1600w\" fifu-data-src=\"https:\/\/i2.wp.com\/interaccionnoticias.com.mx\/wp-content\/uploads\/2023\/02\/230208-IMSS-Bienestar-1-1024x682.jpg?ssl=1\" alt=\"\" data-id=\"57317\" data-full-url=\"https:\/\/interaccionnoticias.com.mx\/wp-content\/uploads\/2023\/02\/230208-IMSS-Bienestar-1.jpg\" data-link=\"https:\/\/interaccionnoticias.com.mx\/?attachment_id=57317\" class=\"wp-image-57317\"\/><\/figure><\/li><li class=\"blocks-gallery-item\"><figure><img decoding=\"async\" src=\"data:image\/gif;base64,R0lGODlhAQABAIAAAAAAAP\/\/\/ywAAAAAAQABAAACAUwAOw==\" fifu-lazy=\"1\" fifu-data-sizes=\"auto\" fifu-data-srcset=\"https:\/\/i1.wp.com\/interaccionnoticias.com.mx\/wp-content\/uploads\/2023\/02\/230208-IMSS-Bienestar-2-1024x682.jpg?ssl=1&w=75&resize=75&ssl=1 75w, https:\/\/i1.wp.com\/interaccionnoticias.com.mx\/wp-content\/uploads\/2023\/02\/230208-IMSS-Bienestar-2-1024x682.jpg?ssl=1&w=100&resize=100&ssl=1 100w, https:\/\/i1.wp.com\/interaccionnoticias.com.mx\/wp-content\/uploads\/2023\/02\/230208-IMSS-Bienestar-2-1024x682.jpg?ssl=1&w=150&resize=150&ssl=1 150w, https:\/\/i1.wp.com\/interaccionnoticias.com.mx\/wp-content\/uploads\/2023\/02\/230208-IMSS-Bienestar-2-1024x682.jpg?ssl=1&w=240&resize=240&ssl=1 240w, https:\/\/i1.wp.com\/interaccionnoticias.com.mx\/wp-content\/uploads\/2023\/02\/230208-IMSS-Bienestar-2-1024x682.jpg?ssl=1&w=320&resize=320&ssl=1 320w, https:\/\/i1.wp.com\/interaccionnoticias.com.mx\/wp-content\/uploads\/2023\/02\/230208-IMSS-Bienestar-2-1024x682.jpg?ssl=1&w=500&resize=500&ssl=1 500w, https:\/\/i1.wp.com\/interaccionnoticias.com.mx\/wp-content\/uploads\/2023\/02\/230208-IMSS-Bienestar-2-1024x682.jpg?ssl=1&w=640&resize=640&ssl=1 640w, https:\/\/i1.wp.com\/interaccionnoticias.com.mx\/wp-content\/uploads\/2023\/02\/230208-IMSS-Bienestar-2-1024x682.jpg?ssl=1&w=800&resize=800&ssl=1 800w, https:\/\/i1.wp.com\/interaccionnoticias.com.mx\/wp-content\/uploads\/2023\/02\/230208-IMSS-Bienestar-2-1024x682.jpg?ssl=1&w=1024&resize=1024&ssl=1 1024w, https:\/\/i1.wp.com\/interaccionnoticias.com.mx\/wp-content\/uploads\/2023\/02\/230208-IMSS-Bienestar-2-1024x682.jpg?ssl=1&w=1280&resize=1280&ssl=1 1280w, https:\/\/i1.wp.com\/interaccionnoticias.com.mx\/wp-content\/uploads\/2023\/02\/230208-IMSS-Bienestar-2-1024x682.jpg?ssl=1&w=1600&resize=1600&ssl=1 1600w\" fifu-data-src=\"https:\/\/i1.wp.com\/interaccionnoticias.com.mx\/wp-content\/uploads\/2023\/02\/230208-IMSS-Bienestar-2-1024x682.jpg?ssl=1\" alt=\"\" data-id=\"57318\" data-full-url=\"https:\/\/interaccionnoticias.com.mx\/wp-content\/uploads\/2023\/02\/230208-IMSS-Bienestar-2.jpg\" data-link=\"https:\/\/interaccionnoticias.com.mx\/?attachment_id=57318\" class=\"wp-image-57318\"\/><\/figure><\/li><\/ul><\/figure>\n","protected":false},"excerpt":{"rendered":"<p>&#8212; Gobierno de Guerrero solicitar\u00e1 al Instituto hacer p\u00fablico los criterios de selecci\u00f3n de los trabajadores Chilpancingo, Gro., 8 de febrero de 2023.- El secretario general de Gobierno, Ludwig Marcial&hellip; <\/p>\n","protected":false},"author":19,"featured_media":57317,"comment_status":"open","ping_status":"open","sticky":false,"template":"","format":"standard","meta":{"fifu_image_url":"","fifu_image_alt":"","footnotes":""},"categories":[11],"tags":[],"class_list":["post-57316","post","type-post","status-publish","format-standard","has-post-thumbnail","hentry","category-guerrero"],"_links":{"self":[{"href":"https:\/\/www.interaccionnoticias.com.mx\/index.php?rest_route=\/wp\/v2\/posts\/57316","targetHints":{"allow":["GET"]}}],"collection":[{"href":"https:\/\/www.interaccionnoticias.com.mx\/index.php?rest_route=\/wp\/v2\/posts"}],"about":[{"href":"https:\/\/www.interaccionnoticias.com.mx\/index.php?rest_route=\/wp\/v2\/types\/post"}],"author":[{"embeddable":true,"href":"https:\/\/www.interaccionnoticias.com.mx\/index.php?rest_route=\/wp\/v2\/users\/19"}],"replies":[{"embeddable":true,"href":"https:\/\/www.interaccionnoticias.com.mx\/index.php?rest_route=%2Fwp%2Fv2%2Fcomments&post=57316"}],"version-history":[{"count":1,"href":"https:\/\/www.interaccionnoticias.com.mx\/index.php?rest_route=\/wp\/v2\/posts\/57316\/revisions"}],"predecessor-version":[{"id":57319,"href":"https:\/\/www.interaccionnoticias.com.mx\/index.php?rest_route=\/wp\/v2\/posts\/57316\/revisions\/57319"}],"wp:featuredmedia":[{"embeddable":true,"href":"https:\/\/www.interaccionnoticias.com.mx\/index.php?rest_route=\/wp\/v2\/media\/57317"}],"wp:attachment":[{"href":"https:\/\/www.interaccionnoticias.com.mx\/index.php?rest_route=%2Fwp%2Fv2%2Fmedia&parent=57316"}],"wp:term":[{"taxonomy":"category","embeddable":true,"href":"https:\/\/www.interaccionnoticias.com.mx\/index.php?rest_route=%2Fwp%2Fv2%2Fcategories&post=57316"},{"taxonomy":"post_tag","embeddable":true,"href":"https:\/\/www.interaccionnoticias.com.mx\/index.php?rest_route=%2Fwp%2Fv2%2Ftags&post=57316"}],"curies":[{"name":"wp","href":"https:\/\/api.w.org\/{rel}","templated":true}]}}