{"id":57301,"date":"2023-02-08T19:45:06","date_gmt":"2023-02-09T01:45:06","guid":{"rendered":"https:\/\/interaccionnoticias.com.mx\/?p=57301"},"modified":"2023-02-08T19:45:11","modified_gmt":"2023-02-09T01:45:11","slug":"gobierno-y-congreso-de-guerrero-no-actuan-conforme-a-la-4-t-dice-el-ex-diputado-federal-ruben-cayetano","status":"publish","type":"post","link":"https:\/\/www.interaccionnoticias.com.mx\/?p=57301","title":{"rendered":"Gobierno y Congreso de Guerrero no act\u00faan conforme a la 4-T, dice el ex diputado federal Rub\u00e9n Cayetano"},"content":{"rendered":"\n<p><em><strong>&#8212; Sus actitudes son similares a las del viejo r\u00e9gimen, asegura el fundador de MORENA<\/strong><\/em><\/p>\n\n\n\n<p><strong>Eduardo Yener Santos \/ Chilpancingo<br>8 de febrero de 2023<\/strong><\/p>\n\n\n\n<p>El ex diputado federal, Rub\u00e9n Cayetano Garc\u00eda consider\u00f3 que en Guerrero el gobierno del estado y el poder legislativo no caminan acorde a la pol\u00edtica de la Cuarta Transformaci\u00f3n, indicando que en ambos poderes del Estado se asume un modelo de la pol\u00edtica tradicional de gobiernos pasados, lo que provoca dijo: \u201cque la decepci\u00f3n en la poblaci\u00f3n vaya creciendo cada d\u00eda contra el Movimiento de Regeneraci\u00f3n Nacional (Morena)\u201d<\/p>\n\n\n\n<p>En conferencia de prensa, a la que asistieron varios integrantes de la Construcci\u00f3n de la Cuarta Transformaci\u00f3n en Guerrero para invitar a una marcha el pr\u00f3ximo 18 de marzo, Rub\u00e9n Cayetano sostuvo que \u00e9l y sus compa\u00f1eros no comparten la pol\u00edtica del quehacer p\u00fablico que existe en Guerrero \u201cporque ni Evelyn Salgado ni los diputados del Congreso cuenta con un proyecto real para transformar al estado\u201d.<\/p>\n\n\n\n<p>Cayetano Garc\u00eda se quej\u00f3 del gobierno del estado y de los diputados locales de Morena, acusando que la gobernadora Evelyn Salgado no ha mostrado su proyecto de gobierno y que los diputados locales de Morena tampoco han dado a conocer su agenda legislativa<\/p>\n\n\n\n<p>El ex legislador federal por Morena apunt\u00f3 que actualmente en todo el estado existen demandas sociales de distintos sectores y, por parte del gobierno del estado y del Congreso no ejercen una correcta atenci\u00f3n<\/p>\n\n\n\n<p>Consider\u00f3 que s\u00ed el gobierno estatal y los diputados del Congreso contin\u00faan en esa misma l\u00ednea de no atender los reclamos sociales, en Guerrero la decepci\u00f3n por Morena crecer\u00e1 cada d\u00eda y en consecuencia en el pr\u00f3ximo proceso electoral habr\u00e1 mucho abstencionismo para votar.<\/p>\n\n\n\n<p>Llam\u00f3 al gobierno del estado y diputados del Congreso a que atiendan las demandas de la poblaci\u00f3n y se promuevan reuniones entre los sectores, para evitar la decepci\u00f3n social<\/p>\n","protected":false},"excerpt":{"rendered":"<p>&#8212; Sus actitudes son similares a las del viejo r\u00e9gimen, asegura el fundador de MORENA Eduardo Yener Santos \/ Chilpancingo8 de febrero de 2023 El ex diputado federal, Rub\u00e9n Cayetano&hellip; <\/p>\n","protected":false},"author":31,"featured_media":57302,"comment_status":"open","ping_status":"open","sticky":false,"template":"","format":"standard","meta":{"fifu_image_url":"","fifu_image_alt":"","footnotes":""},"categories":[21],"tags":[],"class_list":["post-57301","post","type-post","status-publish","format-standard","has-post-thumbnail","hentry","category-politica"],"_links":{"self":[{"href":"https:\/\/www.interaccionnoticias.com.mx\/index.php?rest_route=\/wp\/v2\/posts\/57301","targetHints":{"allow":["GET"]}}],"collection":[{"href":"https:\/\/www.interaccionnoticias.com.mx\/index.php?rest_route=\/wp\/v2\/posts"}],"about":[{"href":"https:\/\/www.interaccionnoticias.com.mx\/index.php?rest_route=\/wp\/v2\/types\/post"}],"author":[{"embeddable":true,"href":"https:\/\/www.interaccionnoticias.com.mx\/index.php?rest_route=\/wp\/v2\/users\/31"}],"replies":[{"embeddable":true,"href":"https:\/\/www.interaccionnoticias.com.mx\/index.php?rest_route=%2Fwp%2Fv2%2Fcomments&post=57301"}],"version-history":[{"count":1,"href":"https:\/\/www.interaccionnoticias.com.mx\/index.php?rest_route=\/wp\/v2\/posts\/57301\/revisions"}],"predecessor-version":[{"id":57303,"href":"https:\/\/www.interaccionnoticias.com.mx\/index.php?rest_route=\/wp\/v2\/posts\/57301\/revisions\/57303"}],"wp:featuredmedia":[{"embeddable":true,"href":"https:\/\/www.interaccionnoticias.com.mx\/index.php?rest_route=\/wp\/v2\/media\/57302"}],"wp:attachment":[{"href":"https:\/\/www.interaccionnoticias.com.mx\/index.php?rest_route=%2Fwp%2Fv2%2Fmedia&parent=57301"}],"wp:term":[{"taxonomy":"category","embeddable":true,"href":"https:\/\/www.interaccionnoticias.com.mx\/index.php?rest_route=%2Fwp%2Fv2%2Fcategories&post=57301"},{"taxonomy":"post_tag","embeddable":true,"href":"https:\/\/www.interaccionnoticias.com.mx\/index.php?rest_route=%2Fwp%2Fv2%2Ftags&post=57301"}],"curies":[{"name":"wp","href":"https:\/\/api.w.org\/{rel}","templated":true}]}}