{"id":57296,"date":"2023-02-08T18:27:14","date_gmt":"2023-02-09T00:27:14","guid":{"rendered":"https:\/\/interaccionnoticias.com.mx\/?p=57296"},"modified":"2023-02-08T18:27:34","modified_gmt":"2023-02-09T00:27:34","slug":"expulsan-a-la-enuf-del-frente-de-normales-publicas-de-guerrero","status":"publish","type":"post","link":"https:\/\/www.interaccionnoticias.com.mx\/?p=57296","title":{"rendered":"Expulsan a la ENUF del Frente de Normales P\u00fablicas de Guerrero"},"content":{"rendered":"\n<p><strong><em>&#8212; Por buscar de manera individual el dialogo con el gobierno<\/em><\/strong><\/p>\n\n\n\n<p><strong>Jes\u00fas Dorantes<\/strong><\/p>\n\n\n\n<p>Chilpancingo, Gro.- El Frente Unido de Normales P\u00fablicas del Estado de Guerrero (FUNPEG) dio a conocer la expulsi\u00f3n de la Escuela Normal Urbana Federal (ENUF) Rafael Ram\u00edrez, debido a que busc\u00f3 de manera individual establecer acuerdos con \u00e9l gobierno estatal.<\/p>\n\n\n\n<p>Por medio de un comunicado oficial, el FUNPEG se deslindo de cualquier gesti\u00f3n, petici\u00f3n y actividad de lucha que realice la escuela Rafael Ram\u00edrez, la cual se\u00f1alan, \u201cya no forma parte de su frente\u201d.<\/p>\n\n\n\n<p>Dentro de la justificaci\u00f3n para desconocer a la normal ubicada en Chilpancingo, se se\u00f1ala lo siguiente: \u00abHan buscado de manera individual reuniones con autoridades que el FUNPEG hab\u00eda acordado no volver a tratar\u00bb.<\/p>\n\n\n\n<p>Adem\u00e1s, refieren que dicho plantel dej\u00f3 de asistir a las mesas de di\u00e1logo y de trabajo del FUNPEG, pero lo m\u00e1s notable, fue el hecho de impulsar \u00abactividades de lucha y protesta sin consultar a la organizaci\u00f3n, buscando el bien individual y no colectivo\u00bb.<\/p>\n\n\n\n<p>El comunicado est\u00e1 firmado por La Escuela Normal Preescolar Adolfo Viguri Viguri y la Centenaria Escuela Normal del Estado Ignacio Manuel Altamirano, ubicadas en Chilpancingo.<\/p>\n\n\n\n<p>Firma tambi\u00e9n la Escuela Superior de Educaci\u00f3n F\u00edsica (ESEF) del Puerto de Acapulco, el Centro Regional de Educaci\u00f3n Normal (CREN) de Iguala, la Escuela Normal Regional de la Monta\u00f1a \u00abJos\u00e9 Vasconcelos\u00bb, de Tlapa de Comonfort, la Escuela Normal Regional de Tierra Caliente, ubicada en Arcelia y la Escuela Normal \u00abVicente Guerrero\u00bb de Teloloapan.<\/p>\n","protected":false},"excerpt":{"rendered":"<p>&#8212; Por buscar de manera individual el dialogo con el gobierno Jes\u00fas Dorantes Chilpancingo, Gro.- El Frente Unido de Normales P\u00fablicas del Estado de Guerrero (FUNPEG) dio a conocer la&hellip; <\/p>\n","protected":false},"author":8,"featured_media":57245,"comment_status":"open","ping_status":"open","sticky":false,"template":"","format":"standard","meta":{"fifu_image_url":"","fifu_image_alt":"","footnotes":""},"categories":[6],"tags":[],"class_list":["post-57296","post","type-post","status-publish","format-standard","has-post-thumbnail","hentry","category-educacion"],"_links":{"self":[{"href":"https:\/\/www.interaccionnoticias.com.mx\/index.php?rest_route=\/wp\/v2\/posts\/57296","targetHints":{"allow":["GET"]}}],"collection":[{"href":"https:\/\/www.interaccionnoticias.com.mx\/index.php?rest_route=\/wp\/v2\/posts"}],"about":[{"href":"https:\/\/www.interaccionnoticias.com.mx\/index.php?rest_route=\/wp\/v2\/types\/post"}],"author":[{"embeddable":true,"href":"https:\/\/www.interaccionnoticias.com.mx\/index.php?rest_route=\/wp\/v2\/users\/8"}],"replies":[{"embeddable":true,"href":"https:\/\/www.interaccionnoticias.com.mx\/index.php?rest_route=%2Fwp%2Fv2%2Fcomments&post=57296"}],"version-history":[{"count":1,"href":"https:\/\/www.interaccionnoticias.com.mx\/index.php?rest_route=\/wp\/v2\/posts\/57296\/revisions"}],"predecessor-version":[{"id":57297,"href":"https:\/\/www.interaccionnoticias.com.mx\/index.php?rest_route=\/wp\/v2\/posts\/57296\/revisions\/57297"}],"wp:featuredmedia":[{"embeddable":true,"href":"https:\/\/www.interaccionnoticias.com.mx\/index.php?rest_route=\/wp\/v2\/media\/57245"}],"wp:attachment":[{"href":"https:\/\/www.interaccionnoticias.com.mx\/index.php?rest_route=%2Fwp%2Fv2%2Fmedia&parent=57296"}],"wp:term":[{"taxonomy":"category","embeddable":true,"href":"https:\/\/www.interaccionnoticias.com.mx\/index.php?rest_route=%2Fwp%2Fv2%2Fcategories&post=57296"},{"taxonomy":"post_tag","embeddable":true,"href":"https:\/\/www.interaccionnoticias.com.mx\/index.php?rest_route=%2Fwp%2Fv2%2Ftags&post=57296"}],"curies":[{"name":"wp","href":"https:\/\/api.w.org\/{rel}","templated":true}]}}