{"id":57291,"date":"2023-02-08T17:09:04","date_gmt":"2023-02-08T23:09:04","guid":{"rendered":"https:\/\/interaccionnoticias.com.mx\/?p=57291"},"modified":"2023-02-08T17:09:08","modified_gmt":"2023-02-08T23:09:08","slug":"la-toma-del-congreso-de-guerrero-consecuencia-de-la-revocacion-de-63-plazas-irregularidades","status":"publish","type":"post","link":"https:\/\/www.interaccionnoticias.com.mx\/?p=57291","title":{"rendered":"La toma del Congreso de Guerrero, consecuencia de la revocaci\u00f3n de 63 plazas irregularidades"},"content":{"rendered":"\n<p><strong><em>&#8212; La presidenta de la JUCOPO, Yoloczin Dom\u00ednguez Serna sostiene que dichas plazas fueron otorgadas durante la gesti\u00f3n de Alfredo S\u00e1nchez Esquivel<br>&#8212; El dirigente ha preferido reunirse a espaldas de sus compa\u00f1eros<\/em><\/strong><\/p>\n\n\n\n<p><strong>Yasm\u00edn Garc\u00eda Chino<\/strong><\/p>\n\n\n\n<p><strong>Chilpancingo, Gro., a 08 de febrero 2023.-<\/strong> La toma de las instalaciones del Congreso de Guerrero, por parte del sindicato \u00abSentimientos de la Naci\u00f3n\u00bb, se debe entre otras cosas, a la revocaci\u00f3n de 63 plazas de base que fueron entregadas de manera ilegal por el ex presidente de la Junta de Coordinaci\u00f3n Pol\u00edtica (JUCOPO), Alfredo S\u00e1nchez Esquivel.<\/p>\n\n\n\n<p>Yoloczin Dom\u00ednguez Serna, actual coordinadora de la bancada de MORENA y presidenta de la JUCOPO, se\u00f1ala tambi\u00e9n, que el conflicto detonado este mi\u00e9rcoles se debe al inicio de un procedimiento legal en contra del l\u00edder sindical Fernando Mart\u00ednez Rom\u00e1n, por la sustracci\u00f3n indebida de documentos oficiales.<\/p>\n\n\n\n<p>Dom\u00ednguez Serna sostiene que durante la gesti\u00f3n de Alfredo S\u00e1nchez como presidente de la JUCOPO, el sindicato Sentimientos de la Naci\u00f3n recibi\u00f3 63 bases de manera irregular, pues no hubo una convocatoria por parte del sindicato ni se sigui\u00f3 el debido proceso.<\/p>\n\n\n\n<p>Dom\u00ednguez Serna se\u00f1al\u00f3 que al asumir la presidencia de la JUCOPO no encontr\u00f3 ning\u00fan documento que diera certeza jur\u00eddica al otorgamiento de dichas plazas.<\/p>\n\n\n\n<p>En ese sentido, explic\u00f3 que la Secci\u00f3n LV del Sindicato \u00danico de Servidores P\u00fablicos del Estado de Guerrero (Suspeg) la que present\u00f3 un recurso de inconformidad ante el Tribunal de Justicia Laboral, \u00f3rgano jur\u00eddico que resolvi\u00f3 la revocaci\u00f3n de las 63 bases.<\/p>\n\n\n\n<p>La representante popular manifest\u00f3 que siempre ha tenido voluntad para di\u00e1logar con los integrantes del Sindicato Independiente, pero de manera injustificada, el secretario general ha preferido acudir solo \u00e9l a los encuentros.<\/p>\n\n\n\n<p>Yoloczin Dom\u00ednguez acus\u00f3 a Mart\u00ednez Rom\u00e1n de sustraer informaci\u00f3n, como recibos de n\u00f3mina de trabajadores del Congreso local para difundirlos, acto que es ilegal, del cual dijo: \u00abtendr\u00e1 que responder ante las instancias correspondientes\u00bb.<\/p>\n\n\n\n<p>Reiter\u00f3 que existe la apertura al di\u00e1logo por parte de la Jucopo con el Sindicato Sentimientos de la Naci\u00f3n, y refrend\u00f3 su respeto a los trabajadores del poder legislativo, pero insisti\u00f3 en la necesidad de hacer prevalecer la ley.<\/p>\n","protected":false},"excerpt":{"rendered":"<p>&#8212; La presidenta de la JUCOPO, Yoloczin Dom\u00ednguez Serna sostiene que dichas plazas fueron otorgadas durante la gesti\u00f3n de Alfredo S\u00e1nchez Esquivel&#8212; El dirigente ha preferido reunirse a espaldas de&hellip; <\/p>\n","protected":false},"author":4,"featured_media":57292,"comment_status":"open","ping_status":"open","sticky":false,"template":"","format":"standard","meta":{"fifu_image_url":"","fifu_image_alt":"","footnotes":""},"categories":[2],"tags":[],"class_list":["post-57291","post","type-post","status-publish","format-standard","has-post-thumbnail","hentry","category-congreso"],"_links":{"self":[{"href":"https:\/\/www.interaccionnoticias.com.mx\/index.php?rest_route=\/wp\/v2\/posts\/57291","targetHints":{"allow":["GET"]}}],"collection":[{"href":"https:\/\/www.interaccionnoticias.com.mx\/index.php?rest_route=\/wp\/v2\/posts"}],"about":[{"href":"https:\/\/www.interaccionnoticias.com.mx\/index.php?rest_route=\/wp\/v2\/types\/post"}],"author":[{"embeddable":true,"href":"https:\/\/www.interaccionnoticias.com.mx\/index.php?rest_route=\/wp\/v2\/users\/4"}],"replies":[{"embeddable":true,"href":"https:\/\/www.interaccionnoticias.com.mx\/index.php?rest_route=%2Fwp%2Fv2%2Fcomments&post=57291"}],"version-history":[{"count":1,"href":"https:\/\/www.interaccionnoticias.com.mx\/index.php?rest_route=\/wp\/v2\/posts\/57291\/revisions"}],"predecessor-version":[{"id":57293,"href":"https:\/\/www.interaccionnoticias.com.mx\/index.php?rest_route=\/wp\/v2\/posts\/57291\/revisions\/57293"}],"wp:featuredmedia":[{"embeddable":true,"href":"https:\/\/www.interaccionnoticias.com.mx\/index.php?rest_route=\/wp\/v2\/media\/57292"}],"wp:attachment":[{"href":"https:\/\/www.interaccionnoticias.com.mx\/index.php?rest_route=%2Fwp%2Fv2%2Fmedia&parent=57291"}],"wp:term":[{"taxonomy":"category","embeddable":true,"href":"https:\/\/www.interaccionnoticias.com.mx\/index.php?rest_route=%2Fwp%2Fv2%2Fcategories&post=57291"},{"taxonomy":"post_tag","embeddable":true,"href":"https:\/\/www.interaccionnoticias.com.mx\/index.php?rest_route=%2Fwp%2Fv2%2Ftags&post=57291"}],"curies":[{"name":"wp","href":"https:\/\/api.w.org\/{rel}","templated":true}]}}