{"id":57268,"date":"2023-02-08T12:58:10","date_gmt":"2023-02-08T18:58:10","guid":{"rendered":"https:\/\/interaccionnoticias.com.mx\/?p=57268"},"modified":"2023-02-08T13:02:23","modified_gmt":"2023-02-08T19:02:23","slug":"con-planton-reprochan-por-ocho-anos-en-la-masacre-de-san-jeronimo-palantla","status":"publish","type":"post","link":"https:\/\/www.interaccionnoticias.com.mx\/?p=57268","title":{"rendered":"Con plant\u00f3n, reprochan por ocho a\u00f1os en la masacre de San Jer\u00f3nimo Palantla"},"content":{"rendered":"\n<p><strong><em>&#8212; Hay 60 \u00f3rdenes de aprehensi\u00f3n emitidas en contra de Integrantes de la CRAC-PF<\/em><\/strong><\/p>\n\n\n\n<p><strong>Eduardo Yener Santos\/Chilpancingo<br>8 de febrero de 2023<\/strong><\/p>\n\n\n\n<p>Integrantes del Frente de Defensa Popular Francisco Villa (FDPFV) protestaron esta ma\u00f1ana en la entrada principal del Palacio de Gobierno, para denunciar que a ocho a\u00f1os del asesinato de cinco de sus compa\u00f1eros en San Jer\u00f3nimo Palantla, en municipio de Chilapa, el caso sigue impune.<\/p>\n\n\n\n<p>La organizaci\u00f3n que dirige Clemencia Guevara Tejedor, asegura que no solo se ha dificultado el acceso a la justicia para las familias de las v\u00edctimas, pero a pesar del tiempo no hay ning\u00fan detenido<\/p>\n\n\n\n<p>Alrededor de las ocho de la ma\u00f1ana de este mi\u00e9rcoles, un grupo de m\u00e1s de 30 personas, encabezadas por Clemencia Guevara Tejedor, arribaron al Palacio de Gobierno para realizar un mitin informativo sobre los hechos ocurridos el 8 de febrero del 2015, en el poblado ind\u00edgena de San Jer\u00f3nimo Palantla.<\/p>\n\n\n\n<p>Guevara record\u00f3 que hace ocho a\u00f1os, en esa comunidad de Chilapa se registr\u00f3 un enfrentamiento armado con miembros de la Coordinadora Regional de Autoridades Comunitarias de los Pueblos Fundadores (CRAC-PF), el saldo fue de cinco personas asesinadas.<\/p>\n\n\n\n<p>Los integrantes del Frente de Defensa Popular Francisco Villa exigieron el gobierno estatal justicia del caso y que la Fiscal\u00eda General del Estado (FGE) que ejecute las \u00f3rdenes de aprehensi\u00f3n contra los responsables esta masacre ocurrida en 2015, que de acuerdo a Clemencia Guevara, los responsables son miembros de la CRAC-PF.<\/p>\n\n\n\n<p>A la gobernadora Evelyn Salgado Pineda le solicitaron una audiencia para plantearle diversas demandas de seguridad e infraestructura para sus comunidades, donde el Frente de Defensa Popular Francisco Villa tiene presencia<\/p>\n\n\n\n<p>Al concluir el mitin, afuera del palacio se coloc\u00f3 una ofrenda floral en honor a las cinco personas asesinadas ese 8 de febrero.<\/p>\n\n\n\n<p>Hace ocho a\u00f1os fueron asesinados Anamar\u00eda P\u00e1nfilo Candelario; Juan Bola\u00f1os Rodr\u00edguez, Agust\u00edn Hilario Cortez, \u00c1ngel Calvario Tlatempa y Tom\u00e1s Chepillo Villanueva.<\/p>\n\n\n\n<p>D\u00edas despu\u00e9s del enfrentamiento, en San Jer\u00f3nimo Palantla se reunieron autoridades comunitarias de ambos pueblos, tambi\u00e9n acudieron autoridades del Ayuntamiento de Chilapa, representantes del gobierno del estado, mandos militares y se firm\u00f3 una minuta, en la que se se\u00f1alaba que ambos poblados no tendr\u00edan m\u00e1s enfrentamientos y, que de las personas asesinadas no se buscar\u00eda venganza.<\/p>\n\n\n\n<p>En esa reuni\u00f3n, no estuvieron presentes los dirigentes del Frente de Defensa Popular Francisco Villa y, de esa fecha a la actualidad esta agrupaci\u00f3n ha logrado que la Fiscal\u00eda del Estado comenzar\u00e1 67 averiguaciones previas y se emitieran 60 \u00f3rdenes de aprehensi\u00f3n, pero hasta el momento ninguna se ha ejecutado<\/p>\n\n\n\n<div class=\"wp-block-jetpack-slideshow aligncenter\" data-effect=\"slide\"><div class=\"wp-block-jetpack-slideshow_container swiper-container\"><ul class=\"wp-block-jetpack-slideshow_swiper-wrapper swiper-wrapper\"><li class=\"wp-block-jetpack-slideshow_slide swiper-slide\"><figure><img decoding=\"async\" src=\"data:image\/gif;base64,R0lGODlhAQABAIAAAAAAAP\/\/\/ywAAAAAAQABAAACAUwAOw==\" fifu-lazy=\"1\" fifu-data-sizes=\"auto\" fifu-data-srcset=\"https:\/\/i2.wp.com\/interaccionnoticias.com.mx\/wp-content\/uploads\/2023\/02\/230208-San-Jeronimo-Palantla-2-1024x683.jpg?ssl=1&w=75&resize=75&ssl=1 75w, https:\/\/i2.wp.com\/interaccionnoticias.com.mx\/wp-content\/uploads\/2023\/02\/230208-San-Jeronimo-Palantla-2-1024x683.jpg?ssl=1&w=100&resize=100&ssl=1 100w, https:\/\/i2.wp.com\/interaccionnoticias.com.mx\/wp-content\/uploads\/2023\/02\/230208-San-Jeronimo-Palantla-2-1024x683.jpg?ssl=1&w=150&resize=150&ssl=1 150w, https:\/\/i2.wp.com\/interaccionnoticias.com.mx\/wp-content\/uploads\/2023\/02\/230208-San-Jeronimo-Palantla-2-1024x683.jpg?ssl=1&w=240&resize=240&ssl=1 240w, https:\/\/i2.wp.com\/interaccionnoticias.com.mx\/wp-content\/uploads\/2023\/02\/230208-San-Jeronimo-Palantla-2-1024x683.jpg?ssl=1&w=320&resize=320&ssl=1 320w, https:\/\/i2.wp.com\/interaccionnoticias.com.mx\/wp-content\/uploads\/2023\/02\/230208-San-Jeronimo-Palantla-2-1024x683.jpg?ssl=1&w=500&resize=500&ssl=1 500w, https:\/\/i2.wp.com\/interaccionnoticias.com.mx\/wp-content\/uploads\/2023\/02\/230208-San-Jeronimo-Palantla-2-1024x683.jpg?ssl=1&w=640&resize=640&ssl=1 640w, https:\/\/i2.wp.com\/interaccionnoticias.com.mx\/wp-content\/uploads\/2023\/02\/230208-San-Jeronimo-Palantla-2-1024x683.jpg?ssl=1&w=800&resize=800&ssl=1 800w, https:\/\/i2.wp.com\/interaccionnoticias.com.mx\/wp-content\/uploads\/2023\/02\/230208-San-Jeronimo-Palantla-2-1024x683.jpg?ssl=1&w=1024&resize=1024&ssl=1 1024w, https:\/\/i2.wp.com\/interaccionnoticias.com.mx\/wp-content\/uploads\/2023\/02\/230208-San-Jeronimo-Palantla-2-1024x683.jpg?ssl=1&w=1280&resize=1280&ssl=1 1280w, https:\/\/i2.wp.com\/interaccionnoticias.com.mx\/wp-content\/uploads\/2023\/02\/230208-San-Jeronimo-Palantla-2-1024x683.jpg?ssl=1&w=1600&resize=1600&ssl=1 1600w\" alt=\"\" class=\"wp-block-jetpack-slideshow_image wp-image-57272\" data-id=\"57272\" fifu-data-src=\"https:\/\/i2.wp.com\/interaccionnoticias.com.mx\/wp-content\/uploads\/2023\/02\/230208-San-Jeronimo-Palantla-2-1024x683.jpg?ssl=1\"\/><\/figure><\/li><li class=\"wp-block-jetpack-slideshow_slide swiper-slide\"><figure><img decoding=\"async\" src=\"data:image\/gif;base64,R0lGODlhAQABAIAAAAAAAP\/\/\/ywAAAAAAQABAAACAUwAOw==\" fifu-lazy=\"1\" fifu-data-sizes=\"auto\" fifu-data-srcset=\"https:\/\/i0.wp.com\/interaccionnoticias.com.mx\/wp-content\/uploads\/2023\/02\/230208-San-Jeronimo-Palantla-3-1024x683.jpg?ssl=1&w=75&resize=75&ssl=1 75w, https:\/\/i0.wp.com\/interaccionnoticias.com.mx\/wp-content\/uploads\/2023\/02\/230208-San-Jeronimo-Palantla-3-1024x683.jpg?ssl=1&w=100&resize=100&ssl=1 100w, https:\/\/i0.wp.com\/interaccionnoticias.com.mx\/wp-content\/uploads\/2023\/02\/230208-San-Jeronimo-Palantla-3-1024x683.jpg?ssl=1&w=150&resize=150&ssl=1 150w, https:\/\/i0.wp.com\/interaccionnoticias.com.mx\/wp-content\/uploads\/2023\/02\/230208-San-Jeronimo-Palantla-3-1024x683.jpg?ssl=1&w=240&resize=240&ssl=1 240w, https:\/\/i0.wp.com\/interaccionnoticias.com.mx\/wp-content\/uploads\/2023\/02\/230208-San-Jeronimo-Palantla-3-1024x683.jpg?ssl=1&w=320&resize=320&ssl=1 320w, https:\/\/i0.wp.com\/interaccionnoticias.com.mx\/wp-content\/uploads\/2023\/02\/230208-San-Jeronimo-Palantla-3-1024x683.jpg?ssl=1&w=500&resize=500&ssl=1 500w, https:\/\/i0.wp.com\/interaccionnoticias.com.mx\/wp-content\/uploads\/2023\/02\/230208-San-Jeronimo-Palantla-3-1024x683.jpg?ssl=1&w=640&resize=640&ssl=1 640w, https:\/\/i0.wp.com\/interaccionnoticias.com.mx\/wp-content\/uploads\/2023\/02\/230208-San-Jeronimo-Palantla-3-1024x683.jpg?ssl=1&w=800&resize=800&ssl=1 800w, https:\/\/i0.wp.com\/interaccionnoticias.com.mx\/wp-content\/uploads\/2023\/02\/230208-San-Jeronimo-Palantla-3-1024x683.jpg?ssl=1&w=1024&resize=1024&ssl=1 1024w, https:\/\/i0.wp.com\/interaccionnoticias.com.mx\/wp-content\/uploads\/2023\/02\/230208-San-Jeronimo-Palantla-3-1024x683.jpg?ssl=1&w=1280&resize=1280&ssl=1 1280w, https:\/\/i0.wp.com\/interaccionnoticias.com.mx\/wp-content\/uploads\/2023\/02\/230208-San-Jeronimo-Palantla-3-1024x683.jpg?ssl=1&w=1600&resize=1600&ssl=1 1600w\" alt=\"\" class=\"wp-block-jetpack-slideshow_image wp-image-57273\" data-id=\"57273\" fifu-data-src=\"https:\/\/i0.wp.com\/interaccionnoticias.com.mx\/wp-content\/uploads\/2023\/02\/230208-San-Jeronimo-Palantla-3-1024x683.jpg?ssl=1\"\/><\/figure><\/li><li class=\"wp-block-jetpack-slideshow_slide swiper-slide\"><figure><img decoding=\"async\" src=\"data:image\/gif;base64,R0lGODlhAQABAIAAAAAAAP\/\/\/ywAAAAAAQABAAACAUwAOw==\" fifu-lazy=\"1\" fifu-data-sizes=\"auto\" fifu-data-srcset=\"https:\/\/i1.wp.com\/interaccionnoticias.com.mx\/wp-content\/uploads\/2023\/02\/230208-San-Jeronimo-Palantla-1-1024x683.jpg?ssl=1&w=75&resize=75&ssl=1 75w, https:\/\/i1.wp.com\/interaccionnoticias.com.mx\/wp-content\/uploads\/2023\/02\/230208-San-Jeronimo-Palantla-1-1024x683.jpg?ssl=1&w=100&resize=100&ssl=1 100w, https:\/\/i1.wp.com\/interaccionnoticias.com.mx\/wp-content\/uploads\/2023\/02\/230208-San-Jeronimo-Palantla-1-1024x683.jpg?ssl=1&w=150&resize=150&ssl=1 150w, https:\/\/i1.wp.com\/interaccionnoticias.com.mx\/wp-content\/uploads\/2023\/02\/230208-San-Jeronimo-Palantla-1-1024x683.jpg?ssl=1&w=240&resize=240&ssl=1 240w, https:\/\/i1.wp.com\/interaccionnoticias.com.mx\/wp-content\/uploads\/2023\/02\/230208-San-Jeronimo-Palantla-1-1024x683.jpg?ssl=1&w=320&resize=320&ssl=1 320w, https:\/\/i1.wp.com\/interaccionnoticias.com.mx\/wp-content\/uploads\/2023\/02\/230208-San-Jeronimo-Palantla-1-1024x683.jpg?ssl=1&w=500&resize=500&ssl=1 500w, https:\/\/i1.wp.com\/interaccionnoticias.com.mx\/wp-content\/uploads\/2023\/02\/230208-San-Jeronimo-Palantla-1-1024x683.jpg?ssl=1&w=640&resize=640&ssl=1 640w, https:\/\/i1.wp.com\/interaccionnoticias.com.mx\/wp-content\/uploads\/2023\/02\/230208-San-Jeronimo-Palantla-1-1024x683.jpg?ssl=1&w=800&resize=800&ssl=1 800w, https:\/\/i1.wp.com\/interaccionnoticias.com.mx\/wp-content\/uploads\/2023\/02\/230208-San-Jeronimo-Palantla-1-1024x683.jpg?ssl=1&w=1024&resize=1024&ssl=1 1024w, https:\/\/i1.wp.com\/interaccionnoticias.com.mx\/wp-content\/uploads\/2023\/02\/230208-San-Jeronimo-Palantla-1-1024x683.jpg?ssl=1&w=1280&resize=1280&ssl=1 1280w, https:\/\/i1.wp.com\/interaccionnoticias.com.mx\/wp-content\/uploads\/2023\/02\/230208-San-Jeronimo-Palantla-1-1024x683.jpg?ssl=1&w=1600&resize=1600&ssl=1 1600w\" alt=\"\" class=\"wp-block-jetpack-slideshow_image wp-image-57274\" data-id=\"57274\" fifu-data-src=\"https:\/\/i1.wp.com\/interaccionnoticias.com.mx\/wp-content\/uploads\/2023\/02\/230208-San-Jeronimo-Palantla-1-1024x683.jpg?ssl=1\"\/><\/figure><\/li><li class=\"wp-block-jetpack-slideshow_slide swiper-slide\"><figure><img decoding=\"async\" src=\"data:image\/gif;base64,R0lGODlhAQABAIAAAAAAAP\/\/\/ywAAAAAAQABAAACAUwAOw==\" fifu-lazy=\"1\" fifu-data-sizes=\"auto\" fifu-data-srcset=\"https:\/\/i1.wp.com\/interaccionnoticias.com.mx\/wp-content\/uploads\/2023\/02\/230208-Frente-Popular-1024x683.jpg?ssl=1&w=75&resize=75&ssl=1 75w, https:\/\/i1.wp.com\/interaccionnoticias.com.mx\/wp-content\/uploads\/2023\/02\/230208-Frente-Popular-1024x683.jpg?ssl=1&w=100&resize=100&ssl=1 100w, https:\/\/i1.wp.com\/interaccionnoticias.com.mx\/wp-content\/uploads\/2023\/02\/230208-Frente-Popular-1024x683.jpg?ssl=1&w=150&resize=150&ssl=1 150w, https:\/\/i1.wp.com\/interaccionnoticias.com.mx\/wp-content\/uploads\/2023\/02\/230208-Frente-Popular-1024x683.jpg?ssl=1&w=240&resize=240&ssl=1 240w, https:\/\/i1.wp.com\/interaccionnoticias.com.mx\/wp-content\/uploads\/2023\/02\/230208-Frente-Popular-1024x683.jpg?ssl=1&w=320&resize=320&ssl=1 320w, https:\/\/i1.wp.com\/interaccionnoticias.com.mx\/wp-content\/uploads\/2023\/02\/230208-Frente-Popular-1024x683.jpg?ssl=1&w=500&resize=500&ssl=1 500w, https:\/\/i1.wp.com\/interaccionnoticias.com.mx\/wp-content\/uploads\/2023\/02\/230208-Frente-Popular-1024x683.jpg?ssl=1&w=640&resize=640&ssl=1 640w, https:\/\/i1.wp.com\/interaccionnoticias.com.mx\/wp-content\/uploads\/2023\/02\/230208-Frente-Popular-1024x683.jpg?ssl=1&w=800&resize=800&ssl=1 800w, https:\/\/i1.wp.com\/interaccionnoticias.com.mx\/wp-content\/uploads\/2023\/02\/230208-Frente-Popular-1024x683.jpg?ssl=1&w=1024&resize=1024&ssl=1 1024w, https:\/\/i1.wp.com\/interaccionnoticias.com.mx\/wp-content\/uploads\/2023\/02\/230208-Frente-Popular-1024x683.jpg?ssl=1&w=1280&resize=1280&ssl=1 1280w, https:\/\/i1.wp.com\/interaccionnoticias.com.mx\/wp-content\/uploads\/2023\/02\/230208-Frente-Popular-1024x683.jpg?ssl=1&w=1600&resize=1600&ssl=1 1600w\" alt=\"\" class=\"wp-block-jetpack-slideshow_image wp-image-57269\" data-id=\"57269\" fifu-data-src=\"https:\/\/i1.wp.com\/interaccionnoticias.com.mx\/wp-content\/uploads\/2023\/02\/230208-Frente-Popular-1024x683.jpg?ssl=1\"\/><\/figure><\/li><\/ul><a class=\"wp-block-jetpack-slideshow_button-prev swiper-button-prev swiper-button-white\" role=\"button\"><\/a><a class=\"wp-block-jetpack-slideshow_button-next swiper-button-next swiper-button-white\" role=\"button\"><\/a><a aria-label=\"Pause Slideshow\" class=\"wp-block-jetpack-slideshow_button-pause\" role=\"button\"><\/a><div class=\"wp-block-jetpack-slideshow_pagination swiper-pagination swiper-pagination-white\"><\/div><\/div><\/div>\n","protected":false},"excerpt":{"rendered":"<p>&#8212; Hay 60 \u00f3rdenes de aprehensi\u00f3n emitidas en contra de Integrantes de la CRAC-PF Eduardo Yener Santos\/Chilpancingo8 de febrero de 2023 Integrantes del Frente de Defensa Popular Francisco Villa (FDPFV)&hellip; <\/p>\n","protected":false},"author":31,"featured_media":57274,"comment_status":"open","ping_status":"open","sticky":false,"template":"","format":"standard","meta":{"fifu_image_url":"","fifu_image_alt":"","footnotes":""},"categories":[15],"tags":[],"class_list":["post-57268","post","type-post","status-publish","format-standard","has-post-thumbnail","hentry","category-movimientos-sociales"],"_links":{"self":[{"href":"https:\/\/www.interaccionnoticias.com.mx\/index.php?rest_route=\/wp\/v2\/posts\/57268","targetHints":{"allow":["GET"]}}],"collection":[{"href":"https:\/\/www.interaccionnoticias.com.mx\/index.php?rest_route=\/wp\/v2\/posts"}],"about":[{"href":"https:\/\/www.interaccionnoticias.com.mx\/index.php?rest_route=\/wp\/v2\/types\/post"}],"author":[{"embeddable":true,"href":"https:\/\/www.interaccionnoticias.com.mx\/index.php?rest_route=\/wp\/v2\/users\/31"}],"replies":[{"embeddable":true,"href":"https:\/\/www.interaccionnoticias.com.mx\/index.php?rest_route=%2Fwp%2Fv2%2Fcomments&post=57268"}],"version-history":[{"count":2,"href":"https:\/\/www.interaccionnoticias.com.mx\/index.php?rest_route=\/wp\/v2\/posts\/57268\/revisions"}],"predecessor-version":[{"id":57275,"href":"https:\/\/www.interaccionnoticias.com.mx\/index.php?rest_route=\/wp\/v2\/posts\/57268\/revisions\/57275"}],"wp:featuredmedia":[{"embeddable":true,"href":"https:\/\/www.interaccionnoticias.com.mx\/index.php?rest_route=\/wp\/v2\/media\/57274"}],"wp:attachment":[{"href":"https:\/\/www.interaccionnoticias.com.mx\/index.php?rest_route=%2Fwp%2Fv2%2Fmedia&parent=57268"}],"wp:term":[{"taxonomy":"category","embeddable":true,"href":"https:\/\/www.interaccionnoticias.com.mx\/index.php?rest_route=%2Fwp%2Fv2%2Fcategories&post=57268"},{"taxonomy":"post_tag","embeddable":true,"href":"https:\/\/www.interaccionnoticias.com.mx\/index.php?rest_route=%2Fwp%2Fv2%2Ftags&post=57268"}],"curies":[{"name":"wp","href":"https:\/\/api.w.org\/{rel}","templated":true}]}}