{"id":57265,"date":"2023-02-08T12:35:37","date_gmt":"2023-02-08T18:35:37","guid":{"rendered":"https:\/\/interaccionnoticias.com.mx\/?p=57265"},"modified":"2023-02-08T12:35:42","modified_gmt":"2023-02-08T18:35:42","slug":"reportan-desaparicion-de-un-adolescente-en-chilpancingo","status":"publish","type":"post","link":"https:\/\/www.interaccionnoticias.com.mx\/?p=57265","title":{"rendered":"Reportan desaparici\u00f3n de un adolescente en Chilpancingo"},"content":{"rendered":"\n<p><strong>Jes\u00fas Dorantes<\/strong><\/p>\n\n\n\n<p><strong>Chilpancingo, Gro.-<\/strong> Durante los primeros ocho d\u00edas del mes de febrero se han registrado la desaparici\u00f3n e intento de secuestro de tres menores de edad, el caso m\u00e1s reciente es el del adolescente Jorge Ra\u00fal Guti\u00e9rrez, que fue visto por \u00faltima vez el d\u00eda siete del mes.<\/p>\n\n\n\n<p>La jornada del martes, mediante de una publicaci\u00f3n en Facebook, el padre de Jorge Ra\u00fal Guti\u00e9rrez solicit\u00f3 apoyo para localizar a su hijo:<\/p>\n\n\n\n<p>\u00abMi hijo Jorge Ra\u00fal Guti\u00e9rrez Figueroa sali\u00f3 en la tarde a las canchas de la Javier Mina y no regreso a casa, se le comunica a la colonia en general que si saben de el me hagan saber por favor no sabemos nada de \u00e9l desde las 7 de la noche\u00bb, se\u00f1ala el texto.<\/p>\n\n\n\n<p>Doce horas despu\u00e9s de la publicaci\u00f3n, todav\u00eda no existe respuesta alguna sobre paradero, adem\u00e1s de que la Fiscal\u00eda General del Estado (FGE) no hab\u00eda emitido ninguna ficha de b\u00fasqueda.<\/p>\n\n\n\n<p>La jornada del martes 7 de febrero, en la calles Nicol\u00e1s Bravo del centro de Chilpancingo, un ciudadano intercept\u00f3 a un joven que intento presuntamente robarle un menor a una mujer, luego de que fuera trasladado a Barandillas se confirm\u00f3 que no exist\u00eda una denuncia por lo que sali\u00f3 libre.<\/p>\n\n\n\n<p>Mientras que la jornada del s\u00e1bado, tambi\u00e9n en la capital se report\u00f3 v\u00eda redes sociales la privaci\u00f3n de la libertad de Dorma Anyeli Tejada Ram\u00edrez, de 17 a\u00f1os de edad, quien fue levantada en el primer cuadro de la capital y no fue hasta la noche del mismo d\u00eda que se confirm\u00f3 que hab\u00eda regresado a su casa.<\/p>\n","protected":false},"excerpt":{"rendered":"<p>Jes\u00fas Dorantes Chilpancingo, Gro.- Durante los primeros ocho d\u00edas del mes de febrero se han registrado la desaparici\u00f3n e intento de secuestro de tres menores de edad, el caso m\u00e1s&hellip; <\/p>\n","protected":false},"author":8,"featured_media":57266,"comment_status":"open","ping_status":"open","sticky":false,"template":"","format":"standard","meta":{"fifu_image_url":"","fifu_image_alt":"","footnotes":""},"categories":[27],"tags":[],"class_list":["post-57265","post","type-post","status-publish","format-standard","has-post-thumbnail","hentry","category-seguridad-publica"],"_links":{"self":[{"href":"https:\/\/www.interaccionnoticias.com.mx\/index.php?rest_route=\/wp\/v2\/posts\/57265","targetHints":{"allow":["GET"]}}],"collection":[{"href":"https:\/\/www.interaccionnoticias.com.mx\/index.php?rest_route=\/wp\/v2\/posts"}],"about":[{"href":"https:\/\/www.interaccionnoticias.com.mx\/index.php?rest_route=\/wp\/v2\/types\/post"}],"author":[{"embeddable":true,"href":"https:\/\/www.interaccionnoticias.com.mx\/index.php?rest_route=\/wp\/v2\/users\/8"}],"replies":[{"embeddable":true,"href":"https:\/\/www.interaccionnoticias.com.mx\/index.php?rest_route=%2Fwp%2Fv2%2Fcomments&post=57265"}],"version-history":[{"count":1,"href":"https:\/\/www.interaccionnoticias.com.mx\/index.php?rest_route=\/wp\/v2\/posts\/57265\/revisions"}],"predecessor-version":[{"id":57267,"href":"https:\/\/www.interaccionnoticias.com.mx\/index.php?rest_route=\/wp\/v2\/posts\/57265\/revisions\/57267"}],"wp:featuredmedia":[{"embeddable":true,"href":"https:\/\/www.interaccionnoticias.com.mx\/index.php?rest_route=\/wp\/v2\/media\/57266"}],"wp:attachment":[{"href":"https:\/\/www.interaccionnoticias.com.mx\/index.php?rest_route=%2Fwp%2Fv2%2Fmedia&parent=57265"}],"wp:term":[{"taxonomy":"category","embeddable":true,"href":"https:\/\/www.interaccionnoticias.com.mx\/index.php?rest_route=%2Fwp%2Fv2%2Fcategories&post=57265"},{"taxonomy":"post_tag","embeddable":true,"href":"https:\/\/www.interaccionnoticias.com.mx\/index.php?rest_route=%2Fwp%2Fv2%2Ftags&post=57265"}],"curies":[{"name":"wp","href":"https:\/\/api.w.org\/{rel}","templated":true}]}}