{"id":57262,"date":"2023-02-08T11:30:53","date_gmt":"2023-02-08T17:30:53","guid":{"rendered":"https:\/\/interaccionnoticias.com.mx\/?p=57262"},"modified":"2023-02-08T11:30:58","modified_gmt":"2023-02-08T17:30:58","slug":"presenta-guerrero-disminucion-de-casos-por-covid-19-se-reportan-147-contagios-en-sus-8-regiones","status":"publish","type":"post","link":"https:\/\/www.interaccionnoticias.com.mx\/?p=57262","title":{"rendered":"Presenta Guerrero disminuci\u00f3n de casos por Covid-19, se reportan 147 contagios en sus 8 regiones"},"content":{"rendered":"\n<p><strong>Chilpancingo, Gro., 08 de febrero de 2023.- <\/strong>De acuerdo a los reportes que emite la Secretar\u00eda de Salud Federal, se confirma que en todo el pa\u00eds se encuentran activos 21,890 casos por Covid-19, lo que es un indicativo de que las medias sanitarias para evitar la propagaci\u00f3n del virus funcionan adecuadamente, pues d\u00eda a d\u00eda existe una importante disminuci\u00f3n en los casos activos como lo es en el estado de Guerrero donde solo existen 147 contagios en sus 8 regiones.<\/p>\n\n\n\n<p>Se inform\u00f3 que las comorbilidades principales asociadas al Covid-19 son la hipertensi\u00f3n, obesidad, diabetes y tabaquismo, enfermedades por las cuales se presentaron el mayor n\u00famero de defunciones por este virus en Guerrero.<\/p>\n\n\n\n<p>La Secretar\u00eda de Salud Guerrero (SSG) reporta 147 casos activos de COVID-19 al corte del 07 de febrero, de los cuales 2 se confirmaron en las \u00faltimas 24 horas, por lo que reiter\u00f3 el llamado a la poblaci\u00f3n a mantener las medidas preventivas.<\/p>\n\n\n\n<p>Al presentar el informe t\u00e9cnico diario sobre el estado de la pandemia en Guerrero, la SSG inform\u00f3 que la entidad acumula 118,500 casos confirmados y 6,874 defunciones, e insisti\u00f3 en el llamado a mantener las medidas preventivas para evitar el aumento de contagios del virus SARS-CoV-2.<\/p>\n\n\n\n<p>La SSG detall\u00f3 que Guerrero registra casos activos en 17 municipios, principalmente Acapulco, 59; Chilpancingo, 49; Chilapa, 10; Tlapa, 6; Zihuatanejo, 5; Iguala, 3; Taxco, 3; Arcelia, 2; Ometepec, 2; y Coyuca de Catal\u00e1n, 1.<\/p>\n","protected":false},"excerpt":{"rendered":"<p>Chilpancingo, Gro., 08 de febrero de 2023.- De acuerdo a los reportes que emite la Secretar\u00eda de Salud Federal, se confirma que en todo el pa\u00eds se encuentran activos 21,890&hellip; <\/p>\n","protected":false},"author":19,"featured_media":57263,"comment_status":"open","ping_status":"open","sticky":false,"template":"","format":"standard","meta":{"fifu_image_url":"","fifu_image_alt":"","footnotes":""},"categories":[3],"tags":[],"class_list":["post-57262","post","type-post","status-publish","format-standard","has-post-thumbnail","hentry","category-covid-19"],"_links":{"self":[{"href":"https:\/\/www.interaccionnoticias.com.mx\/index.php?rest_route=\/wp\/v2\/posts\/57262","targetHints":{"allow":["GET"]}}],"collection":[{"href":"https:\/\/www.interaccionnoticias.com.mx\/index.php?rest_route=\/wp\/v2\/posts"}],"about":[{"href":"https:\/\/www.interaccionnoticias.com.mx\/index.php?rest_route=\/wp\/v2\/types\/post"}],"author":[{"embeddable":true,"href":"https:\/\/www.interaccionnoticias.com.mx\/index.php?rest_route=\/wp\/v2\/users\/19"}],"replies":[{"embeddable":true,"href":"https:\/\/www.interaccionnoticias.com.mx\/index.php?rest_route=%2Fwp%2Fv2%2Fcomments&post=57262"}],"version-history":[{"count":1,"href":"https:\/\/www.interaccionnoticias.com.mx\/index.php?rest_route=\/wp\/v2\/posts\/57262\/revisions"}],"predecessor-version":[{"id":57264,"href":"https:\/\/www.interaccionnoticias.com.mx\/index.php?rest_route=\/wp\/v2\/posts\/57262\/revisions\/57264"}],"wp:featuredmedia":[{"embeddable":true,"href":"https:\/\/www.interaccionnoticias.com.mx\/index.php?rest_route=\/wp\/v2\/media\/57263"}],"wp:attachment":[{"href":"https:\/\/www.interaccionnoticias.com.mx\/index.php?rest_route=%2Fwp%2Fv2%2Fmedia&parent=57262"}],"wp:term":[{"taxonomy":"category","embeddable":true,"href":"https:\/\/www.interaccionnoticias.com.mx\/index.php?rest_route=%2Fwp%2Fv2%2Fcategories&post=57262"},{"taxonomy":"post_tag","embeddable":true,"href":"https:\/\/www.interaccionnoticias.com.mx\/index.php?rest_route=%2Fwp%2Fv2%2Ftags&post=57262"}],"curies":[{"name":"wp","href":"https:\/\/api.w.org\/{rel}","templated":true}]}}