{"id":57259,"date":"2023-02-08T11:15:02","date_gmt":"2023-02-08T17:15:02","guid":{"rendered":"https:\/\/interaccionnoticias.com.mx\/?p=57259"},"modified":"2023-02-08T11:15:06","modified_gmt":"2023-02-08T17:15:06","slug":"sin-dialogo-entre-sindicalistas-y-la-jucopo-del-congreso-persiste-el-bloqueo","status":"publish","type":"post","link":"https:\/\/www.interaccionnoticias.com.mx\/?p=57259","title":{"rendered":"Sin dialogo entre sindicalistas y la JUCOPO del Congreso, persiste el bloqueo"},"content":{"rendered":"\n<p><em><strong>&#8212; Aseguran que hay procesos administrativos en contra del dirigente y trabajadores<\/strong><\/em><\/p>\n\n\n\n<p><strong>Yasm\u00edn Garc\u00eda Chino<\/strong><\/p>\n\n\n\n<p><strong>Chilpancingo, Gro., a 8 de febrero 2023.- <\/strong>El Sindicato de trabajadores del Congreso del Estado de Guerrero Sentimientos de la Naci\u00f3n, toma las instalaciones del poder legislativo, acusan a la diputada Yoloczin Dom\u00ednguez Serna, presidenta de la Junta de Coordinaci\u00f3n Pol\u00edtica del Congreso (Jucopo), de acoso y hostigamiento laboral.<\/p>\n\n\n\n<p>El Secretario General del sindicato Fernando Mart\u00ednez Rom\u00e1n dio a conocer que existe hostigamiento en su contra y hacia dos trabajadores del poder legislativo, asegur\u00f3 que se han enterado por medio de los asesores de la diputada presidenta de la Jucopo que iniciar\u00e1n procesos administrativos en su contra.<\/p>\n\n\n\n<p>En ese sentido responsabiliz\u00f3 a Yoloczin Dom\u00ednguez Serna de lo que les pueda pasar a los agremiados del Sentimientos de la Naci\u00f3n, ya que acus\u00f3 temen por represalias en su contra.<\/p>\n\n\n\n<p>Son 150 trabajadores que mantienen tomado el recinto del poder legislativo, desde las 8:30 de la ma\u00f1ana colocaron mantas en el acceso principal al recinto en donde piden cese el acoso y hostigamiento laboral por parte de Dom\u00ednguez Serna.<\/p>\n\n\n\n<p>Cumplen un a\u00f1o gestionando una reuni\u00f3n con la Jucopo sin embargo, se\u00f1al\u00f3 que se ha negado atenderlos, as\u00ed como a tratar su pliego petitorio, por lo que exig\u00edan una reuni\u00f3n resolutiva.<\/p>\n\n\n\n<p>Los manifestantes ofrecieron una conferencia de prensa acompa\u00f1ados de los dirigentes de los sindicatos de Protecci\u00f3n Civil Guerrero, Cecyteg, Stauag, Cicaeg, DIF Estatal, y Cicaeg.<\/p>\n","protected":false},"excerpt":{"rendered":"<p>&#8212; Aseguran que hay procesos administrativos en contra del dirigente y trabajadores Yasm\u00edn Garc\u00eda Chino Chilpancingo, Gro., a 8 de febrero 2023.- El Sindicato de trabajadores del Congreso del Estado&hellip; <\/p>\n","protected":false},"author":4,"featured_media":57260,"comment_status":"open","ping_status":"open","sticky":false,"template":"","format":"standard","meta":{"fifu_image_url":"","fifu_image_alt":"","footnotes":""},"categories":[2],"tags":[],"class_list":["post-57259","post","type-post","status-publish","format-standard","has-post-thumbnail","hentry","category-congreso"],"_links":{"self":[{"href":"https:\/\/www.interaccionnoticias.com.mx\/index.php?rest_route=\/wp\/v2\/posts\/57259","targetHints":{"allow":["GET"]}}],"collection":[{"href":"https:\/\/www.interaccionnoticias.com.mx\/index.php?rest_route=\/wp\/v2\/posts"}],"about":[{"href":"https:\/\/www.interaccionnoticias.com.mx\/index.php?rest_route=\/wp\/v2\/types\/post"}],"author":[{"embeddable":true,"href":"https:\/\/www.interaccionnoticias.com.mx\/index.php?rest_route=\/wp\/v2\/users\/4"}],"replies":[{"embeddable":true,"href":"https:\/\/www.interaccionnoticias.com.mx\/index.php?rest_route=%2Fwp%2Fv2%2Fcomments&post=57259"}],"version-history":[{"count":1,"href":"https:\/\/www.interaccionnoticias.com.mx\/index.php?rest_route=\/wp\/v2\/posts\/57259\/revisions"}],"predecessor-version":[{"id":57261,"href":"https:\/\/www.interaccionnoticias.com.mx\/index.php?rest_route=\/wp\/v2\/posts\/57259\/revisions\/57261"}],"wp:featuredmedia":[{"embeddable":true,"href":"https:\/\/www.interaccionnoticias.com.mx\/index.php?rest_route=\/wp\/v2\/media\/57260"}],"wp:attachment":[{"href":"https:\/\/www.interaccionnoticias.com.mx\/index.php?rest_route=%2Fwp%2Fv2%2Fmedia&parent=57259"}],"wp:term":[{"taxonomy":"category","embeddable":true,"href":"https:\/\/www.interaccionnoticias.com.mx\/index.php?rest_route=%2Fwp%2Fv2%2Fcategories&post=57259"},{"taxonomy":"post_tag","embeddable":true,"href":"https:\/\/www.interaccionnoticias.com.mx\/index.php?rest_route=%2Fwp%2Fv2%2Ftags&post=57259"}],"curies":[{"name":"wp","href":"https:\/\/api.w.org\/{rel}","templated":true}]}}