{"id":57233,"date":"2023-02-07T21:06:45","date_gmt":"2023-02-08T03:06:45","guid":{"rendered":"https:\/\/interaccionnoticias.com.mx\/?p=57233"},"modified":"2023-02-07T21:06:50","modified_gmt":"2023-02-08T03:06:50","slug":"la-fge-investiga-lo-sucedido-en-el-parotal-guerrero","status":"publish","type":"post","link":"https:\/\/www.interaccionnoticias.com.mx\/?p=57233","title":{"rendered":"La FGE investiga lo sucedido en El Parotal, Guerrero"},"content":{"rendered":"\n<p><em><strong>&#8212; Privaci\u00f3n ilegal de la Libertad de 32 polic\u00edas y homicidio del mando de la UFE y un efectivo, los delitos contra pobladores<br>&#8212; Rechaza que se haya infiltrado la SSP del estado<br>&#8212; Un video exhibe a los uniformados en la sierra<\/strong><\/em><\/p>\n\n\n\n<p><strong>Javier Trujillo<\/strong><\/p>\n\n\n\n<p><strong>Acapulco, Gro. \u2013 <\/strong>El secretario de seguridad p\u00fablica de Guerrero, Evelio M\u00e9ndez G\u00f3mez, revel\u00f3 que se investigan los hechos ocurridos en la comunidad serrana El Parotal, donde dos efectivos de la Polic\u00eda fueron asesinados.<\/p>\n\n\n\n<p>El titular de la SSP en la entidad, rechaz\u00f3 categ\u00f3ricamente que los tres civiles que iban en la camioneta, con uniformes de polic\u00edas estatales, formaran parte del grupo criminal de la Familia Michoacana.<\/p>\n\n\n\n<p>\u201cCon el tema de que acaba de pasar, la fiscal\u00eda general del Estado, est\u00e1 haciendo las investigaciones correspondientes, en lo que va por el delito de privaci\u00f3n ilegal de la libertad (de los 32 polic\u00edas estatales) y homicidio de los dos polic\u00edas.<\/p>\n\n\n\n<p>\u201cA trav\u00e9s de la Contralor\u00eda de Asuntos internos (de la SSP), vamos a proceder con la actuaci\u00f3n. Si fue la correcta o en que fall\u00f3 el mando que iba al frente de la Polic\u00eda Estatal\u201d, dijo en entrevista, M\u00e9ndez G\u00f3mez.<\/p>\n\n\n\n<p>Con relaci\u00f3n a los tres civiles, la infiltraci\u00f3n de la corporaci\u00f3n de la Secretar\u00eda de Seguridad P\u00fablica, asegur\u00f3 que no es as\u00ed.<\/p>\n\n\n\n<p>\u201cEst\u00e1s personas, se acercaron a la Secretar\u00eda de Seguridad P\u00fablica como ciudadanos, a denunciar que ah\u00ed en la regi\u00f3n de Santa Rosa (El Parotal, municipio de Petatl\u00e1n), hab\u00edan sido despojados de sus bienes y hab\u00edan sido desplazados, por lo que la Secretar\u00eda de Seguridad los atendi\u00f3.<\/p>\n\n\n\n<p>En entrevista, el funcionario de la SSP, reconoce que los tres civiles no hab\u00edan interpuesto una denuncia ante el Ministerio P\u00fablico, y que el personal de la SSP, estaba atendiendo la denuncia.<\/p>\n\n\n\n<p>Aunque el titular de la SSP de Guerrero, reconoce que hubo un mal procedimiento, dijo que est\u00e1n viendo para proceder con Asuntos Internos.<\/p>\n\n\n\n<p>No obstante, lo anterior, un video de 54 segundos, de aquel s\u00e1bado 28 de enero, en la sierra de Petatl\u00e1n, dos polic\u00edas, entre ellos el director de la Unidad de Fuerzas Especiales de la SSP, y un elemento fueron asesinados.<\/p>\n\n\n\n<p>Ese mismo d\u00eda, tambi\u00e9n tres civiles, que iban con uniforme de la Polic\u00eda Estatal, resultaron privados de la vida.<\/p>\n\n\n\n<p>En el video se escucha responder a los uniformados que iban con la Familia Michoacana, que hab\u00edan llegado a robar y que por eso les hab\u00eda pasado lo que les pas\u00f3 \u201cse murieron\u201d, se escucha decir a una voz masculina.<\/p>\n\n\n\n<p>-\u00bfHay evidencia de que pertenezcan a un grupo criminal?<\/p>\n\n\n\n<p>-Hasta ahorita no lo tenemos por parte de la Secretar\u00eda de Seguridad P\u00fablica, responde el titular de la SSP, Evelio M\u00e9ndez.<\/p>\n","protected":false},"excerpt":{"rendered":"<p>&#8212; Privaci\u00f3n ilegal de la Libertad de 32 polic\u00edas y homicidio del mando de la UFE y un efectivo, los delitos contra pobladores&#8212; Rechaza que se haya infiltrado la SSP&hellip; <\/p>\n","protected":false},"author":3,"featured_media":57234,"comment_status":"open","ping_status":"open","sticky":false,"template":"","format":"standard","meta":{"fifu_image_url":"","fifu_image_alt":"","footnotes":""},"categories":[27],"tags":[],"class_list":["post-57233","post","type-post","status-publish","format-standard","has-post-thumbnail","hentry","category-seguridad-publica"],"_links":{"self":[{"href":"https:\/\/www.interaccionnoticias.com.mx\/index.php?rest_route=\/wp\/v2\/posts\/57233","targetHints":{"allow":["GET"]}}],"collection":[{"href":"https:\/\/www.interaccionnoticias.com.mx\/index.php?rest_route=\/wp\/v2\/posts"}],"about":[{"href":"https:\/\/www.interaccionnoticias.com.mx\/index.php?rest_route=\/wp\/v2\/types\/post"}],"author":[{"embeddable":true,"href":"https:\/\/www.interaccionnoticias.com.mx\/index.php?rest_route=\/wp\/v2\/users\/3"}],"replies":[{"embeddable":true,"href":"https:\/\/www.interaccionnoticias.com.mx\/index.php?rest_route=%2Fwp%2Fv2%2Fcomments&post=57233"}],"version-history":[{"count":1,"href":"https:\/\/www.interaccionnoticias.com.mx\/index.php?rest_route=\/wp\/v2\/posts\/57233\/revisions"}],"predecessor-version":[{"id":57235,"href":"https:\/\/www.interaccionnoticias.com.mx\/index.php?rest_route=\/wp\/v2\/posts\/57233\/revisions\/57235"}],"wp:featuredmedia":[{"embeddable":true,"href":"https:\/\/www.interaccionnoticias.com.mx\/index.php?rest_route=\/wp\/v2\/media\/57234"}],"wp:attachment":[{"href":"https:\/\/www.interaccionnoticias.com.mx\/index.php?rest_route=%2Fwp%2Fv2%2Fmedia&parent=57233"}],"wp:term":[{"taxonomy":"category","embeddable":true,"href":"https:\/\/www.interaccionnoticias.com.mx\/index.php?rest_route=%2Fwp%2Fv2%2Fcategories&post=57233"},{"taxonomy":"post_tag","embeddable":true,"href":"https:\/\/www.interaccionnoticias.com.mx\/index.php?rest_route=%2Fwp%2Fv2%2Ftags&post=57233"}],"curies":[{"name":"wp","href":"https:\/\/api.w.org\/{rel}","templated":true}]}}