{"id":57230,"date":"2023-02-07T19:52:17","date_gmt":"2023-02-08T01:52:17","guid":{"rendered":"https:\/\/interaccionnoticias.com.mx\/?p=57230"},"modified":"2023-02-07T19:52:21","modified_gmt":"2023-02-08T01:52:21","slug":"dialogan-gobierno-y-la-upoeg-sobre-la-credencializacion-de-policias-ciudadanos","status":"publish","type":"post","link":"https:\/\/www.interaccionnoticias.com.mx\/?p=57230","title":{"rendered":"Dialogan gobierno y la UPOEG sobre la credencializaci\u00f3n de polic\u00edas ciudadanos"},"content":{"rendered":"\n<p><strong><em>&#8212; El dialogo no se ha roto, aclara Bruno Pl\u00e1cido<\/em><\/strong><\/p>\n\n\n\n<p><strong>Rosario Garc\u00eda Orozco<\/strong><\/p>\n\n\n\n<p><strong>Chilpancingo, Gro., 7 de febrero del 2023.-<\/strong> El Gobierno del Estado y la Uni\u00f3n de Pueblos y Organizaciones del Estado de Guerrero (UPOEG) ya se coordinan para dar inicio al proceso de credencializaci\u00f3n de los polic\u00edas comunitarios.<\/p>\n\n\n\n<p>As\u00ed lo inform\u00f3 el dirigente de la UPOEG, Bruno Pl\u00e1cido Valerio, quien mencion\u00f3 que esa credencializaci\u00f3n permitir\u00e1 el reconocimiento de los polic\u00edas comunitarios como parte de las fuerzas de seguridad, y a los integrantes de los grupos comunitarios de la UPOEG ya no se les perseguir\u00e1 por parte de las corporaciones policiacas.<\/p>\n\n\n\n<p>El dirigente de la organizaci\u00f3n Bruno Pl\u00e1cido Valerio adelant\u00f3 que, se pretende que sean los ciudadanos de las localidades donde opera el sistema de seguridad ciudadana, quienes a trav\u00e9s de asambleas elijan a quienes integrar\u00e1n sus corporaciones, cuyos nombres ser\u00e1n integrados en el sistema estatal, para garantizar un control, y evitar que personas ajenas al sistema de seguridad de las comunidades pretendan identificarse como representantes de UPOEG.<\/p>\n\n\n\n<p>Sin precisar la totalidad de los ciudadanos que se incorporar\u00e1n al proceso, dijo que, de cada localidad con influencia de la UPOEG, ser\u00e1n integrados 12 elementos; \u00abestamos hablando de varios municipios donde la organizaci\u00f3n tiene competencia\u00bb.<\/p>\n\n\n\n<p>El l\u00edder comunitario fue abordado en la entrada principal de las oficinas del Poder Ejecutivo del estado, antes de entrar a una reuni\u00f3n de trabajo con autoridades de la Secretar\u00eda General de Gobierno \u00abpara trazar la ruta de la credencializaci\u00f3n de los integrantes del sistema de seguridad ciudadana\u00bb.<\/p>\n\n\n\n<p>Dijo que de esa manera cada miembro de esos grupos comunitarios tendr\u00e1n un reconocimiento oficial como elemento de seguridad, registrado en el sistema estatal, con lo que no s\u00f3lo podr\u00e1n portar un arma de fuego, sino, que tambi\u00e9n tendr\u00e1n validez, y evitar\u00e1n la desconfianza y la duda de los pueblos.<\/p>\n\n\n\n<p>\u00abPero tambi\u00e9n con ello, evitamos la persecuci\u00f3n por parte del estado, porque con esa credencial se identificar\u00e1n\u00bb, y posiblemente abrir\u00e1 la oportunidad de que puedan tener acceso a mejores condiciones para brindar seguridad a sus comunidades.<\/p>\n","protected":false},"excerpt":{"rendered":"<p>&#8212; El dialogo no se ha roto, aclara Bruno Pl\u00e1cido Rosario Garc\u00eda Orozco Chilpancingo, Gro., 7 de febrero del 2023.- El Gobierno del Estado y la Uni\u00f3n de Pueblos y&hellip; <\/p>\n","protected":false},"author":14,"featured_media":57231,"comment_status":"open","ping_status":"open","sticky":false,"template":"","format":"standard","meta":{"fifu_image_url":"","fifu_image_alt":"","footnotes":""},"categories":[11],"tags":[],"class_list":["post-57230","post","type-post","status-publish","format-standard","has-post-thumbnail","hentry","category-guerrero"],"_links":{"self":[{"href":"https:\/\/www.interaccionnoticias.com.mx\/index.php?rest_route=\/wp\/v2\/posts\/57230","targetHints":{"allow":["GET"]}}],"collection":[{"href":"https:\/\/www.interaccionnoticias.com.mx\/index.php?rest_route=\/wp\/v2\/posts"}],"about":[{"href":"https:\/\/www.interaccionnoticias.com.mx\/index.php?rest_route=\/wp\/v2\/types\/post"}],"author":[{"embeddable":true,"href":"https:\/\/www.interaccionnoticias.com.mx\/index.php?rest_route=\/wp\/v2\/users\/14"}],"replies":[{"embeddable":true,"href":"https:\/\/www.interaccionnoticias.com.mx\/index.php?rest_route=%2Fwp%2Fv2%2Fcomments&post=57230"}],"version-history":[{"count":1,"href":"https:\/\/www.interaccionnoticias.com.mx\/index.php?rest_route=\/wp\/v2\/posts\/57230\/revisions"}],"predecessor-version":[{"id":57232,"href":"https:\/\/www.interaccionnoticias.com.mx\/index.php?rest_route=\/wp\/v2\/posts\/57230\/revisions\/57232"}],"wp:featuredmedia":[{"embeddable":true,"href":"https:\/\/www.interaccionnoticias.com.mx\/index.php?rest_route=\/wp\/v2\/media\/57231"}],"wp:attachment":[{"href":"https:\/\/www.interaccionnoticias.com.mx\/index.php?rest_route=%2Fwp%2Fv2%2Fmedia&parent=57230"}],"wp:term":[{"taxonomy":"category","embeddable":true,"href":"https:\/\/www.interaccionnoticias.com.mx\/index.php?rest_route=%2Fwp%2Fv2%2Fcategories&post=57230"},{"taxonomy":"post_tag","embeddable":true,"href":"https:\/\/www.interaccionnoticias.com.mx\/index.php?rest_route=%2Fwp%2Fv2%2Ftags&post=57230"}],"curies":[{"name":"wp","href":"https:\/\/api.w.org\/{rel}","templated":true}]}}