{"id":57143,"date":"2023-02-06T16:39:13","date_gmt":"2023-02-06T22:39:13","guid":{"rendered":"https:\/\/interaccionnoticias.com.mx\/?p=57143"},"modified":"2023-02-06T16:39:18","modified_gmt":"2023-02-06T22:39:18","slug":"centro-morelos-reporta-25-mil-desplazados-en-guerrero","status":"publish","type":"post","link":"https:\/\/www.interaccionnoticias.com.mx\/?p=57143","title":{"rendered":"Centro-Morelos reporta 25 mil desplazados en Guerrero"},"content":{"rendered":"\n<p><em><strong>&#8212; Exige que en Guerrero haya legislaci\u00f3n sobre el tema<\/strong><\/em><\/p>\n\n\n\n<p><strong>Eduardo Yener Santos\/ CHILPANCINGO, 6 de febrero de 2022<\/strong><\/p>\n\n\n\n<p>El centro de Derechos Humanos Jos\u00e9 Maria Morelos y Pav\u00f3n (Centro Morelos), asegur\u00f3 que en Guerrero, hasta la fecha se tiene un promedio de 25 mil personas han sido desplazadas de sus pueblos y comunidades, principalmente a causa de la violencia que se vive desde 2016<\/p>\n\n\n\n<p>A trav\u00e9s de un comunicad, firmado por la coordinadora estatal, Teodomira Rosales Sierra se inform\u00f3 que las personas v\u00edctimas de desplazamiento Forzado Interno podr\u00eda llegar a las treinta mil v\u00edctimas en el presente a\u00f1o, si las autoridades no frenan la situaci\u00f3n de violencia que se vive en las regiones del Centro, Tierra Caliente, Sierra y Costa Grande.<\/p>\n\n\n\n<p>En el texto que circul\u00f3 este lunes 6 de febrero, el Centro Morelos indica que el actual gobierno estatal minimiza la violencia que se vive en la entidad y hace un recuento de hechos violentos que van desde \u201c la masacre de 22 personas en San Miguel Totolapan\u201d, el 5 de octubre de 2022 hasta el 2 de febrero de 2023, cuando se enfrentaron civiles armados contra polic\u00edas y militares en Parotal, municipio de Petatl\u00e1n, hecho que dej\u00f3 el saldo de cibco muertos.<\/p>\n\n\n\n<p>Con los hechos violentos que document\u00f3 el Centro Morelos, indica que en Guerrero \u201cno hay paz ni tranquilidad, que se trata de la consecuencia de una guerra por el control del territorio, lo que ha provocado que decenas de familias sean desplazadas de sus lugares de origen.<\/p>\n\n\n\n<p>En el documento, el Centro Morelos se\u00f1ala: \u201cLe recordamos a la Gobernadora Evelyn Salgado Pineda que desde el a\u00f1o 2016 hasta el 2021, sumaron 22 mil 840 desplazados a los que habr\u00eda que sumarle los m\u00e1s de 2 mil 500 del 2022 y los que van de enero de este a\u00f1o, por lo que Guerrero tiene m\u00e1s de 25 mil desplazados en el estado\u201d.<\/p>\n\n\n\n<p>El Centro-Morelos llam\u00f3 a las autoridades a actualizar y reglamentar la Ley 487 para Atender y Prevenir El Desplazamiento Interno, que el Senado de la Rep\u00fablica Ratifique la Ley General para Prevenir, Atender y Reparar Integralmente el Desplazamiento Forzado Interno.<\/p>\n\n\n\n<p>Adem\u00e1s, pide que las y los desplazadas sean reubicados, acompa\u00f1ados con una &#8211; reparaci\u00f3n del da\u00f1o, adem\u00e1s que los tres ordenes de gobierno implementen una estrategia de Paz y Seguridad que en realidad aporte resultados.<\/p>\n","protected":false},"excerpt":{"rendered":"<p>&#8212; Exige que en Guerrero haya legislaci\u00f3n sobre el tema Eduardo Yener Santos\/ CHILPANCINGO, 6 de febrero de 2022 El centro de Derechos Humanos Jos\u00e9 Maria Morelos y Pav\u00f3n (Centro&hellip; <\/p>\n","protected":false},"author":31,"featured_media":57144,"comment_status":"open","ping_status":"open","sticky":false,"template":"","format":"standard","meta":{"fifu_image_url":"","fifu_image_alt":"","footnotes":""},"categories":[11],"tags":[],"class_list":["post-57143","post","type-post","status-publish","format-standard","has-post-thumbnail","hentry","category-guerrero"],"_links":{"self":[{"href":"https:\/\/www.interaccionnoticias.com.mx\/index.php?rest_route=\/wp\/v2\/posts\/57143","targetHints":{"allow":["GET"]}}],"collection":[{"href":"https:\/\/www.interaccionnoticias.com.mx\/index.php?rest_route=\/wp\/v2\/posts"}],"about":[{"href":"https:\/\/www.interaccionnoticias.com.mx\/index.php?rest_route=\/wp\/v2\/types\/post"}],"author":[{"embeddable":true,"href":"https:\/\/www.interaccionnoticias.com.mx\/index.php?rest_route=\/wp\/v2\/users\/31"}],"replies":[{"embeddable":true,"href":"https:\/\/www.interaccionnoticias.com.mx\/index.php?rest_route=%2Fwp%2Fv2%2Fcomments&post=57143"}],"version-history":[{"count":1,"href":"https:\/\/www.interaccionnoticias.com.mx\/index.php?rest_route=\/wp\/v2\/posts\/57143\/revisions"}],"predecessor-version":[{"id":57145,"href":"https:\/\/www.interaccionnoticias.com.mx\/index.php?rest_route=\/wp\/v2\/posts\/57143\/revisions\/57145"}],"wp:featuredmedia":[{"embeddable":true,"href":"https:\/\/www.interaccionnoticias.com.mx\/index.php?rest_route=\/wp\/v2\/media\/57144"}],"wp:attachment":[{"href":"https:\/\/www.interaccionnoticias.com.mx\/index.php?rest_route=%2Fwp%2Fv2%2Fmedia&parent=57143"}],"wp:term":[{"taxonomy":"category","embeddable":true,"href":"https:\/\/www.interaccionnoticias.com.mx\/index.php?rest_route=%2Fwp%2Fv2%2Fcategories&post=57143"},{"taxonomy":"post_tag","embeddable":true,"href":"https:\/\/www.interaccionnoticias.com.mx\/index.php?rest_route=%2Fwp%2Fv2%2Ftags&post=57143"}],"curies":[{"name":"wp","href":"https:\/\/api.w.org\/{rel}","templated":true}]}}