{"id":57133,"date":"2023-02-06T16:19:37","date_gmt":"2023-02-06T22:19:37","guid":{"rendered":"https:\/\/interaccionnoticias.com.mx\/?p=57133"},"modified":"2023-02-06T16:19:42","modified_gmt":"2023-02-06T22:19:42","slug":"acusan-al-ran-guerrero-de-ser-generador-de-violencia","status":"publish","type":"post","link":"https:\/\/www.interaccionnoticias.com.mx\/?p=57133","title":{"rendered":"Acusan al RAN-Guerrero de ser generador de violencia"},"content":{"rendered":"\n<p><strong><em>&#8212; Comisarios y comisariados denuncian irregularidades en la delegaci\u00f3n estatal<\/em><\/strong><\/p>\n\n\n\n<p><strong>Rosario Garc\u00eda Orozco<\/strong><\/p>\n\n\n\n<p><strong>Chilpancingo, Gro., 6 de febrero del 2023.-<\/strong> Comisarios de diferentes municipios denunciaron irregularidades en los tr\u00e1mites de certificados parcelarios, la legalizaci\u00f3n de actas constitutivas de autoridades comunitarias en el Registro Agrario Nacional (RAN), que podr\u00edan generar violencia entre los habitantes de los ejidos, por lo que pidieron la intervenci\u00f3n del presidente Andr\u00e9s Manuel L\u00f3pez Obrador para que ponga orden en esa dependencia.<\/p>\n\n\n\n<p>En conferencia de prensa, Jos\u00e9 Juan Mart\u00ednez, l\u00edder comunero de Zumpango; V\u00edctor Miranda Cort\u00e9s, presidente del comisariado ejidal de Dos Caminos; Pedro de Jes\u00fas Alejandro, presidente suplente del comisariado ejidal de Xalitla, y Alfonso Duque Marino, secretario del comisariado ejidal de Chichihualco, informaron a los representantes de los medios de comunicaci\u00f3n que el delegado del RAN en Guerrero, Roberto Olivares Pita, extiende constancia a personas que no son ejitdatarios, que no tienen tierras en las zonas rurales, \u00abpasa por alto a las asambleas locales de ejidatarios, que son la autoridad encargada de reconocer a quienes son campesinos, y no se nos toma en cuenta\u00bb.<\/p>\n\n\n\n<p>Pedro de Jes\u00fas Alejandro advirti\u00f3 que si no son atendidos en sus demandas, los integrantes de esa delegaci\u00f3n abordar\u00e1n al presidente Andr\u00e9s Manuel L\u00f3pez Obrador para hacerle saber todas las irregularidades que han detectado en la delegaci\u00f3n del RAN, durante su visita a Iguala a la inauguraci\u00f3n de la Feria de esa ciudad el pr\u00f3ximo 24 de febrero.<\/p>\n\n\n\n<p>Alfonso Duque Marino explic\u00f3 que el pasado 21 de enero, los integrantes del Comisar\u00edado Ejidal acudieron al RAN para pedir que se inscribir\u00e1 el acta de elecci\u00f3n de las autoridades comunales, pero s\u00f3lo nos recibieron la documentaci\u00f3n y no la certificaron, y s\u00f3lo la hicieron llegar a la parte opositora para que iniciaran una demanda, \u00abpor eso decimos que el RAN est\u00e1 generando violencia entre los pueblos, esta creando conflictos\u00bb.<\/p>\n\n\n\n<p>Mientras que Jos\u00e9 Juan Mart\u00ednez mencion\u00f3 que el delegado del RAN se presta a \u00abmuchas anomal\u00edas\u00bb, porque recientemente se lanz\u00f3 la convocatoria para renovar autoridades del Comisariado de Zumpango, y a pesar de que el Tribunal Unitario de Iguala mandat\u00f3 que 107 comuneros no pod\u00edan participar en la elecci\u00f3n, no hicieron caso y permitieron que los ejidatarios observados formaran parte de la elecci\u00f3n, con la aprobaci\u00f3n y complacencia del funcionario federal\u00bb.<\/p>\n\n\n\n<p>Agreg\u00f3 que esas acciones s\u00f3lo \u00abdividen a los n\u00facleos comunales de Guerrero y eso no se vale, porque no queremos que haya quienes violenten nuestros derechos como Roberto Olivares Pita lo hace, ni que generen m\u00e1s conflictos de los que ya de por s\u00ed hay\u00bb.<\/p>\n\n\n\n<p>De la misma manera V\u00edctor Miranda Cort\u00e9s, lament\u00f3 que entre los funcionarios federales haya gente como Liz Yanitzi \u00c1lvarez L\u00f3pez, quien es una persona que atiende con mucha arrogancia a los campesinos, con despotismo se conduce para atender a los ejidatarios, \u00abpor eso solicitamos tambi\u00e9n el cambio de esos servidores p\u00fablicos que en nada le ayudan al presidente de la Rep\u00fablica, Andr\u00e9s Manuel L\u00f3pez Obrador, ni a la gobernadora Evelyn Salgado Pineda\u00bb.<\/p>\n\n\n\n<figure class=\"wp-block-gallery columns-2 is-cropped wp-block-gallery-1 is-layout-flex wp-block-gallery-is-layout-flex\"><ul class=\"blocks-gallery-grid\"><li class=\"blocks-gallery-item\"><figure><img decoding=\"async\" src=\"data:image\/gif;base64,R0lGODlhAQABAIAAAAAAAP\/\/\/ywAAAAAAQABAAACAUwAOw==\" fifu-lazy=\"1\" fifu-data-sizes=\"auto\" fifu-data-srcset=\"https:\/\/i1.wp.com\/interaccionnoticias.com.mx\/wp-content\/uploads\/2023\/02\/230206-Acusan-RAN-Guerrero-2-1024x683.jpg?ssl=1&w=75&resize=75&ssl=1 75w, https:\/\/i1.wp.com\/interaccionnoticias.com.mx\/wp-content\/uploads\/2023\/02\/230206-Acusan-RAN-Guerrero-2-1024x683.jpg?ssl=1&w=100&resize=100&ssl=1 100w, https:\/\/i1.wp.com\/interaccionnoticias.com.mx\/wp-content\/uploads\/2023\/02\/230206-Acusan-RAN-Guerrero-2-1024x683.jpg?ssl=1&w=150&resize=150&ssl=1 150w, https:\/\/i1.wp.com\/interaccionnoticias.com.mx\/wp-content\/uploads\/2023\/02\/230206-Acusan-RAN-Guerrero-2-1024x683.jpg?ssl=1&w=240&resize=240&ssl=1 240w, https:\/\/i1.wp.com\/interaccionnoticias.com.mx\/wp-content\/uploads\/2023\/02\/230206-Acusan-RAN-Guerrero-2-1024x683.jpg?ssl=1&w=320&resize=320&ssl=1 320w, https:\/\/i1.wp.com\/interaccionnoticias.com.mx\/wp-content\/uploads\/2023\/02\/230206-Acusan-RAN-Guerrero-2-1024x683.jpg?ssl=1&w=500&resize=500&ssl=1 500w, https:\/\/i1.wp.com\/interaccionnoticias.com.mx\/wp-content\/uploads\/2023\/02\/230206-Acusan-RAN-Guerrero-2-1024x683.jpg?ssl=1&w=640&resize=640&ssl=1 640w, https:\/\/i1.wp.com\/interaccionnoticias.com.mx\/wp-content\/uploads\/2023\/02\/230206-Acusan-RAN-Guerrero-2-1024x683.jpg?ssl=1&w=800&resize=800&ssl=1 800w, https:\/\/i1.wp.com\/interaccionnoticias.com.mx\/wp-content\/uploads\/2023\/02\/230206-Acusan-RAN-Guerrero-2-1024x683.jpg?ssl=1&w=1024&resize=1024&ssl=1 1024w, https:\/\/i1.wp.com\/interaccionnoticias.com.mx\/wp-content\/uploads\/2023\/02\/230206-Acusan-RAN-Guerrero-2-1024x683.jpg?ssl=1&w=1280&resize=1280&ssl=1 1280w, https:\/\/i1.wp.com\/interaccionnoticias.com.mx\/wp-content\/uploads\/2023\/02\/230206-Acusan-RAN-Guerrero-2-1024x683.jpg?ssl=1&w=1600&resize=1600&ssl=1 1600w\" fifu-data-src=\"https:\/\/i1.wp.com\/interaccionnoticias.com.mx\/wp-content\/uploads\/2023\/02\/230206-Acusan-RAN-Guerrero-2-1024x683.jpg?ssl=1\" alt=\"\" data-id=\"57134\" data-full-url=\"https:\/\/interaccionnoticias.com.mx\/wp-content\/uploads\/2023\/02\/230206-Acusan-RAN-Guerrero-2.jpg\" data-link=\"https:\/\/interaccionnoticias.com.mx\/?attachment_id=57134\" class=\"wp-image-57134\"\/><\/figure><\/li><li class=\"blocks-gallery-item\"><figure><img decoding=\"async\" src=\"data:image\/gif;base64,R0lGODlhAQABAIAAAAAAAP\/\/\/ywAAAAAAQABAAACAUwAOw==\" fifu-lazy=\"1\" fifu-data-sizes=\"auto\" fifu-data-srcset=\"https:\/\/i2.wp.com\/interaccionnoticias.com.mx\/wp-content\/uploads\/2023\/02\/230206-Acusan-RAN-Guerrero-1-1024x683.jpg?ssl=1&w=75&resize=75&ssl=1 75w, https:\/\/i2.wp.com\/interaccionnoticias.com.mx\/wp-content\/uploads\/2023\/02\/230206-Acusan-RAN-Guerrero-1-1024x683.jpg?ssl=1&w=100&resize=100&ssl=1 100w, https:\/\/i2.wp.com\/interaccionnoticias.com.mx\/wp-content\/uploads\/2023\/02\/230206-Acusan-RAN-Guerrero-1-1024x683.jpg?ssl=1&w=150&resize=150&ssl=1 150w, https:\/\/i2.wp.com\/interaccionnoticias.com.mx\/wp-content\/uploads\/2023\/02\/230206-Acusan-RAN-Guerrero-1-1024x683.jpg?ssl=1&w=240&resize=240&ssl=1 240w, https:\/\/i2.wp.com\/interaccionnoticias.com.mx\/wp-content\/uploads\/2023\/02\/230206-Acusan-RAN-Guerrero-1-1024x683.jpg?ssl=1&w=320&resize=320&ssl=1 320w, https:\/\/i2.wp.com\/interaccionnoticias.com.mx\/wp-content\/uploads\/2023\/02\/230206-Acusan-RAN-Guerrero-1-1024x683.jpg?ssl=1&w=500&resize=500&ssl=1 500w, https:\/\/i2.wp.com\/interaccionnoticias.com.mx\/wp-content\/uploads\/2023\/02\/230206-Acusan-RAN-Guerrero-1-1024x683.jpg?ssl=1&w=640&resize=640&ssl=1 640w, https:\/\/i2.wp.com\/interaccionnoticias.com.mx\/wp-content\/uploads\/2023\/02\/230206-Acusan-RAN-Guerrero-1-1024x683.jpg?ssl=1&w=800&resize=800&ssl=1 800w, https:\/\/i2.wp.com\/interaccionnoticias.com.mx\/wp-content\/uploads\/2023\/02\/230206-Acusan-RAN-Guerrero-1-1024x683.jpg?ssl=1&w=1024&resize=1024&ssl=1 1024w, https:\/\/i2.wp.com\/interaccionnoticias.com.mx\/wp-content\/uploads\/2023\/02\/230206-Acusan-RAN-Guerrero-1-1024x683.jpg?ssl=1&w=1280&resize=1280&ssl=1 1280w, https:\/\/i2.wp.com\/interaccionnoticias.com.mx\/wp-content\/uploads\/2023\/02\/230206-Acusan-RAN-Guerrero-1-1024x683.jpg?ssl=1&w=1600&resize=1600&ssl=1 1600w\" fifu-data-src=\"https:\/\/i2.wp.com\/interaccionnoticias.com.mx\/wp-content\/uploads\/2023\/02\/230206-Acusan-RAN-Guerrero-1-1024x683.jpg?ssl=1\" alt=\"\" data-id=\"57135\" data-full-url=\"https:\/\/interaccionnoticias.com.mx\/wp-content\/uploads\/2023\/02\/230206-Acusan-RAN-Guerrero-1.jpg\" data-link=\"https:\/\/interaccionnoticias.com.mx\/?attachment_id=57135\" class=\"wp-image-57135\"\/><\/figure><\/li><\/ul><\/figure>\n","protected":false},"excerpt":{"rendered":"<p>&#8212; Comisarios y comisariados denuncian irregularidades en la delegaci\u00f3n estatal Rosario Garc\u00eda Orozco Chilpancingo, Gro., 6 de febrero del 2023.- Comisarios de diferentes municipios denunciaron irregularidades en los tr\u00e1mites de&hellip; <\/p>\n","protected":false},"author":14,"featured_media":57135,"comment_status":"open","ping_status":"open","sticky":false,"template":"","format":"standard","meta":{"fifu_image_url":"","fifu_image_alt":"","footnotes":""},"categories":[23],"tags":[],"class_list":["post-57133","post","type-post","status-publish","format-standard","has-post-thumbnail","hentry","category-regionales"],"_links":{"self":[{"href":"https:\/\/www.interaccionnoticias.com.mx\/index.php?rest_route=\/wp\/v2\/posts\/57133","targetHints":{"allow":["GET"]}}],"collection":[{"href":"https:\/\/www.interaccionnoticias.com.mx\/index.php?rest_route=\/wp\/v2\/posts"}],"about":[{"href":"https:\/\/www.interaccionnoticias.com.mx\/index.php?rest_route=\/wp\/v2\/types\/post"}],"author":[{"embeddable":true,"href":"https:\/\/www.interaccionnoticias.com.mx\/index.php?rest_route=\/wp\/v2\/users\/14"}],"replies":[{"embeddable":true,"href":"https:\/\/www.interaccionnoticias.com.mx\/index.php?rest_route=%2Fwp%2Fv2%2Fcomments&post=57133"}],"version-history":[{"count":1,"href":"https:\/\/www.interaccionnoticias.com.mx\/index.php?rest_route=\/wp\/v2\/posts\/57133\/revisions"}],"predecessor-version":[{"id":57136,"href":"https:\/\/www.interaccionnoticias.com.mx\/index.php?rest_route=\/wp\/v2\/posts\/57133\/revisions\/57136"}],"wp:featuredmedia":[{"embeddable":true,"href":"https:\/\/www.interaccionnoticias.com.mx\/index.php?rest_route=\/wp\/v2\/media\/57135"}],"wp:attachment":[{"href":"https:\/\/www.interaccionnoticias.com.mx\/index.php?rest_route=%2Fwp%2Fv2%2Fmedia&parent=57133"}],"wp:term":[{"taxonomy":"category","embeddable":true,"href":"https:\/\/www.interaccionnoticias.com.mx\/index.php?rest_route=%2Fwp%2Fv2%2Fcategories&post=57133"},{"taxonomy":"post_tag","embeddable":true,"href":"https:\/\/www.interaccionnoticias.com.mx\/index.php?rest_route=%2Fwp%2Fv2%2Ftags&post=57133"}],"curies":[{"name":"wp","href":"https:\/\/api.w.org\/{rel}","templated":true}]}}