{"id":5697,"date":"2017-06-23T19:10:10","date_gmt":"2017-06-24T00:10:10","guid":{"rendered":"http:\/\/www.inter-accion.com.mx\/?p=5697"},"modified":"2017-06-23T19:10:10","modified_gmt":"2017-06-24T00:10:10","slug":"pide-leyva-mena-a-trabajadores-solidaridad-ante-medidas-de-ahorro","status":"publish","type":"post","link":"https:\/\/www.interaccionnoticias.com.mx\/?p=5697","title":{"rendered":"Pide Leyva Mena a trabajadores, solidaridad ante medidas de ahorro"},"content":{"rendered":"<p>El alcalde de Chilpancingo, Marco Antonio Leyva Mena pidi\u00f3 \u00absolidaridad\u00bb a trabajadores, ante descuentos y desaparici\u00f3n del turno vespertino del ayuntamiento.<br \/>\nEn entrevista a reporteros, el edil confes\u00f3 que a unos 60 trabajadores de confianza del ayuntamiento, les son descontados quincenalmente entre 200 a mil pesos.<br \/>\nEl recurso descontado a los empleados, son destinados al fondo de obras de infraestructura del municipio y para el pago de prestaciones de quienes integran los sindicatos de trabajadores.<br \/>\n\u00ab(Los trabajadores de conf\u00edanza) Son los primeros que deben de solidarizarse con el gobierno municipal\u00bb, se\u00f1al\u00f3 Leyva Mena al concluir el evento donde puso en marcha una jornada de reforestaci\u00f3n.<br \/>\nEl d\u00eda jueves, el Cabildo Municipal aprob\u00f3 la desaparici\u00f3n del turno vespertino y la jornada acumulada, con el argumento de \u00abeconomizar esfuerzos\u00bb, ahorro de energ\u00eda y espacios.<br \/>\nLeyva Mena reiter\u00f3 que tras la desaparici\u00f3n de la jornada laboral vespertina, no ser\u00e1 despedido ning\u00fan trabajador y solo ser\u00e1n distribuidos en el turno matutino.<br \/>\nAdem\u00e1s el edil, propuso a los integrantes de la Secci\u00f3n 14 del Sindicato Independiente del Ayuntamiento de Chilpancingo, a informarse antes de promover movilizaciones.<br \/>\nEste viernes, agremiados al Sindicato Independiente, bloquearon la calle Ignacio Ram\u00edrez y posteriormente se trasladaron a la Comisi\u00f3n de Derechos Humanos del Estado de Guerrero (CDHEG), para pedir la intervenci\u00f3n del ombusdman Ram\u00f3n Navarrete Magdaleno, ante el acuerdo aprobado por el Cabildo Municipal.<\/p>\n","protected":false},"excerpt":{"rendered":"<p>El alcalde de Chilpancingo, Marco Antonio Leyva Mena pidi\u00f3 \u00absolidaridad\u00bb a trabajadores, ante descuentos y desaparici\u00f3n del turno vespertino del ayuntamiento. En entrevista a reporteros, el edil confes\u00f3 que a&hellip; <\/p>\n","protected":false},"author":1,"featured_media":0,"comment_status":"closed","ping_status":"closed","sticky":false,"template":"","format":"standard","meta":{"fifu_image_url":"","fifu_image_alt":"","footnotes":""},"categories":[13,8],"tags":[],"class_list":["post-5697","post","type-post","status-publish","format-standard","hentry","category-capital","category-featured"],"_links":{"self":[{"href":"https:\/\/www.interaccionnoticias.com.mx\/index.php?rest_route=\/wp\/v2\/posts\/5697","targetHints":{"allow":["GET"]}}],"collection":[{"href":"https:\/\/www.interaccionnoticias.com.mx\/index.php?rest_route=\/wp\/v2\/posts"}],"about":[{"href":"https:\/\/www.interaccionnoticias.com.mx\/index.php?rest_route=\/wp\/v2\/types\/post"}],"author":[{"embeddable":true,"href":"https:\/\/www.interaccionnoticias.com.mx\/index.php?rest_route=\/wp\/v2\/users\/1"}],"replies":[{"embeddable":true,"href":"https:\/\/www.interaccionnoticias.com.mx\/index.php?rest_route=%2Fwp%2Fv2%2Fcomments&post=5697"}],"version-history":[{"count":0,"href":"https:\/\/www.interaccionnoticias.com.mx\/index.php?rest_route=\/wp\/v2\/posts\/5697\/revisions"}],"wp:attachment":[{"href":"https:\/\/www.interaccionnoticias.com.mx\/index.php?rest_route=%2Fwp%2Fv2%2Fmedia&parent=5697"}],"wp:term":[{"taxonomy":"category","embeddable":true,"href":"https:\/\/www.interaccionnoticias.com.mx\/index.php?rest_route=%2Fwp%2Fv2%2Fcategories&post=5697"},{"taxonomy":"post_tag","embeddable":true,"href":"https:\/\/www.interaccionnoticias.com.mx\/index.php?rest_route=%2Fwp%2Fv2%2Ftags&post=5697"}],"curies":[{"name":"wp","href":"https:\/\/api.w.org\/{rel}","templated":true}]}}