{"id":56793,"date":"2023-01-31T13:34:00","date_gmt":"2023-01-31T19:34:00","guid":{"rendered":"https:\/\/interaccionnoticias.com.mx\/?p=56793"},"modified":"2023-01-31T14:50:44","modified_gmt":"2023-01-31T20:50:44","slug":"documentan-120-asesinatos-y-74-protestas-sociales-en-guerrero-durante-el-primer-mes-de-2023","status":"publish","type":"post","link":"https:\/\/www.interaccionnoticias.com.mx\/?p=56793","title":{"rendered":"Documentan 120 asesinatos y 74 protestas sociales en Guerrero, durante el primer mes de 2023"},"content":{"rendered":"\n<p><strong><em>&#8212; De acuerdo con registro del Centro de derechos Humanos de la Monta\u00f1a<\/em><\/strong><\/p>\n\n\n\n<p><strong>Eduardo Yener Santos \/ Chilpancingo, Gro., 31 de enero de 2023<\/strong><\/p>\n\n\n\n<p>El centro de derechos humanos Tlachinollan, en su art\u00edculo titulado: \u201cLa cuesta de la violencia, los bloqueos y la protesta social\u201d, el organismo indica que en enero se cometieron 120 asesinatos y hubo 74 protestas en Guerrero<\/p>\n\n\n\n<p>En su secci\u00f3n de opini\u00f3n, Tlachinollan public\u00f3 este lunes que durante los primeros 28 d\u00edas del a\u00f1o 2023, se registraron 120 asesinatos de personas: principalmente en Acapulco y hace menci\u00f3n que entre estas personas asesinadas se encuentra Samuel Buenfil, quien era jefe operativo de la polic\u00eda auxiliar municipal de Acapulco.<\/p>\n\n\n\n<p>El organismo registr\u00f3 que en este mes de enero, la violencia despunt\u00f3 en regiones como la zona Norte, Tierra Caliente y regi\u00f3n Centro.<\/p>\n\n\n\n<p>Se indica que entre las v\u00edctimas, personas que fueron asesinadas, eran comerciantes y transportistas, quienes fueron asesinados en lugares p\u00fablicos, en calles, avenidas y zonas c\u00e9ntricas<\/p>\n\n\n\n<p>Por otra parte, el organismo, apunta que el malestar de la poblaci\u00f3n se ha expresado en protestas principalmente en la capital del estado. \u201cEn los primero 28 d\u00edas de enero se registraron 74 protestas que ocurrieron en Acapulco, Iguala, Taxco, Pungarabato, Tlapa y Teloloapan\u201d<\/p>\n\n\n\n<p>De acuerdo a Tlachinollan, el registro de protestas es porque \u201cexiste una indolencia de las autoridades y no existe canales de interlocuci\u00f3n\u201d se agrega que los bloqueos a las v\u00edas de comunicaci\u00f3n lo han realizado madres, padres de familia y maestros por falta de compromisitos cumplidos por parte de autoridades educativas.<\/p>\n\n\n\n<p>Quienes protestaron este mes, destacan que fueron familias que fueron v\u00edctimas de la violencia, colonos que exigen servicios, estudiantes, maestros, organizaciones sociales, colectivas de personas desaparecidas, trabajadores despedidos y periodistas.<\/p>\n\n\n\n<p>Las protestas, dice Tlachinollan: \u201cvan generando un clima de animadversi\u00f3n y polarizaci\u00f3n social que profundiza la crisis de ingobernabilidad\u201d<\/p>\n\n\n\n<p>En promedio, sostiene Tlachinollan, en Guerrero durante el mes de enero hubo 4 movilizaciones diarias todas ellas, por la desatenci\u00f3n gubernamental.<\/p>\n\n\n\n<p>En cuanto a los municipios, Tlachinollan se\u00f1ala que los presidentes, presidentas, s\u00edndicos y regidores no atienden a la poblaci\u00f3n, sino que las autoridades locales: \u201cconcentran todo el poder y el presupuesto, por su buena imagen en redes sociales por su futuro pol\u00edtico\u201d<\/p>\n\n\n\n<p>Adem\u00e1s ese organismo aut\u00f3nomo consider\u00f3 que la multiplicaci\u00f3n y difusi\u00f3n de la existencia de grupos de civiles armados se est\u00e1 convirtiendo en una bomba de tiempo en algunos municipios por la disputa territorial que protagonizan grupos antag\u00f3nicos, como el caso de la polic\u00eda Tecampanera de Teloloapan.<\/p>\n","protected":false},"excerpt":{"rendered":"<p>&#8212; De acuerdo con registro del Centro de derechos Humanos de la Monta\u00f1a Eduardo Yener Santos \/ Chilpancingo, Gro., 31 de enero de 2023 El centro de derechos humanos Tlachinollan,&hellip; <\/p>\n","protected":false},"author":31,"featured_media":56794,"comment_status":"open","ping_status":"open","sticky":false,"template":"","format":"standard","meta":{"fifu_image_url":"","fifu_image_alt":"","footnotes":""},"categories":[11],"tags":[],"class_list":["post-56793","post","type-post","status-publish","format-standard","has-post-thumbnail","hentry","category-guerrero"],"_links":{"self":[{"href":"https:\/\/www.interaccionnoticias.com.mx\/index.php?rest_route=\/wp\/v2\/posts\/56793","targetHints":{"allow":["GET"]}}],"collection":[{"href":"https:\/\/www.interaccionnoticias.com.mx\/index.php?rest_route=\/wp\/v2\/posts"}],"about":[{"href":"https:\/\/www.interaccionnoticias.com.mx\/index.php?rest_route=\/wp\/v2\/types\/post"}],"author":[{"embeddable":true,"href":"https:\/\/www.interaccionnoticias.com.mx\/index.php?rest_route=\/wp\/v2\/users\/31"}],"replies":[{"embeddable":true,"href":"https:\/\/www.interaccionnoticias.com.mx\/index.php?rest_route=%2Fwp%2Fv2%2Fcomments&post=56793"}],"version-history":[{"count":1,"href":"https:\/\/www.interaccionnoticias.com.mx\/index.php?rest_route=\/wp\/v2\/posts\/56793\/revisions"}],"predecessor-version":[{"id":56795,"href":"https:\/\/www.interaccionnoticias.com.mx\/index.php?rest_route=\/wp\/v2\/posts\/56793\/revisions\/56795"}],"wp:featuredmedia":[{"embeddable":true,"href":"https:\/\/www.interaccionnoticias.com.mx\/index.php?rest_route=\/wp\/v2\/media\/56794"}],"wp:attachment":[{"href":"https:\/\/www.interaccionnoticias.com.mx\/index.php?rest_route=%2Fwp%2Fv2%2Fmedia&parent=56793"}],"wp:term":[{"taxonomy":"category","embeddable":true,"href":"https:\/\/www.interaccionnoticias.com.mx\/index.php?rest_route=%2Fwp%2Fv2%2Fcategories&post=56793"},{"taxonomy":"post_tag","embeddable":true,"href":"https:\/\/www.interaccionnoticias.com.mx\/index.php?rest_route=%2Fwp%2Fv2%2Ftags&post=56793"}],"curies":[{"name":"wp","href":"https:\/\/api.w.org\/{rel}","templated":true}]}}