{"id":56746,"date":"2023-01-30T14:53:38","date_gmt":"2023-01-30T20:53:38","guid":{"rendered":"https:\/\/interaccionnoticias.com.mx\/?p=56746"},"modified":"2023-01-30T14:53:42","modified_gmt":"2023-01-30T20:53:42","slug":"maestros-estatales-piden-el-respaldo-a-la-gobernadora-evelyn-salgado-pineda","status":"publish","type":"post","link":"https:\/\/www.interaccionnoticias.com.mx\/?p=56746","title":{"rendered":"Maestros estatales piden el respaldo a la gobernadora Evelyn Salgado Pineda"},"content":{"rendered":"\n<p><strong><em>&#8212; Tienen pendiente la promoci\u00f3n horizontal y el incremento de sus salarios<\/em><\/strong><\/p>\n\n\n\n<p><strong>Eduardo Yener Santos\/ Chilpancingo, Gro., 30\u2019de enero de 2022<\/strong><\/p>\n\n\n\n<p>El reclamo de los maestros estatales, que consiste en la aplicaci\u00f3n de la promoci\u00f3n horizontal y el incremento de sus ingresos fue planteado de manera directa a la gobernadora Evelyn Salgado Pineda, en un evento realizado el centro de la capital del Estado.<\/p>\n\n\n\n<p>La gobernadora lleg\u00f3 al centro de la capital de Guerreri alrededor de la una de la tarde, con la intenci\u00f3n de encabezar un evento de entrega de marcas comerciales a artesanos, ah\u00ed fue abordada por un grupo de m\u00e1s de 50 maestros.<\/p>\n\n\n\n<p>Los docentes le exigieron la aplicaci\u00f3n horizontal para nuevas categor\u00edas, as\u00ed como los m\u00e1s de 600 maestros frente a grupo y de educaci\u00f3n f\u00edsica, que exigen el incremento de su salario<br>El reclamo de los maestros, es porque dijeron, no tienen respuesta por parte de la Secretar\u00eda de Educaci\u00f3n Guerrero (SEG).<\/p>\n\n\n\n<p>Evelyn Salgado escuch\u00f3 y atendi\u00f3 a los docentes y les prometi\u00f3 revisar los casos, as\u00ed como lo que est\u00e9 a su alcance para tratar de resolver sus demandas en la medida de lo posible.<br><\/p>\n","protected":false},"excerpt":{"rendered":"<p>&#8212; Tienen pendiente la promoci\u00f3n horizontal y el incremento de sus salarios Eduardo Yener Santos\/ Chilpancingo, Gro., 30\u2019de enero de 2022 El reclamo de los maestros estatales, que consiste en&hellip; <\/p>\n","protected":false},"author":31,"featured_media":56747,"comment_status":"open","ping_status":"open","sticky":false,"template":"","format":"standard","meta":{"fifu_image_url":"","fifu_image_alt":"","footnotes":""},"categories":[6],"tags":[],"class_list":["post-56746","post","type-post","status-publish","format-standard","has-post-thumbnail","hentry","category-educacion"],"_links":{"self":[{"href":"https:\/\/www.interaccionnoticias.com.mx\/index.php?rest_route=\/wp\/v2\/posts\/56746","targetHints":{"allow":["GET"]}}],"collection":[{"href":"https:\/\/www.interaccionnoticias.com.mx\/index.php?rest_route=\/wp\/v2\/posts"}],"about":[{"href":"https:\/\/www.interaccionnoticias.com.mx\/index.php?rest_route=\/wp\/v2\/types\/post"}],"author":[{"embeddable":true,"href":"https:\/\/www.interaccionnoticias.com.mx\/index.php?rest_route=\/wp\/v2\/users\/31"}],"replies":[{"embeddable":true,"href":"https:\/\/www.interaccionnoticias.com.mx\/index.php?rest_route=%2Fwp%2Fv2%2Fcomments&post=56746"}],"version-history":[{"count":1,"href":"https:\/\/www.interaccionnoticias.com.mx\/index.php?rest_route=\/wp\/v2\/posts\/56746\/revisions"}],"predecessor-version":[{"id":56748,"href":"https:\/\/www.interaccionnoticias.com.mx\/index.php?rest_route=\/wp\/v2\/posts\/56746\/revisions\/56748"}],"wp:featuredmedia":[{"embeddable":true,"href":"https:\/\/www.interaccionnoticias.com.mx\/index.php?rest_route=\/wp\/v2\/media\/56747"}],"wp:attachment":[{"href":"https:\/\/www.interaccionnoticias.com.mx\/index.php?rest_route=%2Fwp%2Fv2%2Fmedia&parent=56746"}],"wp:term":[{"taxonomy":"category","embeddable":true,"href":"https:\/\/www.interaccionnoticias.com.mx\/index.php?rest_route=%2Fwp%2Fv2%2Fcategories&post=56746"},{"taxonomy":"post_tag","embeddable":true,"href":"https:\/\/www.interaccionnoticias.com.mx\/index.php?rest_route=%2Fwp%2Fv2%2Ftags&post=56746"}],"curies":[{"name":"wp","href":"https:\/\/api.w.org\/{rel}","templated":true}]}}