{"id":5674,"date":"2017-06-23T16:30:52","date_gmt":"2017-06-23T21:30:52","guid":{"rendered":"http:\/\/www.inter-accion.com.mx\/?p=5674"},"modified":"2017-06-23T16:30:52","modified_gmt":"2017-06-23T21:30:52","slug":"no-se-han-detectado-campanas-anticipadas-de-otros-partidos-prd","status":"publish","type":"post","link":"https:\/\/www.interaccionnoticias.com.mx\/?p=5674","title":{"rendered":"No se han detectado campa\u00f1as anticipadas de otros partidos: PRD"},"content":{"rendered":"<p>A casi dos meses de que inicie formalmente el proceso electoral, el Comit\u00e9 Ejecutivo Ejecutivo Estatal del Partido de la Revoluci\u00f3n Democr\u00e1tica (PRD) no ha detectado inicio de campa\u00f1as \u00abanticipadas\u00bb, asegur\u00f3 el perredista Celestino Ces\u00e1reo Guzm\u00e1n.<br \/>\nD\u00edas antes, el vocal ejecutivo del Instituto Nacional Electoral (INE) en Guerrero, Dagoberto Santos Trigo inform\u00f3 que no exist\u00eda ninguna denuncia \u00abformal\u00bb contra pol\u00edticos o partidos pol\u00edticos iniciar campa\u00f1as antes de tiempo.<br \/>\nLa postura del presidente estatal del PRD, fue que hasta el momento no se hab\u00eda detectado ninguna violaci\u00f3n a la ley y por lo tanto no estaba preparando alguna acci\u00f3n al respecto.<br \/>\nAunque tambi\u00e9n, recalc\u00f3 que quienes aspiran a ocupar alg\u00fan cargo de elecci\u00f3n popular, \u00abya est\u00e1n\u00bb realizando actividades y se encuentran organizando sus proyectos, sin asumirse como precandidatos.<br \/>\n\u00abEn el PRD y en todos los partidos,&nbsp; a estas alturas, quienes aspiran sin duda alguna ya est\u00e1n realizando actividades, ya est\u00e1n organiz\u00e1ndose, pero eso no les da ning\u00fan estatus de aspirantes o precandidatos\u00bb, asegur\u00f3 Ces\u00e1reo Guzm\u00e1n.<br \/>\nEl llamado que ha hecho el vocal ejecutivo del INE en Guerrero, Dagoberto Santos Trigo a los partidos pol\u00edticos, es que analicen la ley, la cual considera sanciones para quien viole los procedimientos.<br \/>\n\u00abLa verdad es que esta muy tipificado que tipo de actividades o que tipo de publicidad puede considerarse campa\u00f1a anticipada y si vi\u00e9ramos algo en ese caso, sin duda el prd proceder\u00eda, pero en este momento no vemos nada\u00bb, se\u00f1al\u00f3 Ces\u00e1reo Guzm\u00e1n.<\/p>\n","protected":false},"excerpt":{"rendered":"<p>A casi dos meses de que inicie formalmente el proceso electoral, el Comit\u00e9 Ejecutivo Ejecutivo Estatal del Partido de la Revoluci\u00f3n Democr\u00e1tica (PRD) no ha detectado inicio de campa\u00f1as \u00abanticipadas\u00bb,&hellip; <\/p>\n","protected":false},"author":1,"featured_media":0,"comment_status":"closed","ping_status":"closed","sticky":false,"template":"","format":"standard","meta":{"fifu_image_url":"","fifu_image_alt":"","footnotes":""},"categories":[8,18],"tags":[],"class_list":["post-5674","post","type-post","status-publish","format-standard","hentry","category-featured","category-partidos-politicos"],"_links":{"self":[{"href":"https:\/\/www.interaccionnoticias.com.mx\/index.php?rest_route=\/wp\/v2\/posts\/5674","targetHints":{"allow":["GET"]}}],"collection":[{"href":"https:\/\/www.interaccionnoticias.com.mx\/index.php?rest_route=\/wp\/v2\/posts"}],"about":[{"href":"https:\/\/www.interaccionnoticias.com.mx\/index.php?rest_route=\/wp\/v2\/types\/post"}],"author":[{"embeddable":true,"href":"https:\/\/www.interaccionnoticias.com.mx\/index.php?rest_route=\/wp\/v2\/users\/1"}],"replies":[{"embeddable":true,"href":"https:\/\/www.interaccionnoticias.com.mx\/index.php?rest_route=%2Fwp%2Fv2%2Fcomments&post=5674"}],"version-history":[{"count":0,"href":"https:\/\/www.interaccionnoticias.com.mx\/index.php?rest_route=\/wp\/v2\/posts\/5674\/revisions"}],"wp:attachment":[{"href":"https:\/\/www.interaccionnoticias.com.mx\/index.php?rest_route=%2Fwp%2Fv2%2Fmedia&parent=5674"}],"wp:term":[{"taxonomy":"category","embeddable":true,"href":"https:\/\/www.interaccionnoticias.com.mx\/index.php?rest_route=%2Fwp%2Fv2%2Fcategories&post=5674"},{"taxonomy":"post_tag","embeddable":true,"href":"https:\/\/www.interaccionnoticias.com.mx\/index.php?rest_route=%2Fwp%2Fv2%2Ftags&post=5674"}],"curies":[{"name":"wp","href":"https:\/\/api.w.org\/{rel}","templated":true}]}}