{"id":56734,"date":"2023-01-30T12:37:37","date_gmt":"2023-01-30T18:37:37","guid":{"rendered":"https:\/\/interaccionnoticias.com.mx\/?p=56734"},"modified":"2023-01-30T12:37:42","modified_gmt":"2023-01-30T18:37:42","slug":"apoya-la-gobernadora-evelyn-la-educacion-con-mas-plazas-docentes-titular-de-la-seg","status":"publish","type":"post","link":"https:\/\/www.interaccionnoticias.com.mx\/?p=56734","title":{"rendered":"Apoya la gobernadora Evelyn la educaci\u00f3n, con m\u00e1s plazas docentes: titular de la SEG"},"content":{"rendered":"\n<p><strong>&#8212; Se entregaron 143 plazas y 170 horas, por m\u00e9ritos y en proceso transparente<\/strong><\/p>\n\n\n\n<p><strong>Chilpancingo de los Bravo, Gro., 30 de enero del 2023.<\/strong> La gobernadora Evelyn Salgado Pineda, ratific\u00f3 su apoyo a la educaci\u00f3n en la entidad, mediante la entrega de 143 plazas a docentes y 170 horas, que benefician a 152 maestras y maestros, las cuales fueron asignadas en un evento -en sesi\u00f3n virtual- encabezado por el Secretario de Educaci\u00f3n en Guerrero, Marcial Rodr\u00edguez Salda\u00f1a.<\/p>\n\n\n\n<p>El responsable de la educaci\u00f3n en el Estado, transmiti\u00f3 de parte de la gobernadora Evelyn Salgado, la felicitaci\u00f3n y reconocimiento a las y los nuevos docentes quienes se ganaron su plaza por sus propios m\u00e9ritos, despu\u00e9s de un proceso de di\u00e1logo respetuoso, de participar en la convocatoria para realizar su examen y respetar el orden de prelacion de manera transparente.<\/p>\n\n\n\n<p>Rodr\u00edguez Salda\u00f1a, manifest\u00f3 que en este ciclo escolar se han entregado -en tres etapas- 721 plazas y que todav\u00eda hasta el mes de mayo se entregar\u00e1n las restantes.<\/p>\n\n\n\n<p>Las y los docentes ser\u00e1n enviados a las escuelas que han estado cerradas, a las zonas ind\u00edgenas, rurales y donde haya m\u00e1s necesidades.<\/p>\n\n\n\n<p>En el ciclo escolar siguiente, se continuar\u00e1 con el mismo procedimiento, en el cual han participado representantes de la Comisi\u00f3n Estatal de Defensa de los Derechos Humanos y del Sistema Estatal Anticorrupci\u00f3n.<\/p>\n\n\n\n<p>Estuvieron en el evento, el Secretario General de la Secci\u00f3n 14 del SNTE Mtro. Silvano Palacios Salgado; los Subsecretarios de: Planeaci\u00f3n Educativa, Benjamin Adame Pereyra; de Educaci\u00f3n B\u00e1sica, Ricardo Castillo Pe\u00f1a; de Administraci\u00f3n y Finanzas, Alejandro Moreno Lira; la Secretaria T\u00e9cnica, Luisa Ayala Mondragon; la Directora General de la UESICAMM, Lucila Rangel Santos; el Director de la Unidad de Asuntos Jur\u00eddicos, Roberto Cuevas Bahena; la Contralora Interna, Maricela Mendez Guevara; Directores Generales y parte de la estructura de la SEG.<\/p>\n","protected":false},"excerpt":{"rendered":"<p>&#8212; Se entregaron 143 plazas y 170 horas, por m\u00e9ritos y en proceso transparente Chilpancingo de los Bravo, Gro., 30 de enero del 2023. La gobernadora Evelyn Salgado Pineda, ratific\u00f3&hellip; <\/p>\n","protected":false},"author":19,"featured_media":56735,"comment_status":"open","ping_status":"open","sticky":false,"template":"","format":"standard","meta":{"fifu_image_url":"","fifu_image_alt":"","footnotes":""},"categories":[11],"tags":[],"class_list":["post-56734","post","type-post","status-publish","format-standard","has-post-thumbnail","hentry","category-guerrero"],"_links":{"self":[{"href":"https:\/\/www.interaccionnoticias.com.mx\/index.php?rest_route=\/wp\/v2\/posts\/56734","targetHints":{"allow":["GET"]}}],"collection":[{"href":"https:\/\/www.interaccionnoticias.com.mx\/index.php?rest_route=\/wp\/v2\/posts"}],"about":[{"href":"https:\/\/www.interaccionnoticias.com.mx\/index.php?rest_route=\/wp\/v2\/types\/post"}],"author":[{"embeddable":true,"href":"https:\/\/www.interaccionnoticias.com.mx\/index.php?rest_route=\/wp\/v2\/users\/19"}],"replies":[{"embeddable":true,"href":"https:\/\/www.interaccionnoticias.com.mx\/index.php?rest_route=%2Fwp%2Fv2%2Fcomments&post=56734"}],"version-history":[{"count":1,"href":"https:\/\/www.interaccionnoticias.com.mx\/index.php?rest_route=\/wp\/v2\/posts\/56734\/revisions"}],"predecessor-version":[{"id":56736,"href":"https:\/\/www.interaccionnoticias.com.mx\/index.php?rest_route=\/wp\/v2\/posts\/56734\/revisions\/56736"}],"wp:featuredmedia":[{"embeddable":true,"href":"https:\/\/www.interaccionnoticias.com.mx\/index.php?rest_route=\/wp\/v2\/media\/56735"}],"wp:attachment":[{"href":"https:\/\/www.interaccionnoticias.com.mx\/index.php?rest_route=%2Fwp%2Fv2%2Fmedia&parent=56734"}],"wp:term":[{"taxonomy":"category","embeddable":true,"href":"https:\/\/www.interaccionnoticias.com.mx\/index.php?rest_route=%2Fwp%2Fv2%2Fcategories&post=56734"},{"taxonomy":"post_tag","embeddable":true,"href":"https:\/\/www.interaccionnoticias.com.mx\/index.php?rest_route=%2Fwp%2Fv2%2Ftags&post=56734"}],"curies":[{"name":"wp","href":"https:\/\/api.w.org\/{rel}","templated":true}]}}