{"id":56722,"date":"2023-01-29T21:32:23","date_gmt":"2023-01-30T03:32:23","guid":{"rendered":"https:\/\/interaccionnoticias.com.mx\/?p=56722"},"modified":"2023-01-29T21:37:09","modified_gmt":"2023-01-30T03:37:09","slug":"el-gobierno-de-guerrero-no-esta-del-lado-de-ningun-grupo-criminal","status":"publish","type":"post","link":"https:\/\/www.interaccionnoticias.com.mx\/?p=56722","title":{"rendered":"El Gobierno de Guerrero no est\u00e1 del lado de ning\u00fan grupo criminal"},"content":{"rendered":"\n<p><strong><em>&#8212; La SSP debe explicar qu\u00e9 por qu\u00e9 llev\u00f3 a los tres civiles asesinados en El Parotal, dice el secretario de Gobierno<br>&#8212; No hay conflicto con la comunidad, se\u00f1ala Ludwid Marcial Reynoso N\u00fa\u00f1ez<br>&#8212; Uno de los oficiales ca\u00eddos era capit\u00e1n de la Marina, que estaba al frente de un grupo especial de la Polic\u00eda del Estado<\/em><\/strong><\/p>\n\n\n\n<p><strong>Rogelio Agust\u00edn<\/strong><\/p>\n\n\n\n<p>El secretario general de Gobierno, Ludwid Marcial Reynoso N\u00fa\u00f1ez sostuvo que la Secretar\u00eda de Seguridad P\u00fablica (SSP) debe explicar la raz\u00f3n por la que el mando de la Polic\u00eda del Estado llev\u00f3 a los tres civiles que fueron asesinados en la comunidad de El Parotal, con la certeza de que \u201cEl Gobierno de Guerrero no est\u00e1 del lado de ning\u00fan grupo criminal\u201d.<\/p>\n\n\n\n<p>Reynoso N\u00fa\u00f1ez advirti\u00f3 que en caso de que alg\u00fan elemento de alguna corporaci\u00f3n decide apoyar a un grupo delictivo, \u201centonces tendr\u00e1 que enfrentar las consecuencias\u201d.<\/p>\n\n\n\n<p>V\u00eda telef\u00f3nica, el responsable de la pol\u00edtica interna en la entidad, destac\u00f3 que la postura de la gobernadora Evelyn Salgado Pineda sobre el tema ha sido muy clara.<\/p>\n\n\n\n<p><strong>Capit\u00e1n de la Marina que estaba al frente de un grupo especial, uno de los asesinados<\/strong><\/p>\n\n\n\n<p>Tras encabezar una delegaci\u00f3n de funcionarios que acudi\u00f3 a la comunidad de \u201cEl Parotal\u201d, municipio de Petatl\u00e1n para dialogar con los habitantes y liberar a 32 elementos de la Polic\u00eda del Estado, el responsable de la pol\u00edtica interna habl\u00f3 sobre la informaci\u00f3n que ten\u00eda respecto al problema.<\/p>\n\n\n\n<p>Explic\u00f3 que la jornada del s\u00e1bado se tuvo conocimiento de la retenci\u00f3n de los 32 elementos de la Polic\u00eda del Estado, as\u00ed como de una emboscada en que murieron cinco personas.<\/p>\n\n\n\n<p>Explic\u00f3 que las dos v\u00edctimas mortales de la Secretar\u00eda de Seguridad P\u00fablica (SSP) son un elemento de la Polic\u00eda del Estado y un capit\u00e1n de la Marina, este \u00faltimo \u201cse encontraba al frente de un grupo especial\u201d.<\/p>\n\n\n\n<p>De acuerdo con la informaci\u00f3n que tiene hasta el momento, se sabe que el personal de la polic\u00eda realizaba una investigaci\u00f3n en la zona, a partir de una denuncia de despojo.<\/p>\n\n\n\n<p><strong>SSP debe explicar la presencia de los tres civiles<\/strong><\/p>\n\n\n\n<p>El funcionario fue cuestionado respecto a los tres civiles que murieron durante el ataque armado, que se suscit\u00f3 en un camino que lleva hacia la comunidad de Parotal.<\/p>\n\n\n\n<p>\u201cLo que sabemos por parte de la SSP, es que son denunciantes, que hab\u00edan sido canalizados a la Secretar\u00eda de Seguridad P\u00fablica (SSP) y que aseguraban que hab\u00edan sido victimas de despojo en la zona, que les hab\u00edan quitado algunas propiedades, entre ellas un rancho. Lo que debe aqu\u00ed aclararse, es por qu\u00e9 el mando que estaba al frente determin\u00f3 hacerse acompa\u00f1ar de ellos\u201d.<\/p>\n\n\n\n<p>Indic\u00f3: \u201cEso es algo que la SSP debe decirnos, por qu\u00e9 determin\u00f3 hacerse acompa\u00f1ar de ellos, los pobladores los se\u00f1alan como miembros de un grupo delictivo, pero ellos acudieron como denunciantes, dec\u00edan que eran propietarios de un rancho, lo que estaba haciendo ese grupo era corroborar los hechos en un trabajo de investigaci\u00f3n, ah\u00ed es cuando fueron sorprendidos por un grupo y privados de la vida\u201d.<\/p>\n\n\n\n<p>Se pregunt\u00f3 al secretario de Gobierno respecto a si los civiles muertos vest\u00edan uniformes de la Polic\u00eda del Estado, a lo que responde que no tiene el dato, porque al llegar a la comunidad ya no estaban los cad\u00e1veres.<\/p>\n\n\n\n<p>Neg\u00f3 que se haya registrado un operativo, pues lo que hac\u00edan era un recorrido sobre las propiedades presuntamente despojadas.<\/p>\n\n\n\n<p><strong>Ning\u00fan grupo criminal tiene protecci\u00f3n del Estado<\/strong><\/p>\n\n\n\n<p>Ante los se\u00f1alamientos que se hacen contra los civiles muertos, el secretario de Gobierno considera importante establecer la postura del Gobierno de Guerrero.<\/p>\n\n\n\n<p>\u201cNosotros hemos sido muy claros en que el gobierno del Estado no est\u00e1 a favor de ning\u00fan grupo, ni va a pactar con ning\u00fan grupo de la delincuencia\u201d.<\/p>\n\n\n\n<p>Advierte: \u201cSi dentro de las corporaciones existe alg\u00fan elemento que tome esa determinaci\u00f3n (apoyar a un grupo) pues tendr\u00e1 que afrontar las consecuencias; aqu\u00ed no se hacen pactos con la delincuencia ni vamos a trabajar esa v\u00eda\u201d.<\/p>\n\n\n\n<p>Sostuvo que la obligaci\u00f3n de las autoridades es preservar la tranquilidad y la libertad de la poblaci\u00f3n, por lo que trabajar\u00e1 en esa l\u00ednea.<\/p>\n\n\n\n<p>Respecto a las condiciones en que fueron liberados los 32 elementos de la Polic\u00eda, dijo que pudo observar que estaban tranquilos, aunque todav\u00eda se les tienen que hacer los estudios correspondientes.<\/p>\n\n\n\n<p>Consider\u00f3 un logro que se consiguiera la liberaci\u00f3n de los uniformados y establecer el compromiso de trabajar con la comunidad, con la que aclar\u00f3 que no hay ning\u00fan tipo de conflicto.<\/p>\n\n\n\n<p>Admiti\u00f3 que Parotal es una ruta muy compleja, pues es la misma de la comunidad de El Durazno, donde se han generado hechos de violencia en los \u00faltimos meses.<\/p>\n\n\n\n<p>Se trata de zonas en las que durante muchos a\u00f1os, a varios grupos se les permiti\u00f3 instalarse con un margen muy amplio de libertad, por lo que ahora se debe trabajar en la posibilidad de recuperar el control por parte del Estado.<\/p>\n","protected":false},"excerpt":{"rendered":"<p>&#8212; La SSP debe explicar qu\u00e9 por qu\u00e9 llev\u00f3 a los tres civiles asesinados en El Parotal, dice el secretario de Gobierno&#8212; No hay conflicto con la comunidad, se\u00f1ala Ludwid&hellip; <\/p>\n","protected":false},"author":21,"featured_media":56723,"comment_status":"open","ping_status":"open","sticky":false,"template":"","format":"standard","meta":{"fifu_image_url":"","fifu_image_alt":"","footnotes":""},"categories":[11],"tags":[],"class_list":["post-56722","post","type-post","status-publish","format-standard","has-post-thumbnail","hentry","category-guerrero"],"_links":{"self":[{"href":"https:\/\/www.interaccionnoticias.com.mx\/index.php?rest_route=\/wp\/v2\/posts\/56722","targetHints":{"allow":["GET"]}}],"collection":[{"href":"https:\/\/www.interaccionnoticias.com.mx\/index.php?rest_route=\/wp\/v2\/posts"}],"about":[{"href":"https:\/\/www.interaccionnoticias.com.mx\/index.php?rest_route=\/wp\/v2\/types\/post"}],"author":[{"embeddable":true,"href":"https:\/\/www.interaccionnoticias.com.mx\/index.php?rest_route=\/wp\/v2\/users\/21"}],"replies":[{"embeddable":true,"href":"https:\/\/www.interaccionnoticias.com.mx\/index.php?rest_route=%2Fwp%2Fv2%2Fcomments&post=56722"}],"version-history":[{"count":2,"href":"https:\/\/www.interaccionnoticias.com.mx\/index.php?rest_route=\/wp\/v2\/posts\/56722\/revisions"}],"predecessor-version":[{"id":56725,"href":"https:\/\/www.interaccionnoticias.com.mx\/index.php?rest_route=\/wp\/v2\/posts\/56722\/revisions\/56725"}],"wp:featuredmedia":[{"embeddable":true,"href":"https:\/\/www.interaccionnoticias.com.mx\/index.php?rest_route=\/wp\/v2\/media\/56723"}],"wp:attachment":[{"href":"https:\/\/www.interaccionnoticias.com.mx\/index.php?rest_route=%2Fwp%2Fv2%2Fmedia&parent=56722"}],"wp:term":[{"taxonomy":"category","embeddable":true,"href":"https:\/\/www.interaccionnoticias.com.mx\/index.php?rest_route=%2Fwp%2Fv2%2Fcategories&post=56722"},{"taxonomy":"post_tag","embeddable":true,"href":"https:\/\/www.interaccionnoticias.com.mx\/index.php?rest_route=%2Fwp%2Fv2%2Ftags&post=56722"}],"curies":[{"name":"wp","href":"https:\/\/api.w.org\/{rel}","templated":true}]}}