{"id":56695,"date":"2023-01-29T15:45:51","date_gmt":"2023-01-29T21:45:51","guid":{"rendered":"https:\/\/interaccionnoticias.com.mx\/?p=56695"},"modified":"2023-01-29T15:45:56","modified_gmt":"2023-01-29T21:45:56","slug":"liberan-a-32-hombres-y-mujeres-de-la-policia-estatal","status":"publish","type":"post","link":"https:\/\/www.interaccionnoticias.com.mx\/?p=56695","title":{"rendered":"Liberan a 32 hombres y mujeres de la Polic\u00eda Estatal"},"content":{"rendered":"\n<p><em><strong>&#8212; Estuvieron retenidos 16 horas<br>&#8212; Comandante de la UFE de SSP uno de los dos abatidos<\/strong><\/em><\/p>\n\n\n\n<p><strong>Javier Trujillo<\/strong><\/p>\n\n\n\n<p><strong>Acapulco, Gro. &#8211;<\/strong> Tras permanecer retenidos aproximadamente durante 16 horas, este domingo a las 11:30 horas fueron liberados de la comunidad El Parotal, municipio de Petatl\u00e1n, 32 elementos, entre hombres y mujeres.<\/p>\n\n\n\n<p>Aunque al momento se ignora que motiv\u00f3 la incursi\u00f3n de los 35 agentes policiacos, a las comunidades de la parte baja de la sierra de la Costa Grande del estado.<\/p>\n\n\n\n<p>Cabe mencionar qu\u00e9 seg\u00fan las autoridades ministeriales uno de los muertos es un capit\u00e1n que ten\u00eda tres d\u00edas de haberse incorporado c\u00f3mo mando de la Unidad de Fuerzas Especiales de seguridad p\u00fablica del estado de Guerrero.<\/p>\n\n\n\n<p>De acuerdo con testimonios de efectivos de la Polic\u00eda Estatal acusan que fueron despojados de celulares, dinero y efectos personales.<\/p>\n\n\n\n<p>Al momento de ser liberados hubo mujeres polic\u00edas que iban llorando, tras permanecer retenidas desde la tarde del s\u00e1bado hasta las 11:30 horas la ma\u00f1ana de este domingo en el poblado.<\/p>\n\n\n\n<p>Se revel\u00f3 que uno de los acuerdos con autoridades del gobierno estatal es \u00abmoderar la presencia policiaca, en las poblaciones de la regi\u00f3n de la sierra, y evitar abusos contra los pobladores\u00bb.<\/p>\n\n\n\n<p>Por parte del gobierno del estado, acudi\u00f3 el secretario General de Gobierno, Ludwig Marcial Rodr\u00edguez, el secretario de Seguridad P\u00fablica Estatal, Evelio M\u00e9ndez y el director de Gobernaci\u00f3n, Francisco Rodr\u00edguez a Santa Rosa, municipio de Tecpan de Galeana, y El Parotal municipio de Petatl\u00e1n, para atender a los habitantes.<\/p>\n\n\n\n<p>Las autoridades, dijeron que se est\u00e1 privilegiando el di\u00e1logo con pobladores, comisarios municipales y comisariados ejidales, quienes liberaron a los agentes de la SSP que estaban retenidos, bajo el compromiso de trabajar con respeto a los derechos humanos.<\/p>\n\n\n\n<div class=\"wp-block-jetpack-slideshow aligncenter\" data-effect=\"slide\"><div class=\"wp-block-jetpack-slideshow_container swiper-container\"><ul class=\"wp-block-jetpack-slideshow_swiper-wrapper swiper-wrapper\"><li class=\"wp-block-jetpack-slideshow_slide swiper-slide\"><figure><img decoding=\"async\" src=\"data:image\/gif;base64,R0lGODlhAQABAIAAAAAAAP\/\/\/ywAAAAAAQABAAACAUwAOw==\" fifu-lazy=\"1\" fifu-data-sizes=\"auto\" fifu-data-srcset=\"https:\/\/i2.wp.com\/interaccionnoticias.com.mx\/wp-content\/uploads\/2023\/01\/230129-El-Parotal-1-copia-1024x683.jpg?ssl=1&w=75&resize=75&ssl=1 75w, https:\/\/i2.wp.com\/interaccionnoticias.com.mx\/wp-content\/uploads\/2023\/01\/230129-El-Parotal-1-copia-1024x683.jpg?ssl=1&w=100&resize=100&ssl=1 100w, https:\/\/i2.wp.com\/interaccionnoticias.com.mx\/wp-content\/uploads\/2023\/01\/230129-El-Parotal-1-copia-1024x683.jpg?ssl=1&w=150&resize=150&ssl=1 150w, https:\/\/i2.wp.com\/interaccionnoticias.com.mx\/wp-content\/uploads\/2023\/01\/230129-El-Parotal-1-copia-1024x683.jpg?ssl=1&w=240&resize=240&ssl=1 240w, https:\/\/i2.wp.com\/interaccionnoticias.com.mx\/wp-content\/uploads\/2023\/01\/230129-El-Parotal-1-copia-1024x683.jpg?ssl=1&w=320&resize=320&ssl=1 320w, https:\/\/i2.wp.com\/interaccionnoticias.com.mx\/wp-content\/uploads\/2023\/01\/230129-El-Parotal-1-copia-1024x683.jpg?ssl=1&w=500&resize=500&ssl=1 500w, https:\/\/i2.wp.com\/interaccionnoticias.com.mx\/wp-content\/uploads\/2023\/01\/230129-El-Parotal-1-copia-1024x683.jpg?ssl=1&w=640&resize=640&ssl=1 640w, https:\/\/i2.wp.com\/interaccionnoticias.com.mx\/wp-content\/uploads\/2023\/01\/230129-El-Parotal-1-copia-1024x683.jpg?ssl=1&w=800&resize=800&ssl=1 800w, https:\/\/i2.wp.com\/interaccionnoticias.com.mx\/wp-content\/uploads\/2023\/01\/230129-El-Parotal-1-copia-1024x683.jpg?ssl=1&w=1024&resize=1024&ssl=1 1024w, https:\/\/i2.wp.com\/interaccionnoticias.com.mx\/wp-content\/uploads\/2023\/01\/230129-El-Parotal-1-copia-1024x683.jpg?ssl=1&w=1280&resize=1280&ssl=1 1280w, https:\/\/i2.wp.com\/interaccionnoticias.com.mx\/wp-content\/uploads\/2023\/01\/230129-El-Parotal-1-copia-1024x683.jpg?ssl=1&w=1600&resize=1600&ssl=1 1600w\" alt=\"\" class=\"wp-block-jetpack-slideshow_image wp-image-56698\" data-id=\"56698\" fifu-data-src=\"https:\/\/i2.wp.com\/interaccionnoticias.com.mx\/wp-content\/uploads\/2023\/01\/230129-El-Parotal-1-copia-1024x683.jpg?ssl=1\"\/><\/figure><\/li><li class=\"wp-block-jetpack-slideshow_slide swiper-slide\"><figure><img decoding=\"async\" src=\"data:image\/gif;base64,R0lGODlhAQABAIAAAAAAAP\/\/\/ywAAAAAAQABAAACAUwAOw==\" fifu-lazy=\"1\" fifu-data-sizes=\"auto\" fifu-data-srcset=\"https:\/\/i2.wp.com\/interaccionnoticias.com.mx\/wp-content\/uploads\/2023\/01\/230129-El-Parotal-2-1024x683.jpg?ssl=1&w=75&resize=75&ssl=1 75w, https:\/\/i2.wp.com\/interaccionnoticias.com.mx\/wp-content\/uploads\/2023\/01\/230129-El-Parotal-2-1024x683.jpg?ssl=1&w=100&resize=100&ssl=1 100w, https:\/\/i2.wp.com\/interaccionnoticias.com.mx\/wp-content\/uploads\/2023\/01\/230129-El-Parotal-2-1024x683.jpg?ssl=1&w=150&resize=150&ssl=1 150w, https:\/\/i2.wp.com\/interaccionnoticias.com.mx\/wp-content\/uploads\/2023\/01\/230129-El-Parotal-2-1024x683.jpg?ssl=1&w=240&resize=240&ssl=1 240w, https:\/\/i2.wp.com\/interaccionnoticias.com.mx\/wp-content\/uploads\/2023\/01\/230129-El-Parotal-2-1024x683.jpg?ssl=1&w=320&resize=320&ssl=1 320w, https:\/\/i2.wp.com\/interaccionnoticias.com.mx\/wp-content\/uploads\/2023\/01\/230129-El-Parotal-2-1024x683.jpg?ssl=1&w=500&resize=500&ssl=1 500w, https:\/\/i2.wp.com\/interaccionnoticias.com.mx\/wp-content\/uploads\/2023\/01\/230129-El-Parotal-2-1024x683.jpg?ssl=1&w=640&resize=640&ssl=1 640w, https:\/\/i2.wp.com\/interaccionnoticias.com.mx\/wp-content\/uploads\/2023\/01\/230129-El-Parotal-2-1024x683.jpg?ssl=1&w=800&resize=800&ssl=1 800w, https:\/\/i2.wp.com\/interaccionnoticias.com.mx\/wp-content\/uploads\/2023\/01\/230129-El-Parotal-2-1024x683.jpg?ssl=1&w=1024&resize=1024&ssl=1 1024w, https:\/\/i2.wp.com\/interaccionnoticias.com.mx\/wp-content\/uploads\/2023\/01\/230129-El-Parotal-2-1024x683.jpg?ssl=1&w=1280&resize=1280&ssl=1 1280w, https:\/\/i2.wp.com\/interaccionnoticias.com.mx\/wp-content\/uploads\/2023\/01\/230129-El-Parotal-2-1024x683.jpg?ssl=1&w=1600&resize=1600&ssl=1 1600w\" alt=\"\" class=\"wp-block-jetpack-slideshow_image wp-image-56696\" data-id=\"56696\" fifu-data-src=\"https:\/\/i2.wp.com\/interaccionnoticias.com.mx\/wp-content\/uploads\/2023\/01\/230129-El-Parotal-2-1024x683.jpg?ssl=1\"\/><\/figure><\/li><\/ul><a class=\"wp-block-jetpack-slideshow_button-prev swiper-button-prev swiper-button-white\" role=\"button\"><\/a><a class=\"wp-block-jetpack-slideshow_button-next swiper-button-next swiper-button-white\" role=\"button\"><\/a><a aria-label=\"Pause Slideshow\" class=\"wp-block-jetpack-slideshow_button-pause\" role=\"button\"><\/a><div class=\"wp-block-jetpack-slideshow_pagination swiper-pagination swiper-pagination-white\"><\/div><\/div><\/div>\n","protected":false},"excerpt":{"rendered":"<p>&#8212; Estuvieron retenidos 16 horas&#8212; Comandante de la UFE de SSP uno de los dos abatidos Javier Trujillo Acapulco, Gro. &#8211; Tras permanecer retenidos aproximadamente durante 16 horas, este domingo&hellip; <\/p>\n","protected":false},"author":3,"featured_media":56696,"comment_status":"open","ping_status":"open","sticky":false,"template":"","format":"standard","meta":{"fifu_image_url":"","fifu_image_alt":"","footnotes":""},"categories":[27],"tags":[],"class_list":["post-56695","post","type-post","status-publish","format-standard","has-post-thumbnail","hentry","category-seguridad-publica"],"_links":{"self":[{"href":"https:\/\/www.interaccionnoticias.com.mx\/index.php?rest_route=\/wp\/v2\/posts\/56695","targetHints":{"allow":["GET"]}}],"collection":[{"href":"https:\/\/www.interaccionnoticias.com.mx\/index.php?rest_route=\/wp\/v2\/posts"}],"about":[{"href":"https:\/\/www.interaccionnoticias.com.mx\/index.php?rest_route=\/wp\/v2\/types\/post"}],"author":[{"embeddable":true,"href":"https:\/\/www.interaccionnoticias.com.mx\/index.php?rest_route=\/wp\/v2\/users\/3"}],"replies":[{"embeddable":true,"href":"https:\/\/www.interaccionnoticias.com.mx\/index.php?rest_route=%2Fwp%2Fv2%2Fcomments&post=56695"}],"version-history":[{"count":1,"href":"https:\/\/www.interaccionnoticias.com.mx\/index.php?rest_route=\/wp\/v2\/posts\/56695\/revisions"}],"predecessor-version":[{"id":56699,"href":"https:\/\/www.interaccionnoticias.com.mx\/index.php?rest_route=\/wp\/v2\/posts\/56695\/revisions\/56699"}],"wp:featuredmedia":[{"embeddable":true,"href":"https:\/\/www.interaccionnoticias.com.mx\/index.php?rest_route=\/wp\/v2\/media\/56696"}],"wp:attachment":[{"href":"https:\/\/www.interaccionnoticias.com.mx\/index.php?rest_route=%2Fwp%2Fv2%2Fmedia&parent=56695"}],"wp:term":[{"taxonomy":"category","embeddable":true,"href":"https:\/\/www.interaccionnoticias.com.mx\/index.php?rest_route=%2Fwp%2Fv2%2Fcategories&post=56695"},{"taxonomy":"post_tag","embeddable":true,"href":"https:\/\/www.interaccionnoticias.com.mx\/index.php?rest_route=%2Fwp%2Fv2%2Ftags&post=56695"}],"curies":[{"name":"wp","href":"https:\/\/api.w.org\/{rel}","templated":true}]}}