{"id":56679,"date":"2023-01-29T14:01:49","date_gmt":"2023-01-29T20:01:49","guid":{"rendered":"https:\/\/interaccionnoticias.com.mx\/?p=56679"},"modified":"2023-01-29T14:01:54","modified_gmt":"2023-01-29T20:01:54","slug":"da-positivo-a-covid-19-el-titular-de-la-seg-en-guerrero","status":"publish","type":"post","link":"https:\/\/www.interaccionnoticias.com.mx\/?p=56679","title":{"rendered":"Da positivo a COVID-19, el titular de la SEG en Guerrero"},"content":{"rendered":"\n<p><strong><em>&#8212; Estar\u00e1 en reposo durante una semana, se\u00f1ala el funcionario<\/em><\/strong><\/p>\n\n\n\n<p><strong>Eduardo Yener Santos<\/strong><\/p>\n\n\n\n<p>El titular de la Secretar\u00eda de Educaci\u00f3n Guerrero (SEG), Marcial Rodr\u00edguez Salda\u00f1a inform\u00f3 que dio positivo a Covid-19, raz\u00f3n por la que permanecer\u00e1 en reposo, por disposici\u00f3n m\u00e9dica.<\/p>\n\n\n\n<p>En sus redes sociales, el titular de la SEG dio a conocer lo siguiente:<\/p>\n\n\n\n<p>\u201cEl d\u00eda de hoy por la tarde me realic\u00e9 un examen de COVID-19, cuyo resultado lo recib\u00ed por la tarde noche, saliendo positivo\u201d.<\/p>\n\n\n\n<p>Enseguida se\u00f1ala: \u201cEstar\u00e9 en tratamiento y reposo por recomendacion medica este fin de semana\u201d.<\/p>\n\n\n\n<p>Anticip\u00f3 que el pr\u00f3ximo domingo tendr\u00e1 una nueva revisi\u00f3n m\u00e9dica, para hacer una valoraci\u00f3n de que tanto ha mejorado su situaci\u00f3n.<\/p>\n\n\n\n<p>La publicaci\u00f3n fue posteada la noche del s\u00e1bado 28 de enero en el muro de Facebook del titular de la SEG.<\/p>\n\n\n\n<p>El viernes 27 de enero, el funcionario estuvo en un acto p\u00fablico, en el que acompa\u00f1\u00f3 a la gobernadora Evelyn Salgado en un evento realizado en el municipio de Benito Ju\u00e1rez, donde entregaron uniformes escolares.<\/p>\n\n\n\n<p>En ese evento, el titular de la Secretar\u00eda de Educaci\u00f3n Guerrero se tom\u00f3 una fotograf\u00eda cerca de la gobernadora del estado, sin portar cubrebocas<\/p>\n\n\n\n<p>El diagn\u00f3stico del titular de la SEG, se da a conocer tras umna semana en que el sector educativo seha visto severamente convulsionado, tras una serie de protesta registrada en ciudades como Chilpancingo, Tlapa y el puerto de Acapulco, incluso con bloqueos a la Autopista del Sol.<\/p>\n","protected":false},"excerpt":{"rendered":"<p>&#8212; Estar\u00e1 en reposo durante una semana, se\u00f1ala el funcionario Eduardo Yener Santos El titular de la Secretar\u00eda de Educaci\u00f3n Guerrero (SEG), Marcial Rodr\u00edguez Salda\u00f1a inform\u00f3 que dio positivo a&hellip; <\/p>\n","protected":false},"author":31,"featured_media":56680,"comment_status":"open","ping_status":"open","sticky":false,"template":"","format":"standard","meta":{"fifu_image_url":"","fifu_image_alt":"","footnotes":""},"categories":[3],"tags":[],"class_list":["post-56679","post","type-post","status-publish","format-standard","has-post-thumbnail","hentry","category-covid-19"],"_links":{"self":[{"href":"https:\/\/www.interaccionnoticias.com.mx\/index.php?rest_route=\/wp\/v2\/posts\/56679","targetHints":{"allow":["GET"]}}],"collection":[{"href":"https:\/\/www.interaccionnoticias.com.mx\/index.php?rest_route=\/wp\/v2\/posts"}],"about":[{"href":"https:\/\/www.interaccionnoticias.com.mx\/index.php?rest_route=\/wp\/v2\/types\/post"}],"author":[{"embeddable":true,"href":"https:\/\/www.interaccionnoticias.com.mx\/index.php?rest_route=\/wp\/v2\/users\/31"}],"replies":[{"embeddable":true,"href":"https:\/\/www.interaccionnoticias.com.mx\/index.php?rest_route=%2Fwp%2Fv2%2Fcomments&post=56679"}],"version-history":[{"count":1,"href":"https:\/\/www.interaccionnoticias.com.mx\/index.php?rest_route=\/wp\/v2\/posts\/56679\/revisions"}],"predecessor-version":[{"id":56681,"href":"https:\/\/www.interaccionnoticias.com.mx\/index.php?rest_route=\/wp\/v2\/posts\/56679\/revisions\/56681"}],"wp:featuredmedia":[{"embeddable":true,"href":"https:\/\/www.interaccionnoticias.com.mx\/index.php?rest_route=\/wp\/v2\/media\/56680"}],"wp:attachment":[{"href":"https:\/\/www.interaccionnoticias.com.mx\/index.php?rest_route=%2Fwp%2Fv2%2Fmedia&parent=56679"}],"wp:term":[{"taxonomy":"category","embeddable":true,"href":"https:\/\/www.interaccionnoticias.com.mx\/index.php?rest_route=%2Fwp%2Fv2%2Fcategories&post=56679"},{"taxonomy":"post_tag","embeddable":true,"href":"https:\/\/www.interaccionnoticias.com.mx\/index.php?rest_route=%2Fwp%2Fv2%2Ftags&post=56679"}],"curies":[{"name":"wp","href":"https:\/\/api.w.org\/{rel}","templated":true}]}}