{"id":56675,"date":"2023-01-29T09:34:03","date_gmt":"2023-01-29T15:34:03","guid":{"rendered":"https:\/\/interaccionnoticias.com.mx\/?p=56675"},"modified":"2023-01-29T09:34:09","modified_gmt":"2023-01-29T15:34:09","slug":"cinco-muertos-en-el-parotal-petatlan-guerrero","status":"publish","type":"post","link":"https:\/\/www.interaccionnoticias.com.mx\/?p=56675","title":{"rendered":"Cinco muertos en El Parotal, Petatl\u00e1n, Guerrero"},"content":{"rendered":"\n<p><strong><em>&#8212; Dos son polic\u00edas estatales y tres civiles<br>&#8212; Desde ayer est\u00e1n retenidos 32 uniformados<\/em><\/strong><\/p>\n\n\n\n<p><strong>Javier Trujillo<\/strong><\/p>\n\n\n\n<p><strong>Acapulco, Gro.-<\/strong> Una irrupci\u00f3n de la Polic\u00eda Estatal en la comunidad El Parotal, municipio de Petatlan, Guerrero, dej\u00f3 como saldo cinco muertos, tras un violento enfrentamiento, y la retenci\u00f3n de 32 uniformados.<\/p>\n\n\n\n<p>Las v\u00edctimas son dos efectivos de la Secretaria de Seguridad P\u00fablica del Estado, entre ellos un comandante, y tres civiles, todos los muertos est\u00e1n dentro de una camioneta de la SSP en esa localidad.<\/p>\n\n\n\n<p>Ademas, 32 polic\u00edas estatales que est\u00e1n retenidos, con cinco camionetas por los enardecidos pobladores que acusan a los efectivos y presuntos delincuentes de ingresar a las domicilios para saquearlas y cometer m\u00faltiples abusos.<\/p>\n\n\n\n<p>La fiscal\u00eda general del Estado, confirm\u00f3 la muerte de cinco personas, dos polic\u00edas y tres civiles en la comunidad de El Parotal, regi\u00f3n de la Costa Grande de Guerrero.<\/p>\n\n\n\n<p>El conflicto inicio poco despu\u00e9s de las 18 horas del s\u00e1bado, cuando agentes de la polic\u00eda llevaban a tres personas detenidas, y el mando policiaco fue atacado a balazos, con el saldo descrito y la retenci\u00f3n de 32 polic\u00edas estatales.<\/p>\n\n\n\n<p>Hasta el lugar, fueron desplazados agentes de la FGE de las coordinaciones de T\u00e9cpan de Galeana, Atoyac de \u00c1lvarez y Zihuatanejo, quienes se trasladaron a la comunidad de Santa Rosa, municipio de T\u00e9cpan de Galeana.<\/p>\n\n\n\n<p>Al llegar encontraron el acceso bloqueado con veh\u00edculos y medio centenar de personas, quienes dijeron que bloqueaban por los abusos cometidos por las autoridades policiales.<\/p>\n\n\n\n<p>Los pobladores acusaron que los elementos de la SSP, actuaron de manera arbitraria y violentando sus derechos humanos, que ingresaron a sus domicilios sin orden de cateo, golpeando a los pobladores, sin importar que hab\u00eda menores de edad entre los presentes.<\/p>\n\n\n\n<p>Se inform\u00f3 que a las 21:00 horas en la localidad de El Parotal se pudo observar una multitud de aproximadamente 100 personas que estaban enardecidos.<\/p>\n\n\n\n<p>Al tiempo que se pudo observar que hab\u00eda cinco patrullas de la Polic\u00eda Estatal, y los pobladores dijeron que al interior de una patrulla de la SSP, estaban los cuerpos sin vida de dos de los Polic\u00edas Estatales y tres civiles, c\u00f3mo resultado del enfrentamiento entre la Polic\u00eda Estatal y civiles armados.<br><\/p>\n\n\n\n<div class=\"wp-block-jetpack-slideshow aligncenter\" data-effect=\"slide\"><div class=\"wp-block-jetpack-slideshow_container swiper-container\"><ul class=\"wp-block-jetpack-slideshow_swiper-wrapper swiper-wrapper\"><li class=\"wp-block-jetpack-slideshow_slide swiper-slide\"><figure><img decoding=\"async\" src=\"data:image\/gif;base64,R0lGODlhAQABAIAAAAAAAP\/\/\/ywAAAAAAQABAAACAUwAOw==\" fifu-lazy=\"1\" fifu-data-sizes=\"auto\" fifu-data-srcset=\"https:\/\/i2.wp.com\/interaccionnoticias.com.mx\/wp-content\/uploads\/2023\/01\/230129-El-Parotal-Petatlan-1-1024x683.jpg?ssl=1&w=75&resize=75&ssl=1 75w, https:\/\/i2.wp.com\/interaccionnoticias.com.mx\/wp-content\/uploads\/2023\/01\/230129-El-Parotal-Petatlan-1-1024x683.jpg?ssl=1&w=100&resize=100&ssl=1 100w, https:\/\/i2.wp.com\/interaccionnoticias.com.mx\/wp-content\/uploads\/2023\/01\/230129-El-Parotal-Petatlan-1-1024x683.jpg?ssl=1&w=150&resize=150&ssl=1 150w, https:\/\/i2.wp.com\/interaccionnoticias.com.mx\/wp-content\/uploads\/2023\/01\/230129-El-Parotal-Petatlan-1-1024x683.jpg?ssl=1&w=240&resize=240&ssl=1 240w, https:\/\/i2.wp.com\/interaccionnoticias.com.mx\/wp-content\/uploads\/2023\/01\/230129-El-Parotal-Petatlan-1-1024x683.jpg?ssl=1&w=320&resize=320&ssl=1 320w, https:\/\/i2.wp.com\/interaccionnoticias.com.mx\/wp-content\/uploads\/2023\/01\/230129-El-Parotal-Petatlan-1-1024x683.jpg?ssl=1&w=500&resize=500&ssl=1 500w, https:\/\/i2.wp.com\/interaccionnoticias.com.mx\/wp-content\/uploads\/2023\/01\/230129-El-Parotal-Petatlan-1-1024x683.jpg?ssl=1&w=640&resize=640&ssl=1 640w, https:\/\/i2.wp.com\/interaccionnoticias.com.mx\/wp-content\/uploads\/2023\/01\/230129-El-Parotal-Petatlan-1-1024x683.jpg?ssl=1&w=800&resize=800&ssl=1 800w, https:\/\/i2.wp.com\/interaccionnoticias.com.mx\/wp-content\/uploads\/2023\/01\/230129-El-Parotal-Petatlan-1-1024x683.jpg?ssl=1&w=1024&resize=1024&ssl=1 1024w, https:\/\/i2.wp.com\/interaccionnoticias.com.mx\/wp-content\/uploads\/2023\/01\/230129-El-Parotal-Petatlan-1-1024x683.jpg?ssl=1&w=1280&resize=1280&ssl=1 1280w, https:\/\/i2.wp.com\/interaccionnoticias.com.mx\/wp-content\/uploads\/2023\/01\/230129-El-Parotal-Petatlan-1-1024x683.jpg?ssl=1&w=1600&resize=1600&ssl=1 1600w\" alt=\"\" class=\"wp-block-jetpack-slideshow_image wp-image-56677\" data-id=\"56677\" fifu-data-src=\"https:\/\/i2.wp.com\/interaccionnoticias.com.mx\/wp-content\/uploads\/2023\/01\/230129-El-Parotal-Petatlan-1-1024x683.jpg?ssl=1\"\/><\/figure><\/li><li class=\"wp-block-jetpack-slideshow_slide swiper-slide\"><figure><img decoding=\"async\" src=\"data:image\/gif;base64,R0lGODlhAQABAIAAAAAAAP\/\/\/ywAAAAAAQABAAACAUwAOw==\" fifu-lazy=\"1\" fifu-data-sizes=\"auto\" fifu-data-srcset=\"https:\/\/i1.wp.com\/interaccionnoticias.com.mx\/wp-content\/uploads\/2023\/01\/230129-El-Parotal-Petatlan-1024x683.jpg?ssl=1&w=75&resize=75&ssl=1 75w, https:\/\/i1.wp.com\/interaccionnoticias.com.mx\/wp-content\/uploads\/2023\/01\/230129-El-Parotal-Petatlan-1024x683.jpg?ssl=1&w=100&resize=100&ssl=1 100w, https:\/\/i1.wp.com\/interaccionnoticias.com.mx\/wp-content\/uploads\/2023\/01\/230129-El-Parotal-Petatlan-1024x683.jpg?ssl=1&w=150&resize=150&ssl=1 150w, https:\/\/i1.wp.com\/interaccionnoticias.com.mx\/wp-content\/uploads\/2023\/01\/230129-El-Parotal-Petatlan-1024x683.jpg?ssl=1&w=240&resize=240&ssl=1 240w, https:\/\/i1.wp.com\/interaccionnoticias.com.mx\/wp-content\/uploads\/2023\/01\/230129-El-Parotal-Petatlan-1024x683.jpg?ssl=1&w=320&resize=320&ssl=1 320w, https:\/\/i1.wp.com\/interaccionnoticias.com.mx\/wp-content\/uploads\/2023\/01\/230129-El-Parotal-Petatlan-1024x683.jpg?ssl=1&w=500&resize=500&ssl=1 500w, https:\/\/i1.wp.com\/interaccionnoticias.com.mx\/wp-content\/uploads\/2023\/01\/230129-El-Parotal-Petatlan-1024x683.jpg?ssl=1&w=640&resize=640&ssl=1 640w, https:\/\/i1.wp.com\/interaccionnoticias.com.mx\/wp-content\/uploads\/2023\/01\/230129-El-Parotal-Petatlan-1024x683.jpg?ssl=1&w=800&resize=800&ssl=1 800w, https:\/\/i1.wp.com\/interaccionnoticias.com.mx\/wp-content\/uploads\/2023\/01\/230129-El-Parotal-Petatlan-1024x683.jpg?ssl=1&w=1024&resize=1024&ssl=1 1024w, https:\/\/i1.wp.com\/interaccionnoticias.com.mx\/wp-content\/uploads\/2023\/01\/230129-El-Parotal-Petatlan-1024x683.jpg?ssl=1&w=1280&resize=1280&ssl=1 1280w, https:\/\/i1.wp.com\/interaccionnoticias.com.mx\/wp-content\/uploads\/2023\/01\/230129-El-Parotal-Petatlan-1024x683.jpg?ssl=1&w=1600&resize=1600&ssl=1 1600w\" alt=\"\" class=\"wp-block-jetpack-slideshow_image wp-image-56676\" data-id=\"56676\" fifu-data-src=\"https:\/\/i1.wp.com\/interaccionnoticias.com.mx\/wp-content\/uploads\/2023\/01\/230129-El-Parotal-Petatlan-1024x683.jpg?ssl=1\"\/><\/figure><\/li><\/ul><a class=\"wp-block-jetpack-slideshow_button-prev swiper-button-prev swiper-button-white\" role=\"button\"><\/a><a class=\"wp-block-jetpack-slideshow_button-next swiper-button-next swiper-button-white\" role=\"button\"><\/a><a aria-label=\"Pause Slideshow\" class=\"wp-block-jetpack-slideshow_button-pause\" role=\"button\"><\/a><div class=\"wp-block-jetpack-slideshow_pagination swiper-pagination swiper-pagination-white\"><\/div><\/div><\/div>\n\n\n\n<p><\/p>\n","protected":false},"excerpt":{"rendered":"<p>&#8212; Dos son polic\u00edas estatales y tres civiles&#8212; Desde ayer est\u00e1n retenidos 32 uniformados Javier Trujillo Acapulco, Gro.- Una irrupci\u00f3n de la Polic\u00eda Estatal en la comunidad El Parotal, municipio&hellip; <\/p>\n","protected":false},"author":3,"featured_media":56676,"comment_status":"open","ping_status":"open","sticky":false,"template":"","format":"standard","meta":{"fifu_image_url":"","fifu_image_alt":"","footnotes":""},"categories":[27],"tags":[],"class_list":["post-56675","post","type-post","status-publish","format-standard","has-post-thumbnail","hentry","category-seguridad-publica"],"_links":{"self":[{"href":"https:\/\/www.interaccionnoticias.com.mx\/index.php?rest_route=\/wp\/v2\/posts\/56675","targetHints":{"allow":["GET"]}}],"collection":[{"href":"https:\/\/www.interaccionnoticias.com.mx\/index.php?rest_route=\/wp\/v2\/posts"}],"about":[{"href":"https:\/\/www.interaccionnoticias.com.mx\/index.php?rest_route=\/wp\/v2\/types\/post"}],"author":[{"embeddable":true,"href":"https:\/\/www.interaccionnoticias.com.mx\/index.php?rest_route=\/wp\/v2\/users\/3"}],"replies":[{"embeddable":true,"href":"https:\/\/www.interaccionnoticias.com.mx\/index.php?rest_route=%2Fwp%2Fv2%2Fcomments&post=56675"}],"version-history":[{"count":1,"href":"https:\/\/www.interaccionnoticias.com.mx\/index.php?rest_route=\/wp\/v2\/posts\/56675\/revisions"}],"predecessor-version":[{"id":56678,"href":"https:\/\/www.interaccionnoticias.com.mx\/index.php?rest_route=\/wp\/v2\/posts\/56675\/revisions\/56678"}],"wp:featuredmedia":[{"embeddable":true,"href":"https:\/\/www.interaccionnoticias.com.mx\/index.php?rest_route=\/wp\/v2\/media\/56676"}],"wp:attachment":[{"href":"https:\/\/www.interaccionnoticias.com.mx\/index.php?rest_route=%2Fwp%2Fv2%2Fmedia&parent=56675"}],"wp:term":[{"taxonomy":"category","embeddable":true,"href":"https:\/\/www.interaccionnoticias.com.mx\/index.php?rest_route=%2Fwp%2Fv2%2Fcategories&post=56675"},{"taxonomy":"post_tag","embeddable":true,"href":"https:\/\/www.interaccionnoticias.com.mx\/index.php?rest_route=%2Fwp%2Fv2%2Ftags&post=56675"}],"curies":[{"name":"wp","href":"https:\/\/api.w.org\/{rel}","templated":true}]}}