{"id":56637,"date":"2023-01-27T16:23:50","date_gmt":"2023-01-27T22:23:50","guid":{"rendered":"https:\/\/interaccionnoticias.com.mx\/?p=56637"},"modified":"2023-01-27T16:23:55","modified_gmt":"2023-01-27T22:23:55","slug":"entregan-gobierno-federal-y-estatal-a-cafeticultores-de-la-montana-987-paquetes-de-tanques-al-vacio","status":"publish","type":"post","link":"https:\/\/www.interaccionnoticias.com.mx\/?p=56637","title":{"rendered":"Entregan gobierno federal y estatal a cafeticultores de la Monta\u00f1a 987 paquetes de tanques al vac\u00edo"},"content":{"rendered":"\n<p><strong><em>&#8212; Destacan productores que por primera vez se consolid\u00f3 la compra del caf\u00e9 a un precio justo<br>&#8212; Se beneficiaron las comunidades de Tierra Colorada, Paraje Montero, Tilapa y Colombia de Guadalupe<\/em><\/strong><\/p>\n\n\n\n<p>Tierra Colorada de los Bravo, Mpio., de Malinaltepec, Gro., 27 de enero de 2023.- Para mejorar la calidad del caf\u00e9 que se produce en la regi\u00f3n de la Monta\u00f1a, el secretario de Agricultura, Ganader\u00eda, Pesca y Desarrollo Rural, Alejandro Zepeda Castorena, y el director general de Fomento a la Agricultura federal, Santiago Arg\u00fcello Campos, entregaron 987 paquetes de tanques al vac\u00edo a cafeticultores de la monta\u00f1a guerrerense.<\/p>\n\n\n\n<p>En el evento, los funcionarios destacaron que se consolida el proyecto estrat\u00e9gico Fortalecimiento a la Calidad del Caf\u00e9 mexicano y Promoci\u00f3n Comercial, con el concepto de apoyo establecimiento de m\u00f3dulos de maceraci\u00f3n carb\u00f3nica y secado en camas africanas.<\/p>\n\n\n\n<p>Santiago Arg\u00fcello, coment\u00f3 \u201cque este proyecto se ha trabajado a lo largo de un a\u00f1o, donde se logra un precio justo por el caf\u00e9 de su zona, beneficiando as\u00ed a los productores\u201d, adem\u00e1s de trabajar en la l\u00ednea del caf\u00e9 de especialidad, para poder brindarles oportunidad de entrar a otros mercados, con un precio con mayor estabilidad y menos volatilidad, por eso hoy se entregan 987 paquetes de tanques al vac\u00edo con los cuales se podr\u00e1 fermentar el caf\u00e9, para as\u00ed mejorar la calidad, beneficiando en esta primera etapa, a productores de Tierra Colorada, Paraje Montero, Tilapa y Colombia de Guadalupe.<\/p>\n\n\n\n<p>Zepeda Castorena reiter\u00f3 la disposici\u00f3n del gobierno del estado de apoyar a los cafeticultores de la zona, y mencion\u00f3 el cultivo del caf\u00e9 es de suma importancia para la entidad, \u201cEs un cultivo que tiene historia, cultura, adem\u00e1s de los servicios ambientales que produce esta siembra y que ha sido fuente de ingreso de muchos guerrerenses\u201d.<\/p>\n\n\n\n<p>Por eso, dijo, la importancia de apostarle al caf\u00e9, y agradeci\u00f3 a la federaci\u00f3n las inversiones que aumentan su calidad, logrando precios m\u00e1s justos para un producto que se encuentra entre los quintos y sextos lugares en la producci\u00f3n nacional.<\/p>\n\n\n\n<p>Destac\u00f3 que el inter\u00e9s de la gobernadora Evelyn Salgado \u00abes dar tiros de precisi\u00f3n con nuestros recursos, para que tengamos impacto en la econom\u00eda de los productores, de las familias de los cafeticultores. As\u00ed como hacer sinergia con el gobierno federal en temas estrat\u00e9gicos y puntuales, tales como: La capacitaci\u00f3n y seguimiento a trav\u00e9s de nuestra Secretar\u00eda, con t\u00e9cnicos de la regi\u00f3n\u00bb.<\/p>\n\n\n\n<p>\u00abGeneremos esa ruta y que pr\u00f3ximamente estemos hablando de ir integrando a estos proyectos estrat\u00e9gicos a otras regiones cafetaleras del estado\u201d.<\/p>\n\n\n\n<p>Felicito a todos los productores por su esfuerzo y por la llegada de paquetes que les ayudar\u00e1n a elevar la calidad de su caf\u00e9, \u201cseguramente nos veremos pronto, para ver el tema de la miel, producto que tambi\u00e9n tienen ustedes en su zona\u00bb.<\/p>\n\n\n\n<p>En su mensaje Juan Castro Castro, presidente del comisariado de los Bienes Comunales de la zona, resalt\u00f3 que este es un d\u00eda hist\u00f3rico, porque se consolid\u00f3 la compra a un precio justo del caf\u00e9 y agradeci\u00f3 la entrega de los apoyos que ayudar\u00e1n a mejorar la calidad del producto que elaboran.<\/p>\n\n\n\n<p>En su intervenci\u00f3n, Mariano Herrera Garc\u00eda, titular de SADER en Guerrero, resalt\u00f3 la importancia del caf\u00e9 de esta zona, \u201cvarias regiones del estado producen caf\u00e9, pero tambi\u00e9n aqu\u00ed en la regi\u00f3n de la Monta\u00f1a, se produce un caf\u00e9 de calidad, la regi\u00f3n cuenta con una superficie de 8, 677 hect\u00e1reas sembradas, de las cuales, a Malinaltepec le pertenece el 50% de esa superficie, de aqu\u00ed la importancia del apoyo que se tiene que dar, de la visi\u00f3n que se tiene que tener para estas \u00e1reas\u00bb.<\/p>\n\n\n\n<p>Asistieron Nayeli Eneyda Mart\u00ednez Hern\u00e1ndez, subdirectora de pol\u00edticas p\u00fablicas de Fomento a Sistemas Sustentables y encargada de la Estrategia Nacional de Acompa\u00f1amiento T\u00e9cnico del Caf\u00e9; Anuario Luis Herrera Sol\u00eds, titular de AMECAFE; Raymundo Mart\u00ednez Jim\u00e9nez, comisario municipal del Cocoyul; Marcelino Bravo Ju\u00e1rez, comisario municipal de Tierra Colorada; Rub\u00e9n Estrada Gonz\u00e1lez, comisario municipal de Rancho Viejo, Acacio Flores Ballena, presidente municipal de Malinaltepec; Osvaldo Ortega Vel\u00e1zquez, director general de la Empresa ECC; Adalid P\u00e9rez Galeana, subsecretario de Agricultura e Infraestructura Rural, y Salvador Mojica Morga, director de Ganader\u00eda y Pesca en SAGADEGRO.<\/p>\n\n\n\n<div class=\"wp-block-jetpack-slideshow aligncenter\" data-effect=\"slide\"><div class=\"wp-block-jetpack-slideshow_container swiper-container\"><ul class=\"wp-block-jetpack-slideshow_swiper-wrapper swiper-wrapper\"><li class=\"wp-block-jetpack-slideshow_slide swiper-slide\"><figure><img decoding=\"async\" src=\"data:image\/gif;base64,R0lGODlhAQABAIAAAAAAAP\/\/\/ywAAAAAAQABAAACAUwAOw==\" fifu-lazy=\"1\" fifu-data-sizes=\"auto\" fifu-data-srcset=\"https:\/\/i2.wp.com\/interaccionnoticias.com.mx\/wp-content\/uploads\/2023\/01\/230127-Sagadegro-1-1024x683.jpg?ssl=1&w=75&resize=75&ssl=1 75w, https:\/\/i2.wp.com\/interaccionnoticias.com.mx\/wp-content\/uploads\/2023\/01\/230127-Sagadegro-1-1024x683.jpg?ssl=1&w=100&resize=100&ssl=1 100w, https:\/\/i2.wp.com\/interaccionnoticias.com.mx\/wp-content\/uploads\/2023\/01\/230127-Sagadegro-1-1024x683.jpg?ssl=1&w=150&resize=150&ssl=1 150w, https:\/\/i2.wp.com\/interaccionnoticias.com.mx\/wp-content\/uploads\/2023\/01\/230127-Sagadegro-1-1024x683.jpg?ssl=1&w=240&resize=240&ssl=1 240w, https:\/\/i2.wp.com\/interaccionnoticias.com.mx\/wp-content\/uploads\/2023\/01\/230127-Sagadegro-1-1024x683.jpg?ssl=1&w=320&resize=320&ssl=1 320w, https:\/\/i2.wp.com\/interaccionnoticias.com.mx\/wp-content\/uploads\/2023\/01\/230127-Sagadegro-1-1024x683.jpg?ssl=1&w=500&resize=500&ssl=1 500w, https:\/\/i2.wp.com\/interaccionnoticias.com.mx\/wp-content\/uploads\/2023\/01\/230127-Sagadegro-1-1024x683.jpg?ssl=1&w=640&resize=640&ssl=1 640w, https:\/\/i2.wp.com\/interaccionnoticias.com.mx\/wp-content\/uploads\/2023\/01\/230127-Sagadegro-1-1024x683.jpg?ssl=1&w=800&resize=800&ssl=1 800w, https:\/\/i2.wp.com\/interaccionnoticias.com.mx\/wp-content\/uploads\/2023\/01\/230127-Sagadegro-1-1024x683.jpg?ssl=1&w=1024&resize=1024&ssl=1 1024w, https:\/\/i2.wp.com\/interaccionnoticias.com.mx\/wp-content\/uploads\/2023\/01\/230127-Sagadegro-1-1024x683.jpg?ssl=1&w=1280&resize=1280&ssl=1 1280w, https:\/\/i2.wp.com\/interaccionnoticias.com.mx\/wp-content\/uploads\/2023\/01\/230127-Sagadegro-1-1024x683.jpg?ssl=1&w=1600&resize=1600&ssl=1 1600w\" alt=\"\" class=\"wp-block-jetpack-slideshow_image wp-image-56638\" data-id=\"56638\" fifu-data-src=\"https:\/\/i2.wp.com\/interaccionnoticias.com.mx\/wp-content\/uploads\/2023\/01\/230127-Sagadegro-1-1024x683.jpg?ssl=1\"\/><\/figure><\/li><li class=\"wp-block-jetpack-slideshow_slide swiper-slide\"><figure><img decoding=\"async\" src=\"data:image\/gif;base64,R0lGODlhAQABAIAAAAAAAP\/\/\/ywAAAAAAQABAAACAUwAOw==\" fifu-lazy=\"1\" fifu-data-sizes=\"auto\" fifu-data-srcset=\"https:\/\/i1.wp.com\/interaccionnoticias.com.mx\/wp-content\/uploads\/2023\/01\/230127-Sagadegro-2-1024x683.jpg?ssl=1&w=75&resize=75&ssl=1 75w, https:\/\/i1.wp.com\/interaccionnoticias.com.mx\/wp-content\/uploads\/2023\/01\/230127-Sagadegro-2-1024x683.jpg?ssl=1&w=100&resize=100&ssl=1 100w, https:\/\/i1.wp.com\/interaccionnoticias.com.mx\/wp-content\/uploads\/2023\/01\/230127-Sagadegro-2-1024x683.jpg?ssl=1&w=150&resize=150&ssl=1 150w, https:\/\/i1.wp.com\/interaccionnoticias.com.mx\/wp-content\/uploads\/2023\/01\/230127-Sagadegro-2-1024x683.jpg?ssl=1&w=240&resize=240&ssl=1 240w, https:\/\/i1.wp.com\/interaccionnoticias.com.mx\/wp-content\/uploads\/2023\/01\/230127-Sagadegro-2-1024x683.jpg?ssl=1&w=320&resize=320&ssl=1 320w, https:\/\/i1.wp.com\/interaccionnoticias.com.mx\/wp-content\/uploads\/2023\/01\/230127-Sagadegro-2-1024x683.jpg?ssl=1&w=500&resize=500&ssl=1 500w, https:\/\/i1.wp.com\/interaccionnoticias.com.mx\/wp-content\/uploads\/2023\/01\/230127-Sagadegro-2-1024x683.jpg?ssl=1&w=640&resize=640&ssl=1 640w, https:\/\/i1.wp.com\/interaccionnoticias.com.mx\/wp-content\/uploads\/2023\/01\/230127-Sagadegro-2-1024x683.jpg?ssl=1&w=800&resize=800&ssl=1 800w, https:\/\/i1.wp.com\/interaccionnoticias.com.mx\/wp-content\/uploads\/2023\/01\/230127-Sagadegro-2-1024x683.jpg?ssl=1&w=1024&resize=1024&ssl=1 1024w, https:\/\/i1.wp.com\/interaccionnoticias.com.mx\/wp-content\/uploads\/2023\/01\/230127-Sagadegro-2-1024x683.jpg?ssl=1&w=1280&resize=1280&ssl=1 1280w, https:\/\/i1.wp.com\/interaccionnoticias.com.mx\/wp-content\/uploads\/2023\/01\/230127-Sagadegro-2-1024x683.jpg?ssl=1&w=1600&resize=1600&ssl=1 1600w\" alt=\"\" class=\"wp-block-jetpack-slideshow_image wp-image-56639\" data-id=\"56639\" fifu-data-src=\"https:\/\/i1.wp.com\/interaccionnoticias.com.mx\/wp-content\/uploads\/2023\/01\/230127-Sagadegro-2-1024x683.jpg?ssl=1\"\/><\/figure><\/li><li class=\"wp-block-jetpack-slideshow_slide swiper-slide\"><figure><img decoding=\"async\" src=\"data:image\/gif;base64,R0lGODlhAQABAIAAAAAAAP\/\/\/ywAAAAAAQABAAACAUwAOw==\" fifu-lazy=\"1\" fifu-data-sizes=\"auto\" fifu-data-srcset=\"https:\/\/i3.wp.com\/interaccionnoticias.com.mx\/wp-content\/uploads\/2023\/01\/230127-Sagadegro-3-1024x683.jpg?ssl=1&w=75&resize=75&ssl=1 75w, https:\/\/i3.wp.com\/interaccionnoticias.com.mx\/wp-content\/uploads\/2023\/01\/230127-Sagadegro-3-1024x683.jpg?ssl=1&w=100&resize=100&ssl=1 100w, https:\/\/i3.wp.com\/interaccionnoticias.com.mx\/wp-content\/uploads\/2023\/01\/230127-Sagadegro-3-1024x683.jpg?ssl=1&w=150&resize=150&ssl=1 150w, https:\/\/i3.wp.com\/interaccionnoticias.com.mx\/wp-content\/uploads\/2023\/01\/230127-Sagadegro-3-1024x683.jpg?ssl=1&w=240&resize=240&ssl=1 240w, https:\/\/i3.wp.com\/interaccionnoticias.com.mx\/wp-content\/uploads\/2023\/01\/230127-Sagadegro-3-1024x683.jpg?ssl=1&w=320&resize=320&ssl=1 320w, https:\/\/i3.wp.com\/interaccionnoticias.com.mx\/wp-content\/uploads\/2023\/01\/230127-Sagadegro-3-1024x683.jpg?ssl=1&w=500&resize=500&ssl=1 500w, https:\/\/i3.wp.com\/interaccionnoticias.com.mx\/wp-content\/uploads\/2023\/01\/230127-Sagadegro-3-1024x683.jpg?ssl=1&w=640&resize=640&ssl=1 640w, https:\/\/i3.wp.com\/interaccionnoticias.com.mx\/wp-content\/uploads\/2023\/01\/230127-Sagadegro-3-1024x683.jpg?ssl=1&w=800&resize=800&ssl=1 800w, https:\/\/i3.wp.com\/interaccionnoticias.com.mx\/wp-content\/uploads\/2023\/01\/230127-Sagadegro-3-1024x683.jpg?ssl=1&w=1024&resize=1024&ssl=1 1024w, https:\/\/i3.wp.com\/interaccionnoticias.com.mx\/wp-content\/uploads\/2023\/01\/230127-Sagadegro-3-1024x683.jpg?ssl=1&w=1280&resize=1280&ssl=1 1280w, https:\/\/i3.wp.com\/interaccionnoticias.com.mx\/wp-content\/uploads\/2023\/01\/230127-Sagadegro-3-1024x683.jpg?ssl=1&w=1600&resize=1600&ssl=1 1600w\" alt=\"\" class=\"wp-block-jetpack-slideshow_image wp-image-56640\" data-id=\"56640\" fifu-data-src=\"https:\/\/i3.wp.com\/interaccionnoticias.com.mx\/wp-content\/uploads\/2023\/01\/230127-Sagadegro-3-1024x683.jpg?ssl=1\"\/><\/figure><\/li><\/ul><a class=\"wp-block-jetpack-slideshow_button-prev swiper-button-prev swiper-button-white\" role=\"button\"><\/a><a class=\"wp-block-jetpack-slideshow_button-next swiper-button-next swiper-button-white\" role=\"button\"><\/a><a aria-label=\"Pause Slideshow\" class=\"wp-block-jetpack-slideshow_button-pause\" role=\"button\"><\/a><div class=\"wp-block-jetpack-slideshow_pagination swiper-pagination swiper-pagination-white\"><\/div><\/div><\/div>\n","protected":false},"excerpt":{"rendered":"<p>&#8212; Destacan productores que por primera vez se consolid\u00f3 la compra del caf\u00e9 a un precio justo&#8212; Se beneficiaron las comunidades de Tierra Colorada, Paraje Montero, Tilapa y Colombia de&hellip; <\/p>\n","protected":false},"author":19,"featured_media":56638,"comment_status":"open","ping_status":"open","sticky":false,"template":"","format":"standard","meta":{"fifu_image_url":"","fifu_image_alt":"","footnotes":""},"categories":[11],"tags":[],"class_list":["post-56637","post","type-post","status-publish","format-standard","has-post-thumbnail","hentry","category-guerrero"],"_links":{"self":[{"href":"https:\/\/www.interaccionnoticias.com.mx\/index.php?rest_route=\/wp\/v2\/posts\/56637","targetHints":{"allow":["GET"]}}],"collection":[{"href":"https:\/\/www.interaccionnoticias.com.mx\/index.php?rest_route=\/wp\/v2\/posts"}],"about":[{"href":"https:\/\/www.interaccionnoticias.com.mx\/index.php?rest_route=\/wp\/v2\/types\/post"}],"author":[{"embeddable":true,"href":"https:\/\/www.interaccionnoticias.com.mx\/index.php?rest_route=\/wp\/v2\/users\/19"}],"replies":[{"embeddable":true,"href":"https:\/\/www.interaccionnoticias.com.mx\/index.php?rest_route=%2Fwp%2Fv2%2Fcomments&post=56637"}],"version-history":[{"count":1,"href":"https:\/\/www.interaccionnoticias.com.mx\/index.php?rest_route=\/wp\/v2\/posts\/56637\/revisions"}],"predecessor-version":[{"id":56641,"href":"https:\/\/www.interaccionnoticias.com.mx\/index.php?rest_route=\/wp\/v2\/posts\/56637\/revisions\/56641"}],"wp:featuredmedia":[{"embeddable":true,"href":"https:\/\/www.interaccionnoticias.com.mx\/index.php?rest_route=\/wp\/v2\/media\/56638"}],"wp:attachment":[{"href":"https:\/\/www.interaccionnoticias.com.mx\/index.php?rest_route=%2Fwp%2Fv2%2Fmedia&parent=56637"}],"wp:term":[{"taxonomy":"category","embeddable":true,"href":"https:\/\/www.interaccionnoticias.com.mx\/index.php?rest_route=%2Fwp%2Fv2%2Fcategories&post=56637"},{"taxonomy":"post_tag","embeddable":true,"href":"https:\/\/www.interaccionnoticias.com.mx\/index.php?rest_route=%2Fwp%2Fv2%2Ftags&post=56637"}],"curies":[{"name":"wp","href":"https:\/\/api.w.org\/{rel}","templated":true}]}}