{"id":56619,"date":"2023-01-27T12:45:22","date_gmt":"2023-01-27T18:45:22","guid":{"rendered":"https:\/\/interaccionnoticias.com.mx\/?p=56619"},"modified":"2023-01-27T12:45:27","modified_gmt":"2023-01-27T18:45:27","slug":"padres-de-los-43-advierten-sobre-perdida-de-voluntad-en-el-gobierno-para-buscar-a-los-desaparecidos","status":"publish","type":"post","link":"https:\/\/www.interaccionnoticias.com.mx\/?p=56619","title":{"rendered":"Padres de los 43 advierten sobre \u00abp\u00e9rdida de voluntad\u00bb en el Gobierno para buscar a los desaparecidos"},"content":{"rendered":"\n<p><strong><em>&#8212; Ya no se les informa sobre la situaci\u00f3n de los \u00faltimos detenidos<\/em><\/strong><\/p>\n\n\n\n<p><strong>Jes\u00fas Dorantes<\/strong><\/p>\n\n\n\n<p><strong>Chilpancingo, Gro.-<\/strong> Los padres de los 43 normalistas desaparecidos de Ayotzinapa esperan desde octubre del 2022 a que se reanuden las reuniones mensuales con el presidente Andr\u00e9s Manuel L\u00f3pez Obrador, pues hasta la fecha no se les a entregado informaci\u00f3n sobre las nuevas detenciones, ni los avances en la investigaci\u00f3n del Gobierno Federal.<\/p>\n\n\n\n<p>El vocero de los padres de los 43, Melit\u00f3n Ortega Jim\u00e9nez dio a conocer que tras los 100 meses de la desaparici\u00f3n de los j\u00f3venes y la firma de un acuerdo para reanudar las reuniones con el presidente de la Rep\u00fablica desde el a\u00f1o pasado, durante los \u00faltimos cuatro meses no se les ha convocado a dialogar ni se les informan de los avances del caso.<\/p>\n\n\n\n<p>A pregunta expresa sobre la detenci\u00f3n de Alejandro Tenescalco, supervisor de la polic\u00eda de Iguala durante el ataque contra los estudiantes, Ortega Jim\u00e9nez asegur\u00f3 que no se les inform\u00f3 nada sobre el hecho, ni cuando se realiz\u00f3 ni tampoco durante la \u00faltima reuni\u00f3n con sus representantes legales.<\/p>\n\n\n\n<p>Dijo que existe el temor a que en base al \u00faltimo informe que present\u00f3 el Gobierno Federal, se intente dar por terminado el caso, al asegurar que no existen pruebas de que los 43 j\u00f3venes de la Normal Rural Ra\u00fal Isidro Burgos se encuentren con vida.<\/p>\n\n\n\n<p>Los jefes de familia agraviados mantienen la postura de que si no se muestran pruebas cient\u00edficas, o se localizan los restos de los j\u00f3venes, no desistir\u00e1n en el movimiento por la exigencia por la presentaci\u00f3n con vida de sus hijos.<\/p>\n\n\n\n<p>Advierte que hay el riesgo de que no haya voluntad en el Gobierno Federal por llegar a la verdad.<\/p>\n","protected":false},"excerpt":{"rendered":"<p>&#8212; Ya no se les informa sobre la situaci\u00f3n de los \u00faltimos detenidos Jes\u00fas Dorantes Chilpancingo, Gro.- Los padres de los 43 normalistas desaparecidos de Ayotzinapa esperan desde octubre del&hellip; <\/p>\n","protected":false},"author":8,"featured_media":56620,"comment_status":"open","ping_status":"open","sticky":false,"template":"","format":"standard","meta":{"fifu_image_url":"","fifu_image_alt":"","footnotes":""},"categories":[15],"tags":[],"class_list":["post-56619","post","type-post","status-publish","format-standard","has-post-thumbnail","hentry","category-movimientos-sociales"],"_links":{"self":[{"href":"https:\/\/www.interaccionnoticias.com.mx\/index.php?rest_route=\/wp\/v2\/posts\/56619","targetHints":{"allow":["GET"]}}],"collection":[{"href":"https:\/\/www.interaccionnoticias.com.mx\/index.php?rest_route=\/wp\/v2\/posts"}],"about":[{"href":"https:\/\/www.interaccionnoticias.com.mx\/index.php?rest_route=\/wp\/v2\/types\/post"}],"author":[{"embeddable":true,"href":"https:\/\/www.interaccionnoticias.com.mx\/index.php?rest_route=\/wp\/v2\/users\/8"}],"replies":[{"embeddable":true,"href":"https:\/\/www.interaccionnoticias.com.mx\/index.php?rest_route=%2Fwp%2Fv2%2Fcomments&post=56619"}],"version-history":[{"count":1,"href":"https:\/\/www.interaccionnoticias.com.mx\/index.php?rest_route=\/wp\/v2\/posts\/56619\/revisions"}],"predecessor-version":[{"id":56621,"href":"https:\/\/www.interaccionnoticias.com.mx\/index.php?rest_route=\/wp\/v2\/posts\/56619\/revisions\/56621"}],"wp:featuredmedia":[{"embeddable":true,"href":"https:\/\/www.interaccionnoticias.com.mx\/index.php?rest_route=\/wp\/v2\/media\/56620"}],"wp:attachment":[{"href":"https:\/\/www.interaccionnoticias.com.mx\/index.php?rest_route=%2Fwp%2Fv2%2Fmedia&parent=56619"}],"wp:term":[{"taxonomy":"category","embeddable":true,"href":"https:\/\/www.interaccionnoticias.com.mx\/index.php?rest_route=%2Fwp%2Fv2%2Fcategories&post=56619"},{"taxonomy":"post_tag","embeddable":true,"href":"https:\/\/www.interaccionnoticias.com.mx\/index.php?rest_route=%2Fwp%2Fv2%2Ftags&post=56619"}],"curies":[{"name":"wp","href":"https:\/\/api.w.org\/{rel}","templated":true}]}}