{"id":56616,"date":"2023-01-27T12:40:20","date_gmt":"2023-01-27T18:40:20","guid":{"rendered":"https:\/\/interaccionnoticias.com.mx\/?p=56616"},"modified":"2023-01-27T12:40:24","modified_gmt":"2023-01-27T18:40:24","slug":"reporta-la-secretaria-de-salud-256-casos-activos-de-covid-19-confirman-41-nuevos-y-una-defuncion-en-las-ultimas-24-horas","status":"publish","type":"post","link":"https:\/\/www.interaccionnoticias.com.mx\/?p=56616","title":{"rendered":"Reporta la Secretar\u00eda de Salud 256 casos activos de Covid-19; confirman 41 nuevos y una defunci\u00f3n en las \u00faltimas 24 horas"},"content":{"rendered":"\n<p><strong><em>&#8212; La dependencia reitera su llamado a la poblaci\u00f3n a mantener las medidas preventivas<br>&#8212; La pandemia de Covid-19 se concentra en 23 municipios del estado<\/em><\/strong><\/p>\n\n\n\n<p>Chilpancingo, Gro<strong>., 27 de enero 2023.-<\/strong> La Secretar\u00eda de Salud en la entidad, reiter\u00f3 su llamado a la poblaci\u00f3n a mantener las medidas de prevenci\u00f3n para detener el incremento de contagios del virus SARS-CoV-2, y a\u00f1adi\u00f3 que al 26 de enero hay 256 casos activos de Covid-19, de los cuales 41 y una defunci\u00f3n se confirmaron en las \u00faltimas 24 horas.<\/p>\n\n\n\n<p>Al dar a conocer el informe t\u00e9cnico del d\u00eda sobre el estado de la pandemia de Covid-19 en Guerrero, la dependencia estatal inform\u00f3 que desde su inicio, la entidad acumula 118,260 casos confirmados y 6,872 defunciones.<\/p>\n\n\n\n<p>Asimismo, detall\u00f3 que Guerrero registra casos activos en 23 municipios, siendo los principales Acapulco, con 89; Chilpancingo, 86; Iguala, 22; Taxco, 13; Tlapa, 11; Chilapa, 8; Zihuatanejo, 6; Eduardo Neri, 3; Arcelia, 2, y Buenavista de Cu\u00e9llar, 2.<\/p>\n\n\n\n<p>Por \u00faltimo, destac\u00f3 que entre las medidas preventivas se encuentran el uso correcto de cubrebocas en espacios cerrados y abiertos, mantener sana distancia de 1.5 metros, lavado constante de manos con agua y jab\u00f3n y\/o desinfecci\u00f3n con alcohol en gel al 70 por ciento, adem\u00e1s de evitar aglomeraciones.<\/p>\n","protected":false},"excerpt":{"rendered":"<p>&#8212; La dependencia reitera su llamado a la poblaci\u00f3n a mantener las medidas preventivas&#8212; La pandemia de Covid-19 se concentra en 23 municipios del estado Chilpancingo, Gro., 27 de enero&hellip; <\/p>\n","protected":false},"author":19,"featured_media":56617,"comment_status":"open","ping_status":"open","sticky":false,"template":"","format":"standard","meta":{"fifu_image_url":"","fifu_image_alt":"","footnotes":""},"categories":[3],"tags":[],"class_list":["post-56616","post","type-post","status-publish","format-standard","has-post-thumbnail","hentry","category-covid-19"],"_links":{"self":[{"href":"https:\/\/www.interaccionnoticias.com.mx\/index.php?rest_route=\/wp\/v2\/posts\/56616","targetHints":{"allow":["GET"]}}],"collection":[{"href":"https:\/\/www.interaccionnoticias.com.mx\/index.php?rest_route=\/wp\/v2\/posts"}],"about":[{"href":"https:\/\/www.interaccionnoticias.com.mx\/index.php?rest_route=\/wp\/v2\/types\/post"}],"author":[{"embeddable":true,"href":"https:\/\/www.interaccionnoticias.com.mx\/index.php?rest_route=\/wp\/v2\/users\/19"}],"replies":[{"embeddable":true,"href":"https:\/\/www.interaccionnoticias.com.mx\/index.php?rest_route=%2Fwp%2Fv2%2Fcomments&post=56616"}],"version-history":[{"count":1,"href":"https:\/\/www.interaccionnoticias.com.mx\/index.php?rest_route=\/wp\/v2\/posts\/56616\/revisions"}],"predecessor-version":[{"id":56618,"href":"https:\/\/www.interaccionnoticias.com.mx\/index.php?rest_route=\/wp\/v2\/posts\/56616\/revisions\/56618"}],"wp:featuredmedia":[{"embeddable":true,"href":"https:\/\/www.interaccionnoticias.com.mx\/index.php?rest_route=\/wp\/v2\/media\/56617"}],"wp:attachment":[{"href":"https:\/\/www.interaccionnoticias.com.mx\/index.php?rest_route=%2Fwp%2Fv2%2Fmedia&parent=56616"}],"wp:term":[{"taxonomy":"category","embeddable":true,"href":"https:\/\/www.interaccionnoticias.com.mx\/index.php?rest_route=%2Fwp%2Fv2%2Fcategories&post=56616"},{"taxonomy":"post_tag","embeddable":true,"href":"https:\/\/www.interaccionnoticias.com.mx\/index.php?rest_route=%2Fwp%2Fv2%2Ftags&post=56616"}],"curies":[{"name":"wp","href":"https:\/\/api.w.org\/{rel}","templated":true}]}}