{"id":56604,"date":"2023-01-26T19:58:04","date_gmt":"2023-01-27T01:58:04","guid":{"rendered":"https:\/\/interaccionnoticias.com.mx\/?p=56604"},"modified":"2023-01-26T19:58:09","modified_gmt":"2023-01-27T01:58:09","slug":"paran-labores-trabajadores-de-proteccion-civil-en-el-estado","status":"publish","type":"post","link":"https:\/\/www.interaccionnoticias.com.mx\/?p=56604","title":{"rendered":"Paran labores trabajadores de Protecci\u00f3n Civil en el Estado"},"content":{"rendered":"\n<p><strong>Jes\u00fas Dorantes<\/strong><\/p>\n\n\n\n<p>Chilpancingo, Gro.- Integrantes del Sindicato del Sindicato Estatal se Trabajadores de Protecci\u00f3n Civil pararon labores a nivel estado, en exigencia de la destituci\u00f3n del subsecretario de Secretar\u00eda de Gesti\u00f3n Integral de Riesgos y Protecci\u00f3n Civil Ricardo Ram\u00edrez Ibarra y de titular de finanzas de dicha dependencia V\u00edctor Parra.<\/p>\n\n\n\n<p>La jornada del jueves cientos de trabajadores operativos y bomberos de Protecci\u00f3n Civil se dieron cita en sus instalaciones ubicadas en el paseo Alejandro Cervantes Delgado, d\u00f3nde se pronunciaron en paro laboral , adem\u00e1s de instalar un campamento en sus instalaciones.<\/p>\n\n\n\n<p>El representante sindical \u00c1ngel Mart\u00ednez Reyes denunci\u00f3 al director de Finanzas V\u00edctor Parra por hostigamiento laboral y sexual hacia sus compa\u00f1eras, por lo que solicitaron su destituci\u00f3n y la del subsecretario Ricardo Ram\u00edrez.<\/p>\n\n\n\n<p>Adem\u00e1s de reiterar su petici\u00f3n de una mesa de trabajo con la gobernadora Evelyn Salgado Pineda, para solicitar la entrega de basificaciones y el bono de riesgo.<\/p>\n\n\n\n<p>Por lo que adem\u00e1s del paro de labores permanecer\u00e1n en plant\u00f3n en sus instalaciones hasta que exista un acuerdo.<\/p>\n","protected":false},"excerpt":{"rendered":"<p>Jes\u00fas Dorantes Chilpancingo, Gro.- Integrantes del Sindicato del Sindicato Estatal se Trabajadores de Protecci\u00f3n Civil pararon labores a nivel estado, en exigencia de la destituci\u00f3n del subsecretario de Secretar\u00eda de&hellip; <\/p>\n","protected":false},"author":8,"featured_media":56605,"comment_status":"open","ping_status":"open","sticky":false,"template":"","format":"standard","meta":{"fifu_image_url":"","fifu_image_alt":"","footnotes":""},"categories":[11],"tags":[],"class_list":["post-56604","post","type-post","status-publish","format-standard","has-post-thumbnail","hentry","category-guerrero"],"_links":{"self":[{"href":"https:\/\/www.interaccionnoticias.com.mx\/index.php?rest_route=\/wp\/v2\/posts\/56604","targetHints":{"allow":["GET"]}}],"collection":[{"href":"https:\/\/www.interaccionnoticias.com.mx\/index.php?rest_route=\/wp\/v2\/posts"}],"about":[{"href":"https:\/\/www.interaccionnoticias.com.mx\/index.php?rest_route=\/wp\/v2\/types\/post"}],"author":[{"embeddable":true,"href":"https:\/\/www.interaccionnoticias.com.mx\/index.php?rest_route=\/wp\/v2\/users\/8"}],"replies":[{"embeddable":true,"href":"https:\/\/www.interaccionnoticias.com.mx\/index.php?rest_route=%2Fwp%2Fv2%2Fcomments&post=56604"}],"version-history":[{"count":1,"href":"https:\/\/www.interaccionnoticias.com.mx\/index.php?rest_route=\/wp\/v2\/posts\/56604\/revisions"}],"predecessor-version":[{"id":56606,"href":"https:\/\/www.interaccionnoticias.com.mx\/index.php?rest_route=\/wp\/v2\/posts\/56604\/revisions\/56606"}],"wp:featuredmedia":[{"embeddable":true,"href":"https:\/\/www.interaccionnoticias.com.mx\/index.php?rest_route=\/wp\/v2\/media\/56605"}],"wp:attachment":[{"href":"https:\/\/www.interaccionnoticias.com.mx\/index.php?rest_route=%2Fwp%2Fv2%2Fmedia&parent=56604"}],"wp:term":[{"taxonomy":"category","embeddable":true,"href":"https:\/\/www.interaccionnoticias.com.mx\/index.php?rest_route=%2Fwp%2Fv2%2Fcategories&post=56604"},{"taxonomy":"post_tag","embeddable":true,"href":"https:\/\/www.interaccionnoticias.com.mx\/index.php?rest_route=%2Fwp%2Fv2%2Ftags&post=56604"}],"curies":[{"name":"wp","href":"https:\/\/api.w.org\/{rel}","templated":true}]}}