{"id":56587,"date":"2023-01-26T19:28:47","date_gmt":"2023-01-27T01:28:47","guid":{"rendered":"https:\/\/interaccionnoticias.com.mx\/?p=56587"},"modified":"2023-01-26T19:28:52","modified_gmt":"2023-01-27T01:28:52","slug":"en-buena-vista-de-la-salud-rinden-homenaje-a-mario-zamora","status":"publish","type":"post","link":"https:\/\/www.interaccionnoticias.com.mx\/?p=56587","title":{"rendered":"En Buena Vista de la Salud, rinden homenaje a Mario Zamora"},"content":{"rendered":"\n<p><strong><em>&#8212; El autodefensa y maestro de la CETEG, fue asesinado en la incursi\u00f3n de un grupo criminal<\/em><\/strong><\/p>\n\n\n\n<p><strong>Eduardo Yener Santos<\/strong><\/p>\n\n\n\n<p>Los integrantes de la autodefensa de Buena Vista de la Salud, municipio de Chilpancingo y maestros de la Coordinadora Estatal de Trabajadores de la Educaci\u00f3n en Guerrero (CETEG), rindieron un homenaje luctuoso al comandante Mario Zamora Maldonado, quien fue asesinado en enero del 2022 junto con otros cinco integrantes de la Uni\u00f3n de Pueblos y Organizaciones del Estado de Guerrero (UPOEG), cuando un grupo delictivo intent\u00f3 asumir el control de su base de operaciones.<\/p>\n\n\n\n<p>La actividad se desarroll\u00f3 el mediod\u00eda de este jueves 26 de enero, exactamente un a\u00f1o despu\u00e9s del ataque m\u00e1s violento registrado en la base de operaciones de la UPOEG en Buena Vista de la Salud.<\/p>\n\n\n\n<p>Hace apenas una semana, los integrantes de la autodefensa de dicha localidad dejaron las siglas de la Uni\u00f3n de Pueblos y se asumieron como integrantes de la Coordinadora Regional de Autoridades Comunitarias de los Pueblos Fundadores (CRAC-PF), cuya Casa de Justicia se ubica en Alcozac\u00e1n, en el municipio de Chilapa.<\/p>\n\n\n\n<p>Durante la ceremonia, los compa\u00f1eros de Mario Zamora reprocharon que a un a\u00f1o del asesinato, las autoridades encargadas de esclarecer los hechos no han informado ning\u00fan avance en las investigaciones, por lo que hasta el momento se desconoce oficialmente quienes son los perpetraron el ataque, en el que incluso se detonaron granadas y veh\u00edculos con blindaje artesanal.<\/p>\n\n\n\n<p>Los maestros de la CETEG que acudieron a la ceremonia manifestaron su respaldo a la autodefensa de la CRAC-PF, recordaron que Zamora Maldonado form\u00f3 parte de dicha expresi\u00f3n sindical y luch\u00f3 contra la reforma educativa del ex presidente Enrique Pe\u00f1a Nieto<\/p>\n\n\n\n<p>Celso \u00c1guila Le\u00f3n, quien habl\u00f3 a nombre de la CETEG, sostuvo que la demanda es que las autoridades, espec\u00edficamente la Fiscal\u00eda General del Estado (FGE), esclarezcan el asesinato de Mario Zamora y de los otros cinco asesinados<\/p>\n\n\n\n<p>En este acto se dio a conocer un corrido en honor a Mario Zamora, adem\u00e1s se coloc\u00f3 una ofrenda floral justo en el lugar donde perdi\u00f3 la vida.<\/p>\n\n\n\n<p>La ceremonia se desarroll\u00f3 sin complicaciones.<\/p>\n\n\n\n<figure class=\"wp-block-gallery columns-2 is-cropped wp-block-gallery-1 is-layout-flex wp-block-gallery-is-layout-flex\"><ul class=\"blocks-gallery-grid\"><li class=\"blocks-gallery-item\"><figure><img decoding=\"async\" src=\"data:image\/gif;base64,R0lGODlhAQABAIAAAAAAAP\/\/\/ywAAAAAAQABAAACAUwAOw==\" fifu-lazy=\"1\" fifu-data-sizes=\"auto\" fifu-data-srcset=\"https:\/\/i3.wp.com\/interaccionnoticias.com.mx\/wp-content\/uploads\/2023\/01\/230126-homenaje-Mario-Zamora-2-1024x683.jpg?ssl=1&w=75&resize=75&ssl=1 75w, https:\/\/i3.wp.com\/interaccionnoticias.com.mx\/wp-content\/uploads\/2023\/01\/230126-homenaje-Mario-Zamora-2-1024x683.jpg?ssl=1&w=100&resize=100&ssl=1 100w, https:\/\/i3.wp.com\/interaccionnoticias.com.mx\/wp-content\/uploads\/2023\/01\/230126-homenaje-Mario-Zamora-2-1024x683.jpg?ssl=1&w=150&resize=150&ssl=1 150w, https:\/\/i3.wp.com\/interaccionnoticias.com.mx\/wp-content\/uploads\/2023\/01\/230126-homenaje-Mario-Zamora-2-1024x683.jpg?ssl=1&w=240&resize=240&ssl=1 240w, https:\/\/i3.wp.com\/interaccionnoticias.com.mx\/wp-content\/uploads\/2023\/01\/230126-homenaje-Mario-Zamora-2-1024x683.jpg?ssl=1&w=320&resize=320&ssl=1 320w, https:\/\/i3.wp.com\/interaccionnoticias.com.mx\/wp-content\/uploads\/2023\/01\/230126-homenaje-Mario-Zamora-2-1024x683.jpg?ssl=1&w=500&resize=500&ssl=1 500w, https:\/\/i3.wp.com\/interaccionnoticias.com.mx\/wp-content\/uploads\/2023\/01\/230126-homenaje-Mario-Zamora-2-1024x683.jpg?ssl=1&w=640&resize=640&ssl=1 640w, https:\/\/i3.wp.com\/interaccionnoticias.com.mx\/wp-content\/uploads\/2023\/01\/230126-homenaje-Mario-Zamora-2-1024x683.jpg?ssl=1&w=800&resize=800&ssl=1 800w, https:\/\/i3.wp.com\/interaccionnoticias.com.mx\/wp-content\/uploads\/2023\/01\/230126-homenaje-Mario-Zamora-2-1024x683.jpg?ssl=1&w=1024&resize=1024&ssl=1 1024w, https:\/\/i3.wp.com\/interaccionnoticias.com.mx\/wp-content\/uploads\/2023\/01\/230126-homenaje-Mario-Zamora-2-1024x683.jpg?ssl=1&w=1280&resize=1280&ssl=1 1280w, https:\/\/i3.wp.com\/interaccionnoticias.com.mx\/wp-content\/uploads\/2023\/01\/230126-homenaje-Mario-Zamora-2-1024x683.jpg?ssl=1&w=1600&resize=1600&ssl=1 1600w\" fifu-data-src=\"https:\/\/i3.wp.com\/interaccionnoticias.com.mx\/wp-content\/uploads\/2023\/01\/230126-homenaje-Mario-Zamora-2-1024x683.jpg?ssl=1\" alt=\"\" data-id=\"56588\" data-full-url=\"https:\/\/interaccionnoticias.com.mx\/wp-content\/uploads\/2023\/01\/230126-homenaje-Mario-Zamora-2.jpg\" data-link=\"https:\/\/interaccionnoticias.com.mx\/?attachment_id=56588\" class=\"wp-image-56588\"\/><\/figure><\/li><li class=\"blocks-gallery-item\"><figure><img decoding=\"async\" src=\"data:image\/gif;base64,R0lGODlhAQABAIAAAAAAAP\/\/\/ywAAAAAAQABAAACAUwAOw==\" fifu-lazy=\"1\" fifu-data-sizes=\"auto\" fifu-data-srcset=\"https:\/\/i0.wp.com\/interaccionnoticias.com.mx\/wp-content\/uploads\/2023\/01\/230126-homenaje-Mario-Zamora-1-1024x683.jpg?ssl=1&w=75&resize=75&ssl=1 75w, https:\/\/i0.wp.com\/interaccionnoticias.com.mx\/wp-content\/uploads\/2023\/01\/230126-homenaje-Mario-Zamora-1-1024x683.jpg?ssl=1&w=100&resize=100&ssl=1 100w, https:\/\/i0.wp.com\/interaccionnoticias.com.mx\/wp-content\/uploads\/2023\/01\/230126-homenaje-Mario-Zamora-1-1024x683.jpg?ssl=1&w=150&resize=150&ssl=1 150w, https:\/\/i0.wp.com\/interaccionnoticias.com.mx\/wp-content\/uploads\/2023\/01\/230126-homenaje-Mario-Zamora-1-1024x683.jpg?ssl=1&w=240&resize=240&ssl=1 240w, https:\/\/i0.wp.com\/interaccionnoticias.com.mx\/wp-content\/uploads\/2023\/01\/230126-homenaje-Mario-Zamora-1-1024x683.jpg?ssl=1&w=320&resize=320&ssl=1 320w, https:\/\/i0.wp.com\/interaccionnoticias.com.mx\/wp-content\/uploads\/2023\/01\/230126-homenaje-Mario-Zamora-1-1024x683.jpg?ssl=1&w=500&resize=500&ssl=1 500w, https:\/\/i0.wp.com\/interaccionnoticias.com.mx\/wp-content\/uploads\/2023\/01\/230126-homenaje-Mario-Zamora-1-1024x683.jpg?ssl=1&w=640&resize=640&ssl=1 640w, https:\/\/i0.wp.com\/interaccionnoticias.com.mx\/wp-content\/uploads\/2023\/01\/230126-homenaje-Mario-Zamora-1-1024x683.jpg?ssl=1&w=800&resize=800&ssl=1 800w, https:\/\/i0.wp.com\/interaccionnoticias.com.mx\/wp-content\/uploads\/2023\/01\/230126-homenaje-Mario-Zamora-1-1024x683.jpg?ssl=1&w=1024&resize=1024&ssl=1 1024w, https:\/\/i0.wp.com\/interaccionnoticias.com.mx\/wp-content\/uploads\/2023\/01\/230126-homenaje-Mario-Zamora-1-1024x683.jpg?ssl=1&w=1280&resize=1280&ssl=1 1280w, https:\/\/i0.wp.com\/interaccionnoticias.com.mx\/wp-content\/uploads\/2023\/01\/230126-homenaje-Mario-Zamora-1-1024x683.jpg?ssl=1&w=1600&resize=1600&ssl=1 1600w\" fifu-data-src=\"https:\/\/i0.wp.com\/interaccionnoticias.com.mx\/wp-content\/uploads\/2023\/01\/230126-homenaje-Mario-Zamora-1-1024x683.jpg?ssl=1\" alt=\"\" data-id=\"56589\" data-full-url=\"https:\/\/interaccionnoticias.com.mx\/wp-content\/uploads\/2023\/01\/230126-homenaje-Mario-Zamora-1.jpg\" data-link=\"https:\/\/interaccionnoticias.com.mx\/?attachment_id=56589\" class=\"wp-image-56589\"\/><\/figure><\/li><\/ul><\/figure>\n","protected":false},"excerpt":{"rendered":"<p>&#8212; El autodefensa y maestro de la CETEG, fue asesinado en la incursi\u00f3n de un grupo criminal Eduardo Yener Santos Los integrantes de la autodefensa de Buena Vista de la&hellip; <\/p>\n","protected":false},"author":31,"featured_media":56589,"comment_status":"open","ping_status":"open","sticky":false,"template":"","format":"standard","meta":{"fifu_image_url":"","fifu_image_alt":"","footnotes":""},"categories":[29],"tags":[],"class_list":["post-56587","post","type-post","status-publish","format-standard","has-post-thumbnail","hentry","category-sociedad"],"_links":{"self":[{"href":"https:\/\/www.interaccionnoticias.com.mx\/index.php?rest_route=\/wp\/v2\/posts\/56587","targetHints":{"allow":["GET"]}}],"collection":[{"href":"https:\/\/www.interaccionnoticias.com.mx\/index.php?rest_route=\/wp\/v2\/posts"}],"about":[{"href":"https:\/\/www.interaccionnoticias.com.mx\/index.php?rest_route=\/wp\/v2\/types\/post"}],"author":[{"embeddable":true,"href":"https:\/\/www.interaccionnoticias.com.mx\/index.php?rest_route=\/wp\/v2\/users\/31"}],"replies":[{"embeddable":true,"href":"https:\/\/www.interaccionnoticias.com.mx\/index.php?rest_route=%2Fwp%2Fv2%2Fcomments&post=56587"}],"version-history":[{"count":1,"href":"https:\/\/www.interaccionnoticias.com.mx\/index.php?rest_route=\/wp\/v2\/posts\/56587\/revisions"}],"predecessor-version":[{"id":56590,"href":"https:\/\/www.interaccionnoticias.com.mx\/index.php?rest_route=\/wp\/v2\/posts\/56587\/revisions\/56590"}],"wp:featuredmedia":[{"embeddable":true,"href":"https:\/\/www.interaccionnoticias.com.mx\/index.php?rest_route=\/wp\/v2\/media\/56589"}],"wp:attachment":[{"href":"https:\/\/www.interaccionnoticias.com.mx\/index.php?rest_route=%2Fwp%2Fv2%2Fmedia&parent=56587"}],"wp:term":[{"taxonomy":"category","embeddable":true,"href":"https:\/\/www.interaccionnoticias.com.mx\/index.php?rest_route=%2Fwp%2Fv2%2Fcategories&post=56587"},{"taxonomy":"post_tag","embeddable":true,"href":"https:\/\/www.interaccionnoticias.com.mx\/index.php?rest_route=%2Fwp%2Fv2%2Ftags&post=56587"}],"curies":[{"name":"wp","href":"https:\/\/api.w.org\/{rel}","templated":true}]}}