{"id":56584,"date":"2023-01-26T19:23:57","date_gmt":"2023-01-27T01:23:57","guid":{"rendered":"https:\/\/interaccionnoticias.com.mx\/?p=56584"},"modified":"2023-01-26T19:24:01","modified_gmt":"2023-01-27T01:24:01","slug":"la-sedepia-impartio-cursos-y-talleres-de-capacitacion-sobre-los-derechos-de-los-indigenas-y-afromexicanas-del-estado","status":"publish","type":"post","link":"https:\/\/www.interaccionnoticias.com.mx\/?p=56584","title":{"rendered":"La SEDEPIA imparti\u00f3 cursos y talleres de capacitaci\u00f3n sobre los derechos de los ind\u00edgenas y afromexicanas del estado"},"content":{"rendered":"\n<p><strong><em>&#8212; El objetivo, es que las mujeres y hombres de comunidades ind\u00edgenas conozcan sus derechos<\/em><\/strong><\/p>\n\n\n\n<p><strong>Chilpancingo, Gro., 26 de e<\/strong>nero de 2023.- Con el prop\u00f3sito de garantizar los derechos de los habitantes de poblaciones ind\u00edgenas y afromexicanas del estado, la Secretar\u00eda para el Desarrollo de los Pueblos Ind\u00edgenas y Afromexicanos (SEDEPIA), imparti\u00f3 durante el a\u00f1o 2022, distintos cursos y talleres de capacitaci\u00f3n sobre estos temas, que se llevaron a cabo con la participaci\u00f3n de ciudadanos y autoridades locales.<\/p>\n\n\n\n<p>Bernab\u00e9 V\u00e1zquez Morales, director Jur\u00eddico de la SEDEPIA, se\u00f1al\u00f3 que estas acciones, son parte de la pol\u00edtica social que impulsa la actual administraci\u00f3n estatal que encabeza la gobernadora Evelyn Salgado Pineda, que tiene a las poblaciones ind\u00edgenas y afromexicanas como una prioridad en su atenci\u00f3n, y que la titular de la SEDEPIA, Reyna Mej\u00eda Morales, interpreta y da cauce a estos trabajos.<\/p>\n\n\n\n<p>En este sentido, indic\u00f3 que, durante el 2022, se llevaron a cabo distintos talleres de capacitaci\u00f3n sobre el \u201cImpulso de los Derechos Ind\u00edgenas y Afromexicanos\u201d, que fueron impartidos por personal especializado en el tema, y que tuvieron como sede los municipios de Cuajinicuilapa, Ayutla de los libres y Tlacoapa.<\/p>\n\n\n\n<p>Asimismo, indic\u00f3 que, en las comunidades de El Camalote, municipio de Ayutla de los Libres, Guadalupe Victoria municipio de Xochistlahuaca; San Mart\u00edn Tecorrales, municipio de Olinal\u00e1, y la cabecera municipal de Acatepec, se llev\u00f3 a cabo el taller de \u201cMujeres Ind\u00edgenas y Afromexicanas por una Vida Libre de Violencia\u201d, que cont\u00f3 con la participaci\u00f3n de mujeres y autoridades locales.<\/p>\n\n\n\n<p>Agreg\u00f3 que, para prevenir la incidencia de matrimonios entre adolescentes, en las comunidades de Villa de Guadalupe, municipio, Metlatonoc; Cahua\u00f1a\u00f1a, municipio, Cochoapa el Grande; Buenavista, municipio de San Luis Acatl\u00e1n, y la cabecera de municipio de Tlacoachistlahuaca, se imparti\u00f3 en taller de \u201cSensibilizaci\u00f3n para la Prevenci\u00f3n de Matrimonios y Uni\u00f3n Infantil Temprana\u201d.<\/p>\n\n\n\n<p>Por \u00faltimo, indic\u00f3 que actualmente se encuentra en proceso de elaboraci\u00f3n la programaci\u00f3n de cursos y talleres de capacitaci\u00f3n sobre estos y otros temas para el 2023, que se llevar\u00e1n a cabo de acuerdo a la liberaci\u00f3n de los recursos destinados para este fin, y que se tomar\u00e1 en cuenta, los municipios con poblaci\u00f3n ind\u00edgena y afromexicana que no se hayan considerado con anterioridad.<\/p>\n","protected":false},"excerpt":{"rendered":"<p>&#8212; El objetivo, es que las mujeres y hombres de comunidades ind\u00edgenas conozcan sus derechos Chilpancingo, Gro., 26 de enero de 2023.- Con el prop\u00f3sito de garantizar los derechos de&hellip; <\/p>\n","protected":false},"author":19,"featured_media":56585,"comment_status":"open","ping_status":"open","sticky":false,"template":"","format":"standard","meta":{"fifu_image_url":"","fifu_image_alt":"","footnotes":""},"categories":[11],"tags":[],"class_list":["post-56584","post","type-post","status-publish","format-standard","has-post-thumbnail","hentry","category-guerrero"],"_links":{"self":[{"href":"https:\/\/www.interaccionnoticias.com.mx\/index.php?rest_route=\/wp\/v2\/posts\/56584","targetHints":{"allow":["GET"]}}],"collection":[{"href":"https:\/\/www.interaccionnoticias.com.mx\/index.php?rest_route=\/wp\/v2\/posts"}],"about":[{"href":"https:\/\/www.interaccionnoticias.com.mx\/index.php?rest_route=\/wp\/v2\/types\/post"}],"author":[{"embeddable":true,"href":"https:\/\/www.interaccionnoticias.com.mx\/index.php?rest_route=\/wp\/v2\/users\/19"}],"replies":[{"embeddable":true,"href":"https:\/\/www.interaccionnoticias.com.mx\/index.php?rest_route=%2Fwp%2Fv2%2Fcomments&post=56584"}],"version-history":[{"count":1,"href":"https:\/\/www.interaccionnoticias.com.mx\/index.php?rest_route=\/wp\/v2\/posts\/56584\/revisions"}],"predecessor-version":[{"id":56586,"href":"https:\/\/www.interaccionnoticias.com.mx\/index.php?rest_route=\/wp\/v2\/posts\/56584\/revisions\/56586"}],"wp:featuredmedia":[{"embeddable":true,"href":"https:\/\/www.interaccionnoticias.com.mx\/index.php?rest_route=\/wp\/v2\/media\/56585"}],"wp:attachment":[{"href":"https:\/\/www.interaccionnoticias.com.mx\/index.php?rest_route=%2Fwp%2Fv2%2Fmedia&parent=56584"}],"wp:term":[{"taxonomy":"category","embeddable":true,"href":"https:\/\/www.interaccionnoticias.com.mx\/index.php?rest_route=%2Fwp%2Fv2%2Fcategories&post=56584"},{"taxonomy":"post_tag","embeddable":true,"href":"https:\/\/www.interaccionnoticias.com.mx\/index.php?rest_route=%2Fwp%2Fv2%2Ftags&post=56584"}],"curies":[{"name":"wp","href":"https:\/\/api.w.org\/{rel}","templated":true}]}}