{"id":5657,"date":"2017-06-22T19:16:02","date_gmt":"2017-06-23T00:16:02","guid":{"rendered":"http:\/\/www.inter-accion.com.mx\/?p=5657"},"modified":"2017-06-22T19:16:02","modified_gmt":"2017-06-23T00:16:02","slug":"alerta-de-genero-que-emitio-astudillo-no-es-legal-senalan-feministas","status":"publish","type":"post","link":"https:\/\/www.interaccionnoticias.com.mx\/?p=5657","title":{"rendered":"Alerta de g\u00e9nero que emiti\u00f3 Astudillo no es legal, se\u00f1alan feministas"},"content":{"rendered":"<p>Representantes de organizaciones feministas, se\u00f1alaron que la declaratoria de Alerta de Violencia de G\u00e9nero (AVG) que emiti\u00f3 el gobernador H\u00e9ctor Astudillo Flores, no fue legal.<br \/>\nLa solicitante de la AVG, Marina Reyna Aguilar asegur\u00f3 que el titular del ejecutivo local ya ten\u00eda conocimiento de que el mecanismo ser\u00eda decretado este jueves y \u00fanicamente se anticip\u00f3.<br \/>\nEl d\u00eda mi\u00e9rcoles, en un acto protocolario el gobernador H\u00e9ctor Astudillo Flores activ\u00f3 en Guerrero la AVG, y present\u00f3 7 acciones emergentes para detener la violencia contra las mujeres.<br \/>\nSin embargo, el decreto que lleg\u00f3 este jueves al gobierno estatal y a la solicitante del mecanismo, el cual estaba firmado por la titular de la CONAVIM, Alejandra Negrete Morayta, contiene hasta 40 acciones emergentes.<br \/>\nHace casi un a\u00f1o, la Alianza Feminista solicit\u00f3 a la Comisi\u00f3n Nacional para Prevenir y Erradicar la Violencia contra las Mujeres (CONAVIM), la declaratoria de AVG en 8 municipios de Guerrero, los cuales concentran los \u00edndices m\u00e1s altos en cuanto a agresiones contra mujeres.&nbsp;<br \/>\nLos 8 municipios son Acapulco, Chilpancingo, Coyuca de Catal\u00e1n, Tlapa, Ayutla de los Libres, Ometepec y Jos\u00e9 Azueta.<br \/>\nUna vez que el gobierno entreg\u00f3 a la CONAVIM, el informe de cumplimiento de las recomendaciones que hizo el Grupo de Trabajo para atender la AVG, el grupo interdisciplinario tendr\u00eda que analizar la activaci\u00f3n del mecanismo.<br \/>\nEl hecho de que el gobernador activara anticipadamente la alerta en los 8 municipios, es positivo porque reconoce el problema feminicidios, aunque por otro lado, expone que las instancias y ayuntamientos no cumplieron con las recomendaciones, se\u00f1al\u00f3 Marina Reyna.<br \/>\nEl a\u00f1o pasado, la Asociaci\u00f3n Guerrerense contra la Violencia hacia las Mujeres (AGVM) contabiliz\u00f3 m\u00e1s de 190 asesinatos de mujeres.<br \/>\nMientras que en el primer semestre de 2017, se registraron 50 asesinatos dolosos.<br \/>\nAnte esa situaci\u00f3n de violencia contra mujeres, una de las peticiones del AGVM fue que se instale de forma permanente el Consejo Estatal para Prevenir, Atender, y Erradicar la Violencia contra las Mujeres.<br \/>\nA partir de este jueves 23 de junio, y durante 10 d\u00edas h\u00e1biles, el gobierno del estado entregar\u00e1 a la CONAVIM un plan de actividades para revertir los \u00edndices de violencia contra las mujeres.<br \/>\nEl Grupo de Trabajo se convertir\u00e1 en un grupo multidisciplinario, que observar\u00e1 y dar\u00e1 seguimiento a las acciones contempladas dentro del mecanismo.<br \/>\n\u00abLa AVG no desaparecer\u00e1 la violencia contra las mujeres, sin embargo visibilizar\u00e1 la problem\u00e1tica y ayudar\u00e1 a reformar leyes con perspectiva de g\u00e9nero y destinar presupuesto para el desarrollo de otras acciones\u00bb, concluy\u00f3 Reyna Aguilar.<br \/>\n&nbsp;<\/p>\n","protected":false},"excerpt":{"rendered":"<p>Representantes de organizaciones feministas, se\u00f1alaron que la declaratoria de Alerta de Violencia de G\u00e9nero (AVG) que emiti\u00f3 el gobernador H\u00e9ctor Astudillo Flores, no fue legal. La solicitante de la AVG,&hellip; <\/p>\n","protected":false},"author":1,"featured_media":0,"comment_status":"closed","ping_status":"closed","sticky":false,"template":"","format":"standard","meta":{"fifu_image_url":"","fifu_image_alt":"","footnotes":""},"categories":[8,15],"tags":[],"class_list":["post-5657","post","type-post","status-publish","format-standard","hentry","category-featured","category-movimientos-sociales"],"_links":{"self":[{"href":"https:\/\/www.interaccionnoticias.com.mx\/index.php?rest_route=\/wp\/v2\/posts\/5657","targetHints":{"allow":["GET"]}}],"collection":[{"href":"https:\/\/www.interaccionnoticias.com.mx\/index.php?rest_route=\/wp\/v2\/posts"}],"about":[{"href":"https:\/\/www.interaccionnoticias.com.mx\/index.php?rest_route=\/wp\/v2\/types\/post"}],"author":[{"embeddable":true,"href":"https:\/\/www.interaccionnoticias.com.mx\/index.php?rest_route=\/wp\/v2\/users\/1"}],"replies":[{"embeddable":true,"href":"https:\/\/www.interaccionnoticias.com.mx\/index.php?rest_route=%2Fwp%2Fv2%2Fcomments&post=5657"}],"version-history":[{"count":0,"href":"https:\/\/www.interaccionnoticias.com.mx\/index.php?rest_route=\/wp\/v2\/posts\/5657\/revisions"}],"wp:attachment":[{"href":"https:\/\/www.interaccionnoticias.com.mx\/index.php?rest_route=%2Fwp%2Fv2%2Fmedia&parent=5657"}],"wp:term":[{"taxonomy":"category","embeddable":true,"href":"https:\/\/www.interaccionnoticias.com.mx\/index.php?rest_route=%2Fwp%2Fv2%2Fcategories&post=5657"},{"taxonomy":"post_tag","embeddable":true,"href":"https:\/\/www.interaccionnoticias.com.mx\/index.php?rest_route=%2Fwp%2Fv2%2Ftags&post=5657"}],"curies":[{"name":"wp","href":"https:\/\/api.w.org\/{rel}","templated":true}]}}